{"id":52523,"date":"2025-04-11T21:19:53","date_gmt":"2025-04-12T00:19:53","guid":{"rendered":"https:\/\/radiorevelacionfm.cl\/?p=52523"},"modified":"2025-04-11T21:19:53","modified_gmt":"2025-04-12T00:19:53","slug":"sandoval-por-proceso-definicion-nuevo-rector-cft-estatal-de-aysen-deben-primar-los-meritos-academicos-por-sobre-cualquier-otra-consideracion","status":"publish","type":"post","link":"https:\/\/radiorevelacionfm.cl\/?p=52523","title":{"rendered":"Sandoval por proceso definici\u00f3n nuevo rector CFT Estatal de Ays\u00e9n: \u201cDeben primar los m\u00e9ritos acad\u00e9micos por sobre cualquier otra consideraci\u00f3n\u201d"},"content":{"rendered":"<div class=\"flex_column av_one_full  flex_column_div av-zero-column-padding first  avia-builder-el-0  el_before_av_one_full  avia-builder-el-first  \" style='border-radius:0px; '><div  class='avia-image-container  av-styling-    avia-builder-el-1  avia-builder-el-no-sibling  avia-align-center '  itemprop=\"image\" itemscope=\"itemscope\" itemtype=\"https:\/\/schema.org\/ImageObject\"  ><div class='avia-image-container-inner'><div class='avia-image-overlay-wrap'><img decoding=\"async\" class='wp-image-52524 avia-img-lazy-loading-not-52524 avia_image' src=\"https:\/\/radiorevelacionfm.cl\/wp-content\/uploads\/2025\/04\/senador-sandoval-10_optimized.04.2025-1.jpg\" alt='' title='senador-sandoval-10_optimized.04.2025-(1)' height=\"600\" width=\"900\"  itemprop=\"thumbnailUrl\" srcset=\"https:\/\/radiorevelacionfm.cl\/wp-content\/uploads\/2025\/04\/senador-sandoval-10_optimized.04.2025-1.jpg 900w, https:\/\/radiorevelacionfm.cl\/wp-content\/uploads\/2025\/04\/senador-sandoval-10_optimized.04.2025-1-300x200.jpg 300w, https:\/\/radiorevelacionfm.cl\/wp-content\/uploads\/2025\/04\/senador-sandoval-10_optimized.04.2025-1-768x512.jpg 768w, https:\/\/radiorevelacionfm.cl\/wp-content\/uploads\/2025\/04\/senador-sandoval-10_optimized.04.2025-1-705x470.jpg 705w, https:\/\/radiorevelacionfm.cl\/wp-content\/uploads\/2025\/04\/senador-sandoval-10_optimized.04.2025-1-450x300.jpg 450w, https:\/\/radiorevelacionfm.cl\/wp-content\/uploads\/2025\/04\/senador-sandoval-10_optimized.04.2025-1-600x400.jpg 600w\" sizes=\"(max-width: 900px) 100vw, 900px\" \/><\/div><\/div><\/div><\/div><div class=\"flex_column av_one_full  flex_column_div av-zero-column-padding first  avia-builder-el-2  el_after_av_one_full  el_before_av_one_full  column-top-margin\" style='border-radius:0px; '><section class=\"av_textblock_section \"  itemscope=\"itemscope\" itemtype=\"https:\/\/schema.org\/BlogPosting\" itemprop=\"blogPost\" ><div class='avia_textblock  '   itemprop=\"text\" ><p style=\"text-align: center;\"><span style=\"font-size: 18pt;\"><strong>Sandoval por proceso definici\u00f3n nuevo rector CFT Estatal de Ays\u00e9n: <\/strong><strong>\u201cDeben primar los m\u00e9ritos acad\u00e9micos por sobre cualquier otra consideraci\u00f3n\u201d<\/strong><\/span><\/p>\n<div id=\"gtx-trans\" style=\"position: absolute; left: -50px; top: 4.31534px;\">\n<div class=\"gtx-trans-icon\"><\/div>\n<\/div>\n<\/div><\/section><\/div><div class=\"flex_column av_one_full  flex_column_div av-zero-column-padding first  avia-builder-el-4  el_after_av_one_full  el_before_av_hr  column-top-margin\" style='border-radius:0px; '><section class=\"av_textblock_section \"  itemscope=\"itemscope\" itemtype=\"https:\/\/schema.org\/BlogPosting\" itemprop=\"blogPost\" ><div class='avia_textblock  '   itemprop=\"text\" ><p style=\"text-align: justify;\"><em>Parlamentario dijo que esta entidad acad\u00e9mica no se puede transformar en un nicho pol\u00edtico \u201cy no repetir los dram\u00e1ticos hechos que pasaron con la Universidad de Ays\u00e9n\u201d.<\/em><\/p>\n<p style=\"text-align: justify;\">\u201cEste es un centro donde deben primar esencialmente los m\u00e9ritos acad\u00e9micos por sobre cualquier otra consideraci\u00f3n\u201d. As\u00ed lo se\u00f1al\u00f3 el senador David Sandoval al referirse a la incertidumbre que existe en el proceso de definici\u00f3n del nuevo rector del Centro de Formaci\u00f3n T\u00e9cnica Estatal de Ays\u00e9n.<\/p>\n<p style=\"text-align: justify;\">En ese contexto, el parlamentario destac\u00f3 la anterior administraci\u00f3n del establecimiento, encabezada por V\u00edctor Hugo \u00c1lvarez, resaltando que se hab\u00eda cumplido un trabajo meritorio desde la instalaci\u00f3n, con una buena administraci\u00f3n financiera, proyecci\u00f3n hacia otras localidades y una vinculaci\u00f3n estrecha con las actividades productivas de la zona. \u201c(Todo lo contrario) a lo que pas\u00f3 con la Universidad de Ays\u00e9n, con un manejo politizado, de gran deterioro y de una afectaci\u00f3n profunda\u201d, indic\u00f3.<\/p>\n<p style=\"text-align: justify;\">Sandoval recalc\u00f3 que aqu\u00ed lo que est\u00e1 en juego es el futuro de los j\u00f3venes y estudiantes \u201cque en este establecimiento quieren encontrar una oportunidad para desarrollar su proyecto de vida, a trav\u00e9s de la formaci\u00f3n\u201d, agregando que all\u00ed est\u00e1n radicados los sue\u00f1os de las familias \u201cpor ver que sus hijos tengan otro nivel de oportunidades y eso solamente se da con una mayor formaci\u00f3n y el CFT cumple un rol fundamental en ese sentido\u201d.<\/p>\n<p style=\"text-align: justify;\">Por lo mismo es que el legislador hizo un llamado al ministro de Educaci\u00f3n, Nicol\u00e1s Cataldo, para que \u201cse tenga especial cuidado en la elecci\u00f3n de qui\u00e9nes van a asumir la conducci\u00f3n de un centro de educaci\u00f3n superior como este, porque en la regi\u00f3n es un lujo tenerlo\u201d, enfatizando que una entidad acad\u00e9mica de esta naturaleza no se puede transformar \u201cen un nicho pol\u00edtico\u201d, para as\u00ed no repetir \u201clos dram\u00e1ticos hechos que pasaron con la Universidad de Ays\u00e9n, que hoy est\u00e1 con una administraci\u00f3n provisional\u201d.<\/p>\n<p style=\"text-align: justify;\">De ah\u00ed la relevancia, subray\u00f3, que las autoridades entiendan que la definici\u00f3n de la nueva rector\u00eda debe considerar los m\u00e9ritos acad\u00e9micos, pues record\u00f3 que \u201clo que pas\u00f3 con la Universidad es un ejemplo lamentable, pero irrepetible en una regi\u00f3n como la nuestra\u201d.<\/p>\n<p style=\"text-align: justify;\">Finalmente, el parlamentario valor\u00f3 lo que se ha logrado hasta ahora en el CFT, el cual inaugur\u00f3 en los \u00faltimos d\u00edas su a\u00f1o acad\u00e9mico 2025.<\/p>\n<\/div><\/section><\/div><div  style='height:50px' class='hr hr-invisible   avia-builder-el-6  el_after_av_one_full  el_before_av_social_share '><span class='hr-inner ' ><span class='hr-inner-style'><\/span><\/span><\/div><\/p>\n<div  class='av-social-sharing-box  avia-builder-el-7  el_after_av_hr  el_before_av_hr  '><div class='av-share-box'><h5 class='av-share-link-description av-no-toc '>Compartir esta noticia<\/h5><ul class='av-share-box-list noLightbox'><li class='av-share-link av-social-link-facebook' ><a target=\"_blank\" aria-label=\"Compartir en Facebook\" href='https:\/\/www.facebook.com\/sharer.php?u=https:\/\/radiorevelacionfm.cl\/?p=52523&#038;t=Sandoval%20por%20proceso%20definici%C3%B3n%20nuevo%20rector%20CFT%20Estatal%20de%20Ays%C3%A9n%3A%20%E2%80%9CDeben%20primar%20los%20m%C3%A9ritos%20acad%C3%A9micos%20por%20sobre%20cualquier%20otra%20consideraci%C3%B3n%E2%80%9D' aria-hidden='false' data-av_icon='\ue8f3' data-av_iconfont='entypo-fontello' title='' data-avia-related-tooltip='Compartir en Facebook' rel=\"noopener\"><span class='avia_hidden_link_text'>Compartir en Facebook<\/span><\/a><\/li><li class='av-share-link av-social-link-twitter' ><a target=\"_blank\" aria-label=\"Compartir en Twitter\" href='https:\/\/twitter.com\/share?text=Sandoval%20por%20proceso%20definici%C3%B3n%20nuevo%20rector%20CFT%20Estatal%20de%20Ays%C3%A9n%3A%20%E2%80%9CDeben%20primar%20los%20m%C3%A9ritos%20acad%C3%A9micos%20por%20sobre%20cualquier%20otra%20consideraci%C3%B3n%E2%80%9D&#038;url=https:\/\/radiorevelacionfm.cl\/?p=52523' aria-hidden='false' data-av_icon='\ue8f1' data-av_iconfont='entypo-fontello' title='' data-avia-related-tooltip='Compartir en Twitter' rel=\"noopener\"><span class='avia_hidden_link_text'>Compartir en Twitter<\/span><\/a><\/li><li class='av-share-link av-social-link-whatsapp' ><a target=\"_blank\" aria-label=\"Compartir en Whatsapp\" href='https:\/\/api.whatsapp.com\/send?text=https:\/\/radiorevelacionfm.cl\/?p=52523' aria-hidden='false' data-av_icon='\uf232' data-av_iconfont='entypo-fontello' title='' data-avia-related-tooltip='Compartir en Whatsapp' rel=\"noopener\"><span class='avia_hidden_link_text'>Compartir en Whatsapp<\/span><\/a><\/li><li class='av-share-link av-social-link-linkedin' ><a target=\"_blank\" aria-label=\"Compartir en LinkedIn\" href='https:\/\/linkedin.com\/shareArticle?mini=true&#038;title=Sandoval%20por%20proceso%20definici%C3%B3n%20nuevo%20rector%20CFT%20Estatal%20de%20Ays%C3%A9n%3A%20%E2%80%9CDeben%20primar%20los%20m%C3%A9ritos%20acad%C3%A9micos%20por%20sobre%20cualquier%20otra%20consideraci%C3%B3n%E2%80%9D&#038;url=https:\/\/radiorevelacionfm.cl\/?p=52523' aria-hidden='false' data-av_icon='\ue8fc' data-av_iconfont='entypo-fontello' title='' data-avia-related-tooltip='Compartir en LinkedIn' rel=\"noopener\"><span class='avia_hidden_link_text'>Compartir en LinkedIn<\/span><\/a><\/li><li class='av-share-link av-social-link-mail' ><a  aria-label=\"Compartir por correo\" href='mailto:?subject=Sandoval%20por%20proceso%20definici%C3%B3n%20nuevo%20rector%20CFT%20Estatal%20de%20Ays%C3%A9n%3A%20%E2%80%9CDeben%20primar%20los%20m%C3%A9ritos%20acad%C3%A9micos%20por%20sobre%20cualquier%20otra%20consideraci%C3%B3n%E2%80%9D&#038;body=https:\/\/radiorevelacionfm.cl\/?p=52523' aria-hidden='false' data-av_icon='\ue805' data-av_iconfont='entypo-fontello' title='' data-avia-related-tooltip='Compartir por correo'><span class='avia_hidden_link_text'>Compartir por correo<\/span><\/a><\/li><\/ul><\/div><\/div>\n<div  style='height:50px' class='hr hr-invisible   avia-builder-el-8  el_after_av_social_share  el_before_av_comments_list '><span class='hr-inner ' ><span class='hr-inner-style'><\/span><\/span><\/div>\n<div  class='av-buildercomment  av-blog-meta-html-info-disabled av-blog-meta-tag-disabled  '><\/div>\n","protected":false},"excerpt":{"rendered":"","protected":false},"author":1,"featured_media":52524,"comment_status":"closed","ping_status":"closed","sticky":false,"template":"","format":"standard","meta":{"footnotes":""},"categories":[38],"tags":[],"class_list":["post-52523","post","type-post","status-publish","format-standard","has-post-thumbnail","hentry","category-regional"],"jetpack_featured_media_url":"https:\/\/radiorevelacionfm.cl\/wp-content\/uploads\/2025\/04\/senador-sandoval-10_optimized.04.2025-1.jpg","_links":{"self":[{"href":"https:\/\/radiorevelacionfm.cl\/index.php?rest_route=\/wp\/v2\/posts\/52523","targetHints":{"allow":["GET"]}}],"collection":[{"href":"https:\/\/radiorevelacionfm.cl\/index.php?rest_route=\/wp\/v2\/posts"}],"about":[{"href":"https:\/\/radiorevelacionfm.cl\/index.php?rest_route=\/wp\/v2\/types\/post"}],"author":[{"embeddable":true,"href":"https:\/\/radiorevelacionfm.cl\/index.php?rest_route=\/wp\/v2\/users\/1"}],"replies":[{"embeddable":true,"href":"https:\/\/radiorevelacionfm.cl\/index.php?rest_route=%2Fwp%2Fv2%2Fcomments&post=52523"}],"version-history":[{"count":2,"href":"https:\/\/radiorevelacionfm.cl\/index.php?rest_route=\/wp\/v2\/posts\/52523\/revisions"}],"predecessor-version":[{"id":52588,"href":"https:\/\/radiorevelacionfm.cl\/index.php?rest_route=\/wp\/v2\/posts\/52523\/revisions\/52588"}],"wp:featuredmedia":[{"embeddable":true,"href":"https:\/\/radiorevelacionfm.cl\/index.php?rest_route=\/wp\/v2\/media\/52524"}],"wp:attachment":[{"href":"https:\/\/radiorevelacionfm.cl\/index.php?rest_route=%2Fwp%2Fv2%2Fmedia&parent=52523"}],"wp:term":[{"taxonomy":"category","embeddable":true,"href":"https:\/\/radiorevelacionfm.cl\/index.php?rest_route=%2Fwp%2Fv2%2Fcategories&post=52523"},{"taxonomy":"post_tag","embeddable":true,"href":"https:\/\/radiorevelacionfm.cl\/index.php?rest_route=%2Fwp%2Fv2%2Ftags&post=52523"}],"curies":[{"name":"wp","href":"https:\/\/api.w.org\/{rel}","templated":true}]}}