{"id":52520,"date":"2025-04-10T18:21:32","date_gmt":"2025-04-10T21:21:32","guid":{"rendered":"https:\/\/radiorevelacionfm.cl\/?p=52520"},"modified":"2025-04-10T18:21:32","modified_gmt":"2025-04-10T21:21:32","slug":"indap-aysen-extiende-convocatoria-de-mi-primer-negocio-rural-hasta-el-17-de-abril","status":"publish","type":"post","link":"https:\/\/radiorevelacionfm.cl\/?p=52520","title":{"rendered":"Indap Ays\u00e9n extiende convocatoria de \u00abMi Primer Negocio Rural\u00bb hasta el 17 de abril"},"content":{"rendered":"<div class=\"flex_column av_one_full  flex_column_div av-zero-column-padding first  avia-builder-el-0  el_before_av_one_full  avia-builder-el-first  \" style='border-radius:0px; '><div  class='avia-image-container  av-styling-    avia-builder-el-1  avia-builder-el-no-sibling  avia-align-center '  itemprop=\"image\" itemscope=\"itemscope\" itemtype=\"https:\/\/schema.org\/ImageObject\"  ><div class='avia-image-container-inner'><div class='avia-image-overlay-wrap'><img decoding=\"async\" class='wp-image-52521 avia-img-lazy-loading-not-52521 avia_image' src=\"https:\/\/radiorevelacionfm.cl\/wp-content\/uploads\/2025\/04\/extension-convocatoria-mpnr-1_optimized-1.jpg\" alt='' title='extension-convocatoria-mpnr-(1)_optimized (1)' height=\"1000\" width=\"800\"  itemprop=\"thumbnailUrl\" srcset=\"https:\/\/radiorevelacionfm.cl\/wp-content\/uploads\/2025\/04\/extension-convocatoria-mpnr-1_optimized-1.jpg 800w, https:\/\/radiorevelacionfm.cl\/wp-content\/uploads\/2025\/04\/extension-convocatoria-mpnr-1_optimized-1-240x300.jpg 240w, https:\/\/radiorevelacionfm.cl\/wp-content\/uploads\/2025\/04\/extension-convocatoria-mpnr-1_optimized-1-768x960.jpg 768w, https:\/\/radiorevelacionfm.cl\/wp-content\/uploads\/2025\/04\/extension-convocatoria-mpnr-1_optimized-1-564x705.jpg 564w, https:\/\/radiorevelacionfm.cl\/wp-content\/uploads\/2025\/04\/extension-convocatoria-mpnr-1_optimized-1-450x563.jpg 450w, https:\/\/radiorevelacionfm.cl\/wp-content\/uploads\/2025\/04\/extension-convocatoria-mpnr-1_optimized-1-600x750.jpg 600w\" sizes=\"(max-width: 800px) 100vw, 800px\" \/><\/div><\/div><\/div><\/div><div class=\"flex_column av_one_full  flex_column_div av-zero-column-padding first  avia-builder-el-2  el_after_av_one_full  el_before_av_one_full  column-top-margin\" style='border-radius:0px; '><section class=\"av_textblock_section \"  itemscope=\"itemscope\" itemtype=\"https:\/\/schema.org\/BlogPosting\" itemprop=\"blogPost\" ><div class='avia_textblock  '   itemprop=\"text\" ><p style=\"text-align: center;\"><strong><span style=\"font-size: 18pt;\">Indap Ays\u00e9n extiende convocatoria de \u00abMi Primer Negocio Rural\u00bb hasta el 17 de abril<\/span><\/strong><\/p>\n<div id=\"gtx-trans\" style=\"position: absolute; left: -50px; top: 4.31534px;\">\n<div class=\"gtx-trans-icon\"><\/div>\n<\/div>\n<\/div><\/section><\/div><div class=\"flex_column av_one_full  flex_column_div av-zero-column-padding first  avia-builder-el-4  el_after_av_one_full  el_before_av_hr  column-top-margin\" style='border-radius:0px; '><section class=\"av_textblock_section \"  itemscope=\"itemscope\" itemtype=\"https:\/\/schema.org\/BlogPosting\" itemprop=\"blogPost\" ><div class='avia_textblock  '   itemprop=\"text\" ><p style=\"text-align: justify;\">Con el objetivo de seguir incentivando el arraigo de las juventudes en el campo y apoyar la puesta en marcha de sus primeros proyectos productivos, INDAP Ays\u00e9n anunci\u00f3 la extensi\u00f3n del plazo de postulaci\u00f3n al programa \u00abMi Primer Negocio Rural\u00bb hasta el 17 de abril. La iniciativa forma parte de los esfuerzos del Gobierno del Presidente Gabriel Boric para fortalecer la econom\u00eda rural, fomentar el emprendimiento y ofrecer m\u00e1s oportunidades a las y los j\u00f3venes del territorio.<\/p>\n<p style=\"text-align: justify;\">\u00abCreemos en el potencial de las juventudes rurales y sabemos que hay muchas ideas innovadoras esperando una oportunidad para florecer. Mi primer negocio rural es un programa muy completo, ya que entrega financiamiento y acompa\u00f1amiento t\u00e9cnico por 3 a\u00f1os, para que cada proyecto tenga una base s\u00f3lida y sostenible. Invitamos a todos y todas las j\u00f3venes que tengan un sue\u00f1o en el agro a que se acerquen y postulen\u00bb, se\u00f1al\u00f3 Yessica Lagos C\u00e1rdenas, directora regional de INDAP Ays\u00e9n.<\/p>\n<p style=\"text-align: justify;\">La convocatoria est\u00e1 dirigida a personas entre 18 y 40 a\u00f1os que residan en sectores rurales y deseen emprender en negocios silvoagropecuarios o actividades conexas. A nivel nacional, se destinar\u00e1n m\u00e1s de $3 mil millones que beneficiar\u00e1n a 500 j\u00f3venes. En la regi\u00f3n de Ays\u00e9n, esta pol\u00edtica p\u00fablica se suma a otras l\u00edneas de apoyo como la priorizaci\u00f3n de acceso a tierras fiscales, el acceso a inversiones y cr\u00e9ditos preferenciales, y el impulso de la futura Pol\u00edtica Nacional de Juventudes Rurales.<\/p>\n<p style=\"text-align: justify;\">\u00abMi Primer Negocio Rural\u00bb fue piloto en 2024 y, debido a su impacto, en 2025 se ampli\u00f3 a todo el pa\u00eds, permitiendo que m\u00e1s j\u00f3venes puedan acceder a capital inicial no reembolsable y asesor\u00eda para desarrollar sus proyectos, generando ingresos y mejorando sus condiciones de vida sin tener que migrar a la ciudad.<\/p>\n<p style=\"text-align: justify;\">Con esta medida, INDAP reafirma su compromiso con el desarrollo rural y con las nuevas generaciones, impulsando acciones concretas que aseguren su permanencia, crecimiento y bienestar en sus propios territorios. Las postulaciones se encuentran abiertas en la plataforma digital de INDAP y tambi\u00e9n de forma presencial en cada Agencia de \u00c1rea y la Direcci\u00f3n Regional.<\/p>\n<\/div><\/section><\/div><div  style='height:50px' class='hr hr-invisible   avia-builder-el-6  el_after_av_one_full  el_before_av_social_share '><span class='hr-inner ' ><span class='hr-inner-style'><\/span><\/span><\/div><\/p>\n<div  class='av-social-sharing-box  avia-builder-el-7  el_after_av_hr  el_before_av_hr  '><div class='av-share-box'><h5 class='av-share-link-description av-no-toc '>Compartir esta noticia<\/h5><ul class='av-share-box-list noLightbox'><li class='av-share-link av-social-link-facebook' ><a target=\"_blank\" aria-label=\"Compartir en Facebook\" href='https:\/\/www.facebook.com\/sharer.php?u=https:\/\/radiorevelacionfm.cl\/?p=52520&#038;t=Indap%20Ays%C3%A9n%20extiende%20convocatoria%20de%20%C2%ABMi%20Primer%20Negocio%20Rural%C2%BB%20hasta%20el%2017%20de%20abril' aria-hidden='false' data-av_icon='\ue8f3' data-av_iconfont='entypo-fontello' title='' data-avia-related-tooltip='Compartir en Facebook' rel=\"noopener\"><span class='avia_hidden_link_text'>Compartir en Facebook<\/span><\/a><\/li><li class='av-share-link av-social-link-twitter' ><a target=\"_blank\" aria-label=\"Compartir en Twitter\" href='https:\/\/twitter.com\/share?text=Indap%20Ays%C3%A9n%20extiende%20convocatoria%20de%20%C2%ABMi%20Primer%20Negocio%20Rural%C2%BB%20hasta%20el%2017%20de%20abril&#038;url=https:\/\/radiorevelacionfm.cl\/?p=52520' aria-hidden='false' data-av_icon='\ue8f1' data-av_iconfont='entypo-fontello' title='' data-avia-related-tooltip='Compartir en Twitter' rel=\"noopener\"><span class='avia_hidden_link_text'>Compartir en Twitter<\/span><\/a><\/li><li class='av-share-link av-social-link-whatsapp' ><a target=\"_blank\" aria-label=\"Compartir en Whatsapp\" href='https:\/\/api.whatsapp.com\/send?text=https:\/\/radiorevelacionfm.cl\/?p=52520' aria-hidden='false' data-av_icon='\uf232' data-av_iconfont='entypo-fontello' title='' data-avia-related-tooltip='Compartir en Whatsapp' rel=\"noopener\"><span class='avia_hidden_link_text'>Compartir en Whatsapp<\/span><\/a><\/li><li class='av-share-link av-social-link-linkedin' ><a target=\"_blank\" aria-label=\"Compartir en LinkedIn\" href='https:\/\/linkedin.com\/shareArticle?mini=true&#038;title=Indap%20Ays%C3%A9n%20extiende%20convocatoria%20de%20%C2%ABMi%20Primer%20Negocio%20Rural%C2%BB%20hasta%20el%2017%20de%20abril&#038;url=https:\/\/radiorevelacionfm.cl\/?p=52520' aria-hidden='false' data-av_icon='\ue8fc' data-av_iconfont='entypo-fontello' title='' data-avia-related-tooltip='Compartir en LinkedIn' rel=\"noopener\"><span class='avia_hidden_link_text'>Compartir en LinkedIn<\/span><\/a><\/li><li class='av-share-link av-social-link-mail' ><a  aria-label=\"Compartir por correo\" href='mailto:?subject=Indap%20Ays%C3%A9n%20extiende%20convocatoria%20de%20%C2%ABMi%20Primer%20Negocio%20Rural%C2%BB%20hasta%20el%2017%20de%20abril&#038;body=https:\/\/radiorevelacionfm.cl\/?p=52520' aria-hidden='false' data-av_icon='\ue805' data-av_iconfont='entypo-fontello' title='' data-avia-related-tooltip='Compartir por correo'><span class='avia_hidden_link_text'>Compartir por correo<\/span><\/a><\/li><\/ul><\/div><\/div>\n<div  style='height:50px' class='hr hr-invisible   avia-builder-el-8  el_after_av_social_share  el_before_av_comments_list '><span class='hr-inner ' ><span class='hr-inner-style'><\/span><\/span><\/div>\n<div  class='av-buildercomment  av-blog-meta-html-info-disabled av-blog-meta-tag-disabled  '><\/div>\n","protected":false},"excerpt":{"rendered":"","protected":false},"author":1,"featured_media":52521,"comment_status":"closed","ping_status":"closed","sticky":false,"template":"","format":"standard","meta":{"footnotes":""},"categories":[38],"tags":[],"class_list":["post-52520","post","type-post","status-publish","format-standard","has-post-thumbnail","hentry","category-regional"],"jetpack_featured_media_url":"https:\/\/radiorevelacionfm.cl\/wp-content\/uploads\/2025\/04\/extension-convocatoria-mpnr-1_optimized-1.jpg","_links":{"self":[{"href":"https:\/\/radiorevelacionfm.cl\/index.php?rest_route=\/wp\/v2\/posts\/52520","targetHints":{"allow":["GET"]}}],"collection":[{"href":"https:\/\/radiorevelacionfm.cl\/index.php?rest_route=\/wp\/v2\/posts"}],"about":[{"href":"https:\/\/radiorevelacionfm.cl\/index.php?rest_route=\/wp\/v2\/types\/post"}],"author":[{"embeddable":true,"href":"https:\/\/radiorevelacionfm.cl\/index.php?rest_route=\/wp\/v2\/users\/1"}],"replies":[{"embeddable":true,"href":"https:\/\/radiorevelacionfm.cl\/index.php?rest_route=%2Fwp%2Fv2%2Fcomments&post=52520"}],"version-history":[{"count":2,"href":"https:\/\/radiorevelacionfm.cl\/index.php?rest_route=\/wp\/v2\/posts\/52520\/revisions"}],"predecessor-version":[{"id":52533,"href":"https:\/\/radiorevelacionfm.cl\/index.php?rest_route=\/wp\/v2\/posts\/52520\/revisions\/52533"}],"wp:featuredmedia":[{"embeddable":true,"href":"https:\/\/radiorevelacionfm.cl\/index.php?rest_route=\/wp\/v2\/media\/52521"}],"wp:attachment":[{"href":"https:\/\/radiorevelacionfm.cl\/index.php?rest_route=%2Fwp%2Fv2%2Fmedia&parent=52520"}],"wp:term":[{"taxonomy":"category","embeddable":true,"href":"https:\/\/radiorevelacionfm.cl\/index.php?rest_route=%2Fwp%2Fv2%2Fcategories&post=52520"},{"taxonomy":"post_tag","embeddable":true,"href":"https:\/\/radiorevelacionfm.cl\/index.php?rest_route=%2Fwp%2Fv2%2Ftags&post=52520"}],"curies":[{"name":"wp","href":"https:\/\/api.w.org\/{rel}","templated":true}]}}