{"id":52518,"date":"2025-04-14T17:30:44","date_gmt":"2025-04-14T20:30:44","guid":{"rendered":"https:\/\/radiorevelacionfm.cl\/?p=52518"},"modified":"2025-04-22T18:31:01","modified_gmt":"2025-04-22T21:31:01","slug":"anteproyecto-del-gobierno-para-actualizar-ndc-2025-deja-fuera-proteccion-de-glaciares-y-aumento-de-energias-renovables","status":"publish","type":"post","link":"https:\/\/radiorevelacionfm.cl\/?p=52518","title":{"rendered":"Anteproyecto del gobierno para actualizar NDC 2025 deja fuera protecci\u00f3n de glaciares y aumento de energ\u00edas renovables"},"content":{"rendered":"<div class=\"flex_column av_one_full  flex_column_div av-zero-column-padding first  avia-builder-el-0  el_before_av_one_full  avia-builder-el-first  \" style='border-radius:0px; '><div  class='avia-image-container  av-styling-    avia-builder-el-1  avia-builder-el-no-sibling  avia-align-center '  itemprop=\"image\" itemscope=\"itemscope\" itemtype=\"https:\/\/schema.org\/ImageObject\"  ><div class='avia-image-container-inner'><div class='avia-image-overlay-wrap'><img decoding=\"async\" class='wp-image-7234 avia-img-lazy-loading-not-7234 avia_image' src=\"https:\/\/radiorevelacionfm.cl\/wp-content\/uploads\/2021\/08\/glaciares1-1_optimized.jpg\" alt='' title='glaciares1-(1)_optimized' height=\"600\" width=\"1067\"  itemprop=\"thumbnailUrl\" srcset=\"https:\/\/radiorevelacionfm.cl\/wp-content\/uploads\/2021\/08\/glaciares1-1_optimized.jpg 1067w, https:\/\/radiorevelacionfm.cl\/wp-content\/uploads\/2021\/08\/glaciares1-1_optimized-300x169.jpg 300w, https:\/\/radiorevelacionfm.cl\/wp-content\/uploads\/2021\/08\/glaciares1-1_optimized-1030x579.jpg 1030w, https:\/\/radiorevelacionfm.cl\/wp-content\/uploads\/2021\/08\/glaciares1-1_optimized-768x432.jpg 768w, https:\/\/radiorevelacionfm.cl\/wp-content\/uploads\/2021\/08\/glaciares1-1_optimized-705x396.jpg 705w, https:\/\/radiorevelacionfm.cl\/wp-content\/uploads\/2021\/08\/glaciares1-1_optimized-600x337.jpg 600w\" sizes=\"(max-width: 1067px) 100vw, 1067px\" \/><\/div><\/div><\/div><\/div><div class=\"flex_column av_one_full  flex_column_div av-zero-column-padding first  avia-builder-el-2  el_after_av_one_full  el_before_av_one_full  column-top-margin\" style='border-radius:0px; '><section class=\"av_textblock_section \"  itemscope=\"itemscope\" itemtype=\"https:\/\/schema.org\/BlogPosting\" itemprop=\"blogPost\" ><div class='avia_textblock  '   itemprop=\"text\" ><p style=\"text-align: center;\"><span style=\"font-size: 18pt;\"><b><span lang=\"ES-TRAD\">Anteproyecto del gobierno para actualizar NDC 2025 deja fuera protecci\u00f3n de glaciares y aumento de energ\u00edas renovables<\/span><\/b><\/span><\/p>\n<div id=\"gtx-trans\" style=\"position: absolute; left: -50px; top: 4.31534px;\">\n<div class=\"gtx-trans-icon\"><\/div>\n<\/div>\n<\/div><\/section><\/div><\/p>\n<div class=\"flex_column av_one_full  flex_column_div av-zero-column-padding first  avia-builder-el-4  el_after_av_one_full  el_before_av_hr  column-top-margin\" style='border-radius:0px; '><section class=\"av_textblock_section \"  itemscope=\"itemscope\" itemtype=\"https:\/\/schema.org\/BlogPosting\" itemprop=\"blogPost\" ><div class='avia_textblock  '   itemprop=\"text\" ><p class=\"v1gmail-MsoListParagraphCxSpFirst\" style=\"text-align: justify;\"><i><span lang=\"ES-TRAD\">Este a\u00f1o corresponde revisar los compromisos de Chile en materia de adaptaci\u00f3n y mitigaci\u00f3n del cambio clim\u00e1tico, en el instrumento Contribuci\u00f3n Determinada a Nivel Nacional (NDC, por su sigla en ingl\u00e9s).<\/span><\/i><\/p>\n<p class=\"v1gmail-MsoListParagraphCxSpMiddle\" style=\"text-align: justify;\"><span lang=\"ES-TRAD\">Sin embargo,<span class=\"v1gmail-Apple-converted-space\">\u00a0<\/span><i>al igual que en la actualizaci\u00f3n de 2021 del gobierno de Sebasti\u00e1n Pi\u00f1era, Chile decide no incluir la protecci\u00f3n a los glaciares, masas de hielo fundamentales para la seguridad h\u00eddrica en la zona central, donde vive la mayor\u00eda de la poblaci\u00f3n.<span class=\"v1gmail-Apple-converted-space\">\u00a0<\/span>\u00a0<\/i><\/span><\/p>\n<p class=\"v1gmail-MsoListParagraphCxSpLast\" style=\"text-align: justify;\"><i>Tampoco incorpora metas m\u00e1s ambiciosas en materia de energ\u00edas renovables, aunque en la COP 28 de hace 2 a\u00f1os, se acord\u00f3 triplicar la generaci\u00f3n renovable y limpia.<\/i><i><span class=\"v1gmail-Apple-converted-space\">\u00a0<\/span>\u00a0<\/i><\/p>\n<p class=\"v1MsoNormal\" style=\"text-align: justify;\"><span lang=\"ES-TRAD\">Este viernes 11 de abril vence el plazo para que las personas naturales y jur\u00eddicas del pa\u00eds<span class=\"v1gmail-Apple-converted-space\">\u00a0<\/span><\/span><span lang=\"ES\"><a href=\"https:\/\/consultasciudadanas.mma.gob.cl\/portal\/consulta\/180\" target=\"_blank\" rel=\"noopener noreferrer\"><span lang=\"ES-TRAD\">realicen sus observaciones<\/span><\/a><\/span><span lang=\"ES\"><span class=\"v1gmail-Apple-converted-space\">\u00a0<\/span><\/span><span lang=\"ES-TRAD\">al \u00ab<a href=\"https:\/\/cambioclimatico.mma.gob.cl\/wp-content\/uploads\/2025\/02\/Anteproyecto-NDC-2025-anexos.pdf\" target=\"_blank\" rel=\"noopener noreferrer\"><i>Anteproyecto de Actualizaci\u00f3n de la Contribuci\u00f3n Determinada a Nivel Nacional 2025 (NDC, por su sigla en ingl\u00e9s<\/i>)<\/a>\u00bb del gobierno de Gabriel Boric. Es \u00e9ste el instrumento marco en el cual los gobiernos plasman sus compromisos en materia de cambio clim\u00e1tico para los cinco a\u00f1os siguientes.<\/span><\/p>\n<p class=\"v1MsoNormal\" style=\"text-align: justify;\"><span lang=\"ES-TRAD\">Las NDC fueron instituidas<span class=\"v1gmail-Apple-converted-space\">\u00a0<\/span><\/span><span lang=\"ES\"><a href=\"https:\/\/cambioclimatico.mma.gob.cl\/contribucion-determinada-ndc\/descripcion-del-instrumento\/\" target=\"_blank\" rel=\"noopener noreferrer\"><span lang=\"ES-TRAD\">en el Acuerdo de Par\u00eds en 2015<\/span><\/a>, presentando<\/span><span lang=\"ES\"><span class=\"v1gmail-Apple-converted-space\">\u00a0<\/span><\/span><span lang=\"ES-TRAD\">Chile su primera versi\u00f3n tentativa ese mismo a\u00f1o, la que se actualiz\u00f3 en 2020. Hoy corresponde una nueva actualizaci\u00f3n.<\/span><\/p>\n<p class=\"v1MsoNormal\" style=\"text-align: justify;\"><span lang=\"ES-TRAD\">Es \u00e9sta una oportunidad para incorporar aspectos que en la \u00faltima actualizaci\u00f3n no tuvieron mayor relevancia o que de plano quedaron fuera.<\/span><\/p>\n<p class=\"v1MsoNormal\" style=\"text-align: justify;\"><span lang=\"ES-TRAD\">Ya en 2020 cuando se present\u00f3 la primera de las NDC oficiales, se cuestion\u00f3 que el<span class=\"v1gmail-Apple-converted-space\">\u00a0<\/span><\/span><span lang=\"ES\"><a href=\"https:\/\/www.elquintopoder.cl\/medio-ambiente\/dia-del-medio-ambiente-sustentabilidad-secuestrada-por-la-hipocresia\/\" target=\"_blank\" rel=\"noopener noreferrer\"><span lang=\"ES-TRAD\">documento no hiciera alusi\u00f3n alguna a la protecci\u00f3n de los glaciares<\/span><\/a><\/span><span lang=\"ES\"><span class=\"v1gmail-Apple-converted-space\">\u00a0<\/span><\/span><span lang=\"ES-TRAD\">. Y no s\u00f3lo eso, en sus m\u00e1s de 50 p\u00e1ginas el concepto (al igual que nieve y hielo) no apareci\u00f3 mencionado. Esto, a pesar de ser estas masas de hielo fundamentales como indicadores clim\u00e1ticos, reguladores de la temperatura local y fuente h\u00eddrica esencial en la zona central, donde vive la mayor\u00eda de la poblaci\u00f3n.<span class=\"v1gmail-Apple-converted-space\">\u00a0<\/span><\/span><\/p>\n<p class=\"v1MsoNormal\" style=\"text-align: justify;\"><span lang=\"ES-TRAD\">Esto, en contra de las<span class=\"v1gmail-Apple-converted-space\">\u00a0<\/span><\/span><span lang=\"ES\"><a href=\"https:\/\/elecowebtivista.wordpress.com\/2020\/07\/26\/pinera-oscurantista-gobierno-desestima-recomendaciones-de-cientificos-e-insiste-en-mantener-un-sistema-de-propiedad-privada-del-agua\/\" target=\"_blank\" rel=\"noopener noreferrer\"><span lang=\"ES-TRAD\">recomendaciones<\/span><\/a><\/span><span lang=\"ES\"><span class=\"v1gmail-Apple-converted-space\">\u00a0<\/span><\/span><span lang=\"ES-TRAD\">de la Mesa del Agua que se constituy\u00f3 al alero del Comit\u00e9 Cient\u00edfico de Cambio Clim\u00e1tico al que convoc\u00f3 el gobierno de la \u00e9poca. En dichas recomendaciones se se\u00f1ala que es fundamental en Chile \u00ab<i>integrar el componente ambiental al derecho y la gesti\u00f3n de las aguas mediante la aprobaci\u00f3n de normas protectoras de glaciares y turberas<\/i>\u00ab. Ello est\u00e1 contenido en el documento<span class=\"v1gmail-Apple-converted-space\">\u00a0<\/span><\/span><span lang=\"ES\"><a href=\"https:\/\/mma.gob.cl\/wp-content\/uploads\/2020\/03\/Resumen-para-tomadores-de-decisiones.pdf\" target=\"_blank\" rel=\"noopener noreferrer\"><span lang=\"ES-TRAD\">Evidencia cient\u00edfica y cambio clim\u00e1tico en Chile: Resumen para tomadores de decisiones<\/span><\/a><\/span><span lang=\"ES-TRAD\">, elaborado por una red de m\u00e1s de 600 cient\u00edficos de todas las disciplinas y regiones de Chile, primordialmente de universidades y centros de investigaci\u00f3n acad\u00e9mica, pero tambi\u00e9n de institutos p\u00fablicos y privados.<\/span><\/p>\n<p class=\"v1MsoNormal\" style=\"text-align: justify;\"><span lang=\"ES-TRAD\">En el actual anteproyecto de Chile para la NDC 2025 los glaciares s\u00ed aparecen. Aunque s\u00f3lo como contexto de la situaci\u00f3n clim\u00e1tica, pero no se incluye ninguna medida para su protecci\u00f3n.<\/span><\/p>\n<p class=\"v1MsoNormal\" style=\"text-align: justify;\"><span lang=\"ES-TRAD\">Por ello, desde<span class=\"v1gmail-Apple-converted-space\">\u00a0<\/span><\/span>la Fundaci\u00f3n Chile Sustentable se est\u00e1 planteando la necesidad de incorporar acciones en este sentido.<\/p>\n<p class=\"v1MsoNormal\" style=\"text-align: justify;\"><b><span lang=\"ES-TRAD\">Ausencia de aumento de ERNC<\/span><\/b><\/p>\n<p class=\"v1MsoNormal\" style=\"text-align: justify;\"><span lang=\"ES-TRAD\">Ins\u00f3litamente, el documento tampoco incorpora ninguna actualizaci\u00f3n sobre la meta de incremento de energ\u00edas renovables, aunque Chile ya super\u00f3 con creces\u00a0<span class=\"v1gmail-Apple-converted-space\">\u00a0<\/span>el compromiso<span class=\"v1gmail-Apple-converted-space\">\u00a0<\/span><\/span>de generaci\u00f3n en base a estas fuentes. Esto est\u00e1 establecido en la Ley N\u00b020.698, que mandata\u00a0<span class=\"v1gmail-Apple-converted-space\">\u00a0<\/span>la obligaci\u00f3n de un 20%\u00a0<span class=\"v1gmail-Apple-converted-space\">\u00a0<\/span>de estas energ\u00edas al 2025.\u00a0<span class=\"v1gmail-Apple-converted-space\">\u00a0<\/span>Con esto, da la espalda al<span class=\"v1gmail-Apple-converted-space\">\u00a0<\/span><span lang=\"ES-TRAD\">acuerdo<span class=\"v1gmail-Apple-converted-space\">\u00a0<\/span><\/span>incluido en la COP 28 de triplicar la meta de renovables y limpias al a\u00f1o 2030<span lang=\"ES-TRAD\">.<\/span><\/p>\n<p class=\"v1MsoNormal\" style=\"text-align: justify;\">En este aspecto, la organizaci\u00f3n est\u00e1 demandando en sus observaciones al anteproyecto de NDC 2025 que<i>\u00abChile comprometa una\u00a0<span class=\"v1gmail-Apple-converted-space\">\u00a0<\/span>meta de generaci\u00f3n de energ\u00eda en base a ERNC coherente con\u00a0<span class=\"v1gmail-Apple-converted-space\">\u00a0<\/span>la Pol\u00edtica Energ\u00e9tica 2050 y coherente con<b><span class=\"v1gmail-Apple-converted-space\">\u00a0<\/span><\/b>el<span class=\"v1gmail-Apple-converted-space\">\u00a0<\/span><a href=\"https:\/\/www.camara.cl\/legislacion\/ProyectosDeLey\/tramitacion.aspx?prmID=15246&amp;prmBOLETIN=14755-08\" target=\"_blank\" rel=\"noopener noreferrer\">proyecto de Ley de Promoci\u00f3n de Energ\u00edas Renovables<\/a><span class=\"v1gmail-Apple-converted-space\">\u00a0<\/span>actualmente en tramitaci\u00f3n, el cual<b><span class=\"v1gmail-Apple-converted-space\">\u00a0<\/span><\/b>establece una meta de 60% de ERNC para el a\u00f1o 2030. Esto es asimismo coherente con la ambici\u00f3n asumida en la COP 28&#8243;.<span class=\"v1gmail-Apple-converted-space\">\u00a0<\/span><\/i><i>\u00a0<\/i><\/p>\n<p class=\"v1MsoNormal\" style=\"text-align: justify;\">En la misma l\u00ednea, relacionado con la descarbonizaci\u00f3n, Chile Sustentable propone que se incluya \u00ab<i>un compromiso referido al aumento gradual del impuesto a las emisiones con la meta de llegar al a\u00f1o 2030 o 2035 a un costo equivalente al costo social del carbono, cuyo monto actualizado por el Ministerio de Desarrollo Social es de\u00a0<span class=\"v1gmail-Apple-converted-space\">\u00a0<\/span>$70.540 CLP\/Ton CO2 eq (pesos la tonelada de\u00a0<span class=\"v1gmail-Apple-converted-space\">\u00a0<\/span>di\u00f3xido de carbono equivalente)<\/i>\u00ab.<span class=\"v1gmail-Apple-converted-space\">\u00a0<\/span><\/p>\n<p class=\"v1MsoNormal\" style=\"text-align: justify;\"><b><span lang=\"ES-TRAD\">Se mantiene el fomento de plantaciones ex\u00f3ticas.<\/span><\/b><\/p>\n<p class=\"v1MsoNormal\" style=\"text-align: justify;\"><span lang=\"ES-TRAD\">Otro aspecto negativo del anteproyecto de NDC 2025 es que se mantiene la medida que permite la reforestaci\u00f3n con especies ex\u00f3ticas, con el fin de capturar CO2, sin obligar a que constituyan una cobertura forestal permanente, por lo que toda esa masa vegetacional podr\u00e1 ser deforestada en un ciclo de mediano plazo. Esto puede aumentar las emisiones de CO2, y la erosi\u00f3n de suelos, adem\u00e1s de los conflictos por el agua que estas plantaciones traen consigo.<span class=\"v1gmail-Apple-converted-space\">\u00a0<\/span><\/span><\/p>\n<p class=\"v1MsoNormal\" style=\"text-align: justify;\"><span lang=\"ES-TRAD\">Al respecto, a trav\u00e9s de las observaciones ciudadanas Chile Sustentable est\u00e1 demandando que\u00a0<i>\u00ablos compromisos s\u00f3lo consideren la reforestaci\u00f3n con especies nativas y se elimine la posibilidad de reforestaci\u00f3n sin cobertura permanente\u00bb<\/i><\/span>.<\/p>\n<p class=\"v1MsoNormal\" style=\"text-align: justify;\"><span lang=\"ES-TRAD\"><a href=\"https:\/\/www.gob.cl\/noticias\/cop27-chile-compromete-transicion-socio-ecologica-justa-aumentar-areas-protegidas-y-reducir-metano\/\" target=\"_blank\" rel=\"noopener noreferrer\">Cuando se inici\u00f3 el gobierno de Gabriel Boric<\/a>, el Ministerio del Medio Ambiente comprometi\u00f3 ampliar en al menos 1 mill\u00f3n de hect\u00e1reas la superficie actual de protecci\u00f3n oficial de ecosistemas terrestres y acu\u00e1ticos continentales al a\u00f1o 2030 y lograr que, a esa fecha, la totalidad de \u00e1reas protegidas del Estado tengan sus planes de manejo vigentes, con instrumentos para la adaptaci\u00f3n al cambio clim\u00e1tico.<\/span><\/p>\n<p class=\"v1MsoNormal\" style=\"text-align: justify;\"><span lang=\"ES-TRAD\">Adem\u00e1s, incluir la transici\u00f3n socioecol\u00f3gica justa al documento, con el fin de que los costos econ\u00f3micos y sociales de enfrentar la crisis clim\u00e1tica no recaigan en los sectores m\u00e1s vulnerables. Sin embargo, sobre este \u00faltimo punto, la<span class=\"v1gmail-Apple-converted-space\">\u00a0<\/span><\/span><span lang=\"ES\">NDC 2025 se limita a comprometer que se \u00ab<i>implementar\u00e1 la Estrategia Nacional de Transici\u00f3n Socioecol\u00f3gica Justa 2025 &#8211; 2035<\/i>\u00ab, la cual a la fecha no compromete un diagn\u00f3stico profundo de los pasivos ambientales que han dejado las industrias contaminantes y las termoel\u00e9ctricas a carb\u00f3n en las comunas de Tocopilla, Mejillones, Quintero-Puchuncav\u00ed, Coronel y Huasco. Por ello, se exige que se incorporen a este instrumento de gesti\u00f3n clim\u00e1tica planes de cierre concretos de las unidades a\u00fan en operaci\u00f3n, as\u00ed como un Plan de Acci\u00f3n de remediaci\u00f3n y reparaci\u00f3n de los pasivos ambientales y sociales en las 5 comunas que concentran la operaci\u00f3n de centrales termoel\u00e9ctricas.<\/span><\/p>\n<\/div><\/section><\/div>\n<div  style='height:50px' class='hr hr-invisible   avia-builder-el-6  el_after_av_one_full  el_before_av_social_share '><span class='hr-inner ' ><span class='hr-inner-style'><\/span><\/span><\/div>\n<div  class='av-social-sharing-box  avia-builder-el-7  el_after_av_hr  el_before_av_hr  '><div class='av-share-box'><h5 class='av-share-link-description av-no-toc '>Compartir esta noticia<\/h5><ul class='av-share-box-list noLightbox'><li class='av-share-link av-social-link-facebook' ><a target=\"_blank\" aria-label=\"Compartir en Facebook\" href='https:\/\/www.facebook.com\/sharer.php?u=https:\/\/radiorevelacionfm.cl\/?p=52518&#038;t=Anteproyecto%20del%20gobierno%20para%20actualizar%20NDC%202025%20deja%20fuera%20protecci%C3%B3n%20de%20glaciares%20y%20aumento%20de%20energ%C3%ADas%20renovables' aria-hidden='false' data-av_icon='\ue8f3' data-av_iconfont='entypo-fontello' title='' data-avia-related-tooltip='Compartir en Facebook' rel=\"noopener\"><span class='avia_hidden_link_text'>Compartir en Facebook<\/span><\/a><\/li><li class='av-share-link av-social-link-twitter' ><a target=\"_blank\" aria-label=\"Compartir en Twitter\" href='https:\/\/twitter.com\/share?text=Anteproyecto%20del%20gobierno%20para%20actualizar%20NDC%202025%20deja%20fuera%20protecci%C3%B3n%20de%20glaciares%20y%20aumento%20de%20energ%C3%ADas%20renovables&#038;url=https:\/\/radiorevelacionfm.cl\/?p=52518' aria-hidden='false' data-av_icon='\ue8f1' data-av_iconfont='entypo-fontello' title='' data-avia-related-tooltip='Compartir en Twitter' rel=\"noopener\"><span class='avia_hidden_link_text'>Compartir en Twitter<\/span><\/a><\/li><li class='av-share-link av-social-link-whatsapp' ><a target=\"_blank\" aria-label=\"Compartir en Whatsapp\" href='https:\/\/api.whatsapp.com\/send?text=https:\/\/radiorevelacionfm.cl\/?p=52518' aria-hidden='false' data-av_icon='\uf232' data-av_iconfont='entypo-fontello' title='' data-avia-related-tooltip='Compartir en Whatsapp' rel=\"noopener\"><span class='avia_hidden_link_text'>Compartir en Whatsapp<\/span><\/a><\/li><li class='av-share-link av-social-link-linkedin' ><a target=\"_blank\" aria-label=\"Compartir en LinkedIn\" href='https:\/\/linkedin.com\/shareArticle?mini=true&#038;title=Anteproyecto%20del%20gobierno%20para%20actualizar%20NDC%202025%20deja%20fuera%20protecci%C3%B3n%20de%20glaciares%20y%20aumento%20de%20energ%C3%ADas%20renovables&#038;url=https:\/\/radiorevelacionfm.cl\/?p=52518' aria-hidden='false' data-av_icon='\ue8fc' data-av_iconfont='entypo-fontello' title='' data-avia-related-tooltip='Compartir en LinkedIn' rel=\"noopener\"><span class='avia_hidden_link_text'>Compartir en LinkedIn<\/span><\/a><\/li><li class='av-share-link av-social-link-mail' ><a  aria-label=\"Compartir por correo\" href='mailto:?subject=Anteproyecto%20del%20gobierno%20para%20actualizar%20NDC%202025%20deja%20fuera%20protecci%C3%B3n%20de%20glaciares%20y%20aumento%20de%20energ%C3%ADas%20renovables&#038;body=https:\/\/radiorevelacionfm.cl\/?p=52518' aria-hidden='false' data-av_icon='\ue805' data-av_iconfont='entypo-fontello' title='' data-avia-related-tooltip='Compartir por correo'><span class='avia_hidden_link_text'>Compartir por correo<\/span><\/a><\/li><\/ul><\/div><\/div>\n<div  style='height:50px' class='hr hr-invisible   avia-builder-el-8  el_after_av_social_share  el_before_av_comments_list '><span class='hr-inner ' ><span class='hr-inner-style'><\/span><\/span><\/div>\n<div  class='av-buildercomment  av-blog-meta-html-info-disabled av-blog-meta-tag-disabled  '><\/div>\n","protected":false},"excerpt":{"rendered":"","protected":false},"author":1,"featured_media":7234,"comment_status":"closed","ping_status":"closed","sticky":false,"template":"","format":"standard","meta":{"footnotes":""},"categories":[39],"tags":[],"class_list":["post-52518","post","type-post","status-publish","format-standard","has-post-thumbnail","hentry","category-medio-ambiente"],"jetpack_featured_media_url":"https:\/\/radiorevelacionfm.cl\/wp-content\/uploads\/2021\/08\/glaciares1-1_optimized.jpg","_links":{"self":[{"href":"https:\/\/radiorevelacionfm.cl\/index.php?rest_route=\/wp\/v2\/posts\/52518","targetHints":{"allow":["GET"]}}],"collection":[{"href":"https:\/\/radiorevelacionfm.cl\/index.php?rest_route=\/wp\/v2\/posts"}],"about":[{"href":"https:\/\/radiorevelacionfm.cl\/index.php?rest_route=\/wp\/v2\/types\/post"}],"author":[{"embeddable":true,"href":"https:\/\/radiorevelacionfm.cl\/index.php?rest_route=\/wp\/v2\/users\/1"}],"replies":[{"embeddable":true,"href":"https:\/\/radiorevelacionfm.cl\/index.php?rest_route=%2Fwp%2Fv2%2Fcomments&post=52518"}],"version-history":[{"count":3,"href":"https:\/\/radiorevelacionfm.cl\/index.php?rest_route=\/wp\/v2\/posts\/52518\/revisions"}],"predecessor-version":[{"id":52966,"href":"https:\/\/radiorevelacionfm.cl\/index.php?rest_route=\/wp\/v2\/posts\/52518\/revisions\/52966"}],"wp:featuredmedia":[{"embeddable":true,"href":"https:\/\/radiorevelacionfm.cl\/index.php?rest_route=\/wp\/v2\/media\/7234"}],"wp:attachment":[{"href":"https:\/\/radiorevelacionfm.cl\/index.php?rest_route=%2Fwp%2Fv2%2Fmedia&parent=52518"}],"wp:term":[{"taxonomy":"category","embeddable":true,"href":"https:\/\/radiorevelacionfm.cl\/index.php?rest_route=%2Fwp%2Fv2%2Fcategories&post=52518"},{"taxonomy":"post_tag","embeddable":true,"href":"https:\/\/radiorevelacionfm.cl\/index.php?rest_route=%2Fwp%2Fv2%2Ftags&post=52518"}],"curies":[{"name":"wp","href":"https:\/\/api.w.org\/{rel}","templated":true}]}}