{"id":52515,"date":"2025-04-11T09:48:51","date_gmt":"2025-04-11T12:48:51","guid":{"rendered":"https:\/\/radiorevelacionfm.cl\/?p=52515"},"modified":"2025-04-11T09:48:51","modified_gmt":"2025-04-11T12:48:51","slug":"voceria-realiza-feria-de-servicios-movilizados-por-el-autismo-una-oportunidad-para-la-inclusion","status":"publish","type":"post","link":"https:\/\/radiorevelacionfm.cl\/?p=52515","title":{"rendered":"Vocer\u00eda realiza Feria de Servicios MovilizaDOS por el autismo: Una oportunidad para la inclusi\u00f3n"},"content":{"rendered":"<div class=\"flex_column av_one_full  flex_column_div av-zero-column-padding first  avia-builder-el-0  el_before_av_one_full  avia-builder-el-first  \" style='border-radius:0px; '><div  class='avia-image-container  av-styling-    avia-builder-el-1  avia-builder-el-no-sibling  avia-align-center '  itemprop=\"image\" itemscope=\"itemscope\" itemtype=\"https:\/\/schema.org\/ImageObject\"  ><div class='avia-image-container-inner'><div class='avia-image-overlay-wrap'><img decoding=\"async\" class='wp-image-52516 avia-img-lazy-loading-not-52516 avia_image' src=\"https:\/\/radiorevelacionfm.cl\/wp-content\/uploads\/2025\/04\/feria-de-servicios-teacompanamos_optimized.-1-1.jpeg\" alt='' title='feria-de-servicios-teacompa\u00f1amos_optimized.-(1) (1)' height=\"600\" width=\"1425\"  itemprop=\"thumbnailUrl\" srcset=\"https:\/\/radiorevelacionfm.cl\/wp-content\/uploads\/2025\/04\/feria-de-servicios-teacompanamos_optimized.-1-1.jpeg 1425w, https:\/\/radiorevelacionfm.cl\/wp-content\/uploads\/2025\/04\/feria-de-servicios-teacompanamos_optimized.-1-1-300x126.jpeg 300w, https:\/\/radiorevelacionfm.cl\/wp-content\/uploads\/2025\/04\/feria-de-servicios-teacompanamos_optimized.-1-1-1030x434.jpeg 1030w, https:\/\/radiorevelacionfm.cl\/wp-content\/uploads\/2025\/04\/feria-de-servicios-teacompanamos_optimized.-1-1-768x323.jpeg 768w, https:\/\/radiorevelacionfm.cl\/wp-content\/uploads\/2025\/04\/feria-de-servicios-teacompanamos_optimized.-1-1-705x297.jpeg 705w, https:\/\/radiorevelacionfm.cl\/wp-content\/uploads\/2025\/04\/feria-de-servicios-teacompanamos_optimized.-1-1-450x189.jpeg 450w, https:\/\/radiorevelacionfm.cl\/wp-content\/uploads\/2025\/04\/feria-de-servicios-teacompanamos_optimized.-1-1-600x253.jpeg 600w\" sizes=\"(max-width: 1425px) 100vw, 1425px\" \/><\/div><\/div><\/div><\/div><div class=\"flex_column av_one_full  flex_column_div av-zero-column-padding first  avia-builder-el-2  el_after_av_one_full  el_before_av_one_full  column-top-margin\" style='border-radius:0px; '><section class=\"av_textblock_section \"  itemscope=\"itemscope\" itemtype=\"https:\/\/schema.org\/BlogPosting\" itemprop=\"blogPost\" ><div class='avia_textblock  '   itemprop=\"text\" ><p style=\"text-align: center;\"><strong><span style=\"font-size: 18pt;\">Vocer\u00eda realiza Feria de Servicios MovilizaDOS por el autismo: Una oportunidad para la inclusi\u00f3n<\/span><\/strong><\/p>\n<div id=\"gtx-trans\" style=\"position: absolute; left: -50px; top: 4.31534px;\">\n<div class=\"gtx-trans-icon\"><\/div>\n<\/div>\n<\/div><\/section><\/div><div class=\"flex_column av_one_full  flex_column_div av-zero-column-padding first  avia-builder-el-4  el_after_av_one_full  el_before_av_hr  column-top-margin\" style='border-radius:0px; '><section class=\"av_textblock_section \"  itemscope=\"itemscope\" itemtype=\"https:\/\/schema.org\/BlogPosting\" itemprop=\"blogPost\" ><div class='avia_textblock  '   itemprop=\"text\" ><div>\n<p class=\"v1MsoNormal\" style=\"text-align: justify;\">En el marco del D\u00eda Mundial de Concienciaci\u00f3n sobre el Autismo, este s\u00e1bado se realiz\u00f3 en la Plaza de Armas de Coyhaique una Feria de Servicios MovilizaDOS junto a la Asociaci\u00f3n TEAcompa\u00f1amos. La jornada donde se reunieron diferentes organismos p\u00fablicos, tuvo como prop\u00f3sito llevar a la comunidad los servicios que tiene el Estado disponible, generando un v\u00ednculo m\u00e1s estrecho con las personas.<\/p>\n<p class=\"v1MsoNormal\" style=\"text-align: justify;\">La Feria no s\u00f3lo permiti\u00f3 visibilizar la labor que lleva a cabo la agrupaci\u00f3n en Coyhaique, c\u00f3mo\u00a0asociaci\u00f3n de padres, familiares, amigos de ni\u00f1os, ni\u00f1as, adolescentes y adultos autistas, sino que tambi\u00e9n puso de manifiesto el desconocimiento y las barreras sociales que dificultan su inclusi\u00f3n en la sociedad.<\/p>\n<p class=\"v1MsoNormal\" style=\"text-align: justify;\">Al respecto,Elizabeth Montecinos, presidenta de la Asociaci\u00f3n TEAacompa\u00f1amos se\u00f1al\u00f3: \u00abdesde la Asociaci\u00f3n TEAcompa\u00f1amos, estamos muy agradecidos de que este a\u00f1o el D\u00eda Mundial de la Concienciaci\u00f3n del Autismo haya sido organizado al alero de la Feria de Servicios de la Divisi\u00f3n de Organizaciones Sociales de la Seremi de Gobierno \u00bfPor qu\u00e9? Porque entendemos que as\u00ed efectivamente se cumpli\u00f3 nuestro lema, que todos estamos caminando hacia la real inclusi\u00f3n, buen trato y no discriminaci\u00f3n.\u00bb<\/p>\n<p class=\"v1MsoNormal\" style=\"text-align: justify;\">Es importante se\u00f1alar que, seg\u00fan el Estudio Nacional de Discapacidad y Dependencia (ENDIDE) en nuestro pa\u00eds hay 44.594 personas autistas, de las cuales 22.100 son personas con discapacidad y 22.494 sin discapacidad\u00a0 (Fuente, Senadis), lo que genera un desaf\u00edo en la incorporaci\u00f3n de la neurodiversidad en las pol\u00edticas p\u00fablicas.<\/p>\n<p class=\"v1MsoNormal\" style=\"text-align: justify;\">Por este motivo, la Seremi de Gobierno \u00darsula Mix se refiri\u00f3 a la realizaci\u00f3n de la jornada: \u00abEl Gobierno del Presidente Gabriel Boric ha impulsado iniciativas que fomentan la inclusi\u00f3n, por eso aceptamos el desaf\u00edo de levantar la Feria de Servicios junto a TEAcompa\u00f1amos. Entendemos la\u00a0diversidad y singularidades que se encuentran dentro del espectro autista y tambi\u00e9n las barreras que las personas con autismo deben superar todos los d\u00edas, por lo que es importante generar espacios que permitan concientizar sobre una realidad que nos involucra como sociedad. Como Gobierno, estamos disponibles a generar espacios que fomenten la inclusi\u00f3n\u00bb.<\/p>\n<\/div>\n<div style=\"text-align: justify;\"><\/div>\n<\/div><\/section><\/div><div  style='height:50px' class='hr hr-invisible   avia-builder-el-6  el_after_av_one_full  el_before_av_social_share '><span class='hr-inner ' ><span class='hr-inner-style'><\/span><\/span><\/div><\/p>\n<div  class='av-social-sharing-box  avia-builder-el-7  el_after_av_hr  el_before_av_hr  '><div class='av-share-box'><h5 class='av-share-link-description av-no-toc '>Compartir esta noticia<\/h5><ul class='av-share-box-list noLightbox'><li class='av-share-link av-social-link-facebook' ><a target=\"_blank\" aria-label=\"Compartir en Facebook\" href='https:\/\/www.facebook.com\/sharer.php?u=https:\/\/radiorevelacionfm.cl\/?p=52515&#038;t=Vocer%C3%ADa%20realiza%20Feria%20de%20Servicios%20MovilizaDOS%20por%20el%20autismo%3A%20Una%20oportunidad%20para%20la%20inclusi%C3%B3n' aria-hidden='false' data-av_icon='\ue8f3' data-av_iconfont='entypo-fontello' title='' data-avia-related-tooltip='Compartir en Facebook' rel=\"noopener\"><span class='avia_hidden_link_text'>Compartir en Facebook<\/span><\/a><\/li><li class='av-share-link av-social-link-twitter' ><a target=\"_blank\" aria-label=\"Compartir en Twitter\" href='https:\/\/twitter.com\/share?text=Vocer%C3%ADa%20realiza%20Feria%20de%20Servicios%20MovilizaDOS%20por%20el%20autismo%3A%20Una%20oportunidad%20para%20la%20inclusi%C3%B3n&#038;url=https:\/\/radiorevelacionfm.cl\/?p=52515' aria-hidden='false' data-av_icon='\ue8f1' data-av_iconfont='entypo-fontello' title='' data-avia-related-tooltip='Compartir en Twitter' rel=\"noopener\"><span class='avia_hidden_link_text'>Compartir en Twitter<\/span><\/a><\/li><li class='av-share-link av-social-link-whatsapp' ><a target=\"_blank\" aria-label=\"Compartir en Whatsapp\" href='https:\/\/api.whatsapp.com\/send?text=https:\/\/radiorevelacionfm.cl\/?p=52515' aria-hidden='false' data-av_icon='\uf232' data-av_iconfont='entypo-fontello' title='' data-avia-related-tooltip='Compartir en Whatsapp' rel=\"noopener\"><span class='avia_hidden_link_text'>Compartir en Whatsapp<\/span><\/a><\/li><li class='av-share-link av-social-link-linkedin' ><a target=\"_blank\" aria-label=\"Compartir en LinkedIn\" href='https:\/\/linkedin.com\/shareArticle?mini=true&#038;title=Vocer%C3%ADa%20realiza%20Feria%20de%20Servicios%20MovilizaDOS%20por%20el%20autismo%3A%20Una%20oportunidad%20para%20la%20inclusi%C3%B3n&#038;url=https:\/\/radiorevelacionfm.cl\/?p=52515' aria-hidden='false' data-av_icon='\ue8fc' data-av_iconfont='entypo-fontello' title='' data-avia-related-tooltip='Compartir en LinkedIn' rel=\"noopener\"><span class='avia_hidden_link_text'>Compartir en LinkedIn<\/span><\/a><\/li><li class='av-share-link av-social-link-mail' ><a  aria-label=\"Compartir por correo\" href='mailto:?subject=Vocer%C3%ADa%20realiza%20Feria%20de%20Servicios%20MovilizaDOS%20por%20el%20autismo%3A%20Una%20oportunidad%20para%20la%20inclusi%C3%B3n&#038;body=https:\/\/radiorevelacionfm.cl\/?p=52515' aria-hidden='false' data-av_icon='\ue805' data-av_iconfont='entypo-fontello' title='' data-avia-related-tooltip='Compartir por correo'><span class='avia_hidden_link_text'>Compartir por correo<\/span><\/a><\/li><\/ul><\/div><\/div>\n<div  style='height:50px' class='hr hr-invisible   avia-builder-el-8  el_after_av_social_share  el_before_av_comments_list '><span class='hr-inner ' ><span class='hr-inner-style'><\/span><\/span><\/div>\n<div  class='av-buildercomment  av-blog-meta-html-info-disabled av-blog-meta-tag-disabled  '><\/div>\n","protected":false},"excerpt":{"rendered":"","protected":false},"author":1,"featured_media":52516,"comment_status":"closed","ping_status":"closed","sticky":false,"template":"","format":"standard","meta":{"footnotes":""},"categories":[38],"tags":[],"class_list":["post-52515","post","type-post","status-publish","format-standard","has-post-thumbnail","hentry","category-regional"],"jetpack_featured_media_url":"https:\/\/radiorevelacionfm.cl\/wp-content\/uploads\/2025\/04\/feria-de-servicios-teacompanamos_optimized.-1-1.jpeg","_links":{"self":[{"href":"https:\/\/radiorevelacionfm.cl\/index.php?rest_route=\/wp\/v2\/posts\/52515","targetHints":{"allow":["GET"]}}],"collection":[{"href":"https:\/\/radiorevelacionfm.cl\/index.php?rest_route=\/wp\/v2\/posts"}],"about":[{"href":"https:\/\/radiorevelacionfm.cl\/index.php?rest_route=\/wp\/v2\/types\/post"}],"author":[{"embeddable":true,"href":"https:\/\/radiorevelacionfm.cl\/index.php?rest_route=\/wp\/v2\/users\/1"}],"replies":[{"embeddable":true,"href":"https:\/\/radiorevelacionfm.cl\/index.php?rest_route=%2Fwp%2Fv2%2Fcomments&post=52515"}],"version-history":[{"count":2,"href":"https:\/\/radiorevelacionfm.cl\/index.php?rest_route=\/wp\/v2\/posts\/52515\/revisions"}],"predecessor-version":[{"id":52544,"href":"https:\/\/radiorevelacionfm.cl\/index.php?rest_route=\/wp\/v2\/posts\/52515\/revisions\/52544"}],"wp:featuredmedia":[{"embeddable":true,"href":"https:\/\/radiorevelacionfm.cl\/index.php?rest_route=\/wp\/v2\/media\/52516"}],"wp:attachment":[{"href":"https:\/\/radiorevelacionfm.cl\/index.php?rest_route=%2Fwp%2Fv2%2Fmedia&parent=52515"}],"wp:term":[{"taxonomy":"category","embeddable":true,"href":"https:\/\/radiorevelacionfm.cl\/index.php?rest_route=%2Fwp%2Fv2%2Fcategories&post=52515"},{"taxonomy":"post_tag","embeddable":true,"href":"https:\/\/radiorevelacionfm.cl\/index.php?rest_route=%2Fwp%2Fv2%2Ftags&post=52515"}],"curies":[{"name":"wp","href":"https:\/\/api.w.org\/{rel}","templated":true}]}}