{"id":52512,"date":"2025-04-10T17:45:17","date_gmt":"2025-04-10T20:45:17","guid":{"rendered":"https:\/\/radiorevelacionfm.cl\/?p=52512"},"modified":"2025-04-10T17:45:17","modified_gmt":"2025-04-10T20:45:17","slug":"tecnologia-e-innovacion-para-el-campo-inacap-y-corfo-impulsan-transformacion-horticola-en-aysen","status":"publish","type":"post","link":"https:\/\/radiorevelacionfm.cl\/?p=52512","title":{"rendered":"Tecnolog\u00eda e innovaci\u00f3n para el campo: Inacap y Corfo impulsan transformaci\u00f3n hort\u00edcola en Ays\u00e9n"},"content":{"rendered":"<div class=\"flex_column av_one_full  flex_column_div av-zero-column-padding first  avia-builder-el-0  el_before_av_one_full  avia-builder-el-first  \" style='border-radius:0px; '><div  class='avia-image-container  av-styling-    avia-builder-el-1  avia-builder-el-no-sibling  avia-align-center '  itemprop=\"image\" itemscope=\"itemscope\" itemtype=\"https:\/\/schema.org\/ImageObject\"  ><div class='avia-image-container-inner'><div class='avia-image-overlay-wrap'><img decoding=\"async\" class='wp-image-52513 avia-img-lazy-loading-not-52513 avia_image' src=\"https:\/\/radiorevelacionfm.cl\/wp-content\/uploads\/2025\/04\/3-2025-04-10t164211_optimized.003-1.jpg\" alt='' title='3 - -2025-04-10t164211_optimized.003-(1)' height=\"600\" width=\"1067\"  itemprop=\"thumbnailUrl\" srcset=\"https:\/\/radiorevelacionfm.cl\/wp-content\/uploads\/2025\/04\/3-2025-04-10t164211_optimized.003-1.jpg 1067w, https:\/\/radiorevelacionfm.cl\/wp-content\/uploads\/2025\/04\/3-2025-04-10t164211_optimized.003-1-300x169.jpg 300w, https:\/\/radiorevelacionfm.cl\/wp-content\/uploads\/2025\/04\/3-2025-04-10t164211_optimized.003-1-1030x579.jpg 1030w, https:\/\/radiorevelacionfm.cl\/wp-content\/uploads\/2025\/04\/3-2025-04-10t164211_optimized.003-1-768x432.jpg 768w, https:\/\/radiorevelacionfm.cl\/wp-content\/uploads\/2025\/04\/3-2025-04-10t164211_optimized.003-1-705x396.jpg 705w, https:\/\/radiorevelacionfm.cl\/wp-content\/uploads\/2025\/04\/3-2025-04-10t164211_optimized.003-1-450x253.jpg 450w, https:\/\/radiorevelacionfm.cl\/wp-content\/uploads\/2025\/04\/3-2025-04-10t164211_optimized.003-1-600x337.jpg 600w\" sizes=\"(max-width: 1067px) 100vw, 1067px\" \/><\/div><\/div><\/div><\/div><div class=\"flex_column av_one_full  flex_column_div av-zero-column-padding first  avia-builder-el-2  el_after_av_one_full  el_before_av_one_full  column-top-margin\" style='border-radius:0px; '><section class=\"av_textblock_section \"  itemscope=\"itemscope\" itemtype=\"https:\/\/schema.org\/BlogPosting\" itemprop=\"blogPost\" ><div class='avia_textblock  '   itemprop=\"text\" ><p style=\"text-align: center;\"><strong><span style=\"font-size: 18pt;\">Tecnolog\u00eda e innovaci\u00f3n para el campo: Inacap y Corfo impulsan transformaci\u00f3n hort\u00edcola en Ays\u00e9n<\/span><\/strong><\/p>\n<div id=\"gtx-trans\" style=\"position: absolute; left: -50px; top: 4.31534px;\">\n<div class=\"gtx-trans-icon\"><\/div>\n<\/div>\n<\/div><\/section><\/div><div class=\"flex_column av_one_full  flex_column_div av-zero-column-padding first  avia-builder-el-4  el_after_av_one_full  el_before_av_hr  column-top-margin\" style='border-radius:0px; '><section class=\"av_textblock_section \"  itemscope=\"itemscope\" itemtype=\"https:\/\/schema.org\/BlogPosting\" itemprop=\"blogPost\" ><div class='avia_textblock  '   itemprop=\"text\" ><p style=\"font-weight: 400; text-align: justify;\"><em>El programa busca modernizar los sistemas de producci\u00f3n hort\u00edcola en la Regi\u00f3n de Ays\u00e9n, promoviendo la sostenibilidad, la eficiencia y la seguridad agroalimentaria.<\/em><\/p>\n<p style=\"font-weight: 400; text-align: justify;\">Con la participaci\u00f3n de m\u00e1s de 30 productores locales, representantes del sector acad\u00e9mico y autoridades regionales, se dio inicio al Programa de Difusi\u00f3n Tecnol\u00f3gica (PDT) Corfo \u201cInnovaci\u00f3n y Adaptabilidad de Sistemas de Producci\u00f3n Hort\u00edcolas con Visi\u00f3n al Abastecimiento Agroalimentario\u201d, una iniciativa ejecutada por INACAP Sede Coyhaique, con el apoyo del Comit\u00e9 de Desarrollo Productivo Regional Ays\u00e9n de Corfo.<\/p>\n<p style=\"font-weight: 400; text-align: justify;\">Para Sandra Gatica, productora y participante del programa, este tipo de instancias son fundamentales para el crecimiento del sector. \u201cComo agricultora, siento que estos espacios de formaci\u00f3n nos dan la posibilidad de actualizar nuestros conocimientos, conocer nuevas tecnolog\u00edas y mejorar nuestras pr\u00e1cticas. Es un gran aporte para nuestra labor diaria y para el futuro de la agricultura en Ays\u00e9n\u201d.<\/p>\n<p style=\"font-weight: 400; text-align: justify;\">El objetivo del programa es entregar herramientas t\u00e9cnicas, pr\u00e1cticas y estrat\u00e9gicas que permitan a productores y emprendedores agr\u00edcolas de la regi\u00f3n incorporar innovaci\u00f3n en sus procesos de cultivo y comercializaci\u00f3n, promoviendo sistemas m\u00e1s sostenibles y resilientes frente a los desaf\u00edos del cambio clim\u00e1tico y las particularidades territoriales de Ays\u00e9n.<\/p>\n<p style=\"font-weight: 400; text-align: justify;\">\u201cEl inicio de este programa representa un hito en la modernizaci\u00f3n del sector hort\u00edcola regional. Estamos apostando por una agricultura m\u00e1s eficiente, adaptada a nuestra realidad clim\u00e1tica y con visi\u00f3n de futuro\u201d, se\u00f1al\u00f3 Carlos Rodr\u00edguez, Gestor de Vinculaci\u00f3n con el Medio de INACAP Sede Coyhaique. \u201cDesde INACAP, promovemos el desarrollo de soluciones que potencien la producci\u00f3n local y aporten a la seguridad alimentaria del territorio\u201d, agreg\u00f3.<\/p>\n<p style=\"font-weight: 400; text-align: justify;\">Desde Corfo, el director Humberto Mar\u00edn enfatiz\u00f3 el compromiso institucional con el desarrollo agr\u00edcola de la regi\u00f3n: \u201cHoy estamos dando inicio a una iniciativa que no solo apunta a incorporar nuevas tecnolog\u00edas en los procesos productivos hort\u00edcolas, sino tambi\u00e9n a mejorar la comercializaci\u00f3n y sostenibilidad de este rubro tan relevante para la regi\u00f3n. A trav\u00e9s del Comit\u00e9 de Desarrollo Productivo Regional, buscamos que estas soluciones innovadoras lleguen directamente a quienes hacen posible la agricultura en Ays\u00e9n\u201d.<\/p>\n<p style=\"font-weight: 400; text-align: justify;\">La iniciativa contempla la realizaci\u00f3n de talleres especializados, visitas t\u00e9cnicas y actividades pr\u00e1cticas orientadas a mejorar la eficiencia productiva, el uso racional de los recursos naturales, y la incorporaci\u00f3n de tecnolog\u00edas emergentes como sensores para el monitoreo de cultivos, sistemas de riego inteligentes y estrategias de comercializaci\u00f3n digital.<\/p>\n<p style=\"font-weight: 400; text-align: justify;\">Con esta iniciativa, Corfo Ays\u00e9n e INACAP reafirman su compromiso con la diversificaci\u00f3n productiva, el fortalecimiento del sector agroalimentario y la promoci\u00f3n de una econom\u00eda regional m\u00e1s resiliente e innovadora.<\/p>\n<\/div><\/section><\/div><div  style='height:50px' class='hr hr-invisible   avia-builder-el-6  el_after_av_one_full  el_before_av_social_share '><span class='hr-inner ' ><span class='hr-inner-style'><\/span><\/span><\/div><\/p>\n<div  class='av-social-sharing-box  avia-builder-el-7  el_after_av_hr  el_before_av_hr  '><div class='av-share-box'><h5 class='av-share-link-description av-no-toc '>Compartir esta noticia<\/h5><ul class='av-share-box-list noLightbox'><li class='av-share-link av-social-link-facebook' ><a target=\"_blank\" aria-label=\"Compartir en Facebook\" href='https:\/\/www.facebook.com\/sharer.php?u=https:\/\/radiorevelacionfm.cl\/?p=52512&#038;t=Tecnolog%C3%ADa%20e%20innovaci%C3%B3n%20para%20el%20campo%3A%20Inacap%20y%20Corfo%20impulsan%20transformaci%C3%B3n%20hort%C3%ADcola%20en%20Ays%C3%A9n' aria-hidden='false' data-av_icon='\ue8f3' data-av_iconfont='entypo-fontello' title='' data-avia-related-tooltip='Compartir en Facebook' rel=\"noopener\"><span class='avia_hidden_link_text'>Compartir en Facebook<\/span><\/a><\/li><li class='av-share-link av-social-link-twitter' ><a target=\"_blank\" aria-label=\"Compartir en Twitter\" href='https:\/\/twitter.com\/share?text=Tecnolog%C3%ADa%20e%20innovaci%C3%B3n%20para%20el%20campo%3A%20Inacap%20y%20Corfo%20impulsan%20transformaci%C3%B3n%20hort%C3%ADcola%20en%20Ays%C3%A9n&#038;url=https:\/\/radiorevelacionfm.cl\/?p=52512' aria-hidden='false' data-av_icon='\ue8f1' data-av_iconfont='entypo-fontello' title='' data-avia-related-tooltip='Compartir en Twitter' rel=\"noopener\"><span class='avia_hidden_link_text'>Compartir en Twitter<\/span><\/a><\/li><li class='av-share-link av-social-link-whatsapp' ><a target=\"_blank\" aria-label=\"Compartir en Whatsapp\" href='https:\/\/api.whatsapp.com\/send?text=https:\/\/radiorevelacionfm.cl\/?p=52512' aria-hidden='false' data-av_icon='\uf232' data-av_iconfont='entypo-fontello' title='' data-avia-related-tooltip='Compartir en Whatsapp' rel=\"noopener\"><span class='avia_hidden_link_text'>Compartir en Whatsapp<\/span><\/a><\/li><li class='av-share-link av-social-link-linkedin' ><a target=\"_blank\" aria-label=\"Compartir en LinkedIn\" href='https:\/\/linkedin.com\/shareArticle?mini=true&#038;title=Tecnolog%C3%ADa%20e%20innovaci%C3%B3n%20para%20el%20campo%3A%20Inacap%20y%20Corfo%20impulsan%20transformaci%C3%B3n%20hort%C3%ADcola%20en%20Ays%C3%A9n&#038;url=https:\/\/radiorevelacionfm.cl\/?p=52512' aria-hidden='false' data-av_icon='\ue8fc' data-av_iconfont='entypo-fontello' title='' data-avia-related-tooltip='Compartir en LinkedIn' rel=\"noopener\"><span class='avia_hidden_link_text'>Compartir en LinkedIn<\/span><\/a><\/li><li class='av-share-link av-social-link-mail' ><a  aria-label=\"Compartir por correo\" href='mailto:?subject=Tecnolog%C3%ADa%20e%20innovaci%C3%B3n%20para%20el%20campo%3A%20Inacap%20y%20Corfo%20impulsan%20transformaci%C3%B3n%20hort%C3%ADcola%20en%20Ays%C3%A9n&#038;body=https:\/\/radiorevelacionfm.cl\/?p=52512' aria-hidden='false' data-av_icon='\ue805' data-av_iconfont='entypo-fontello' title='' data-avia-related-tooltip='Compartir por correo'><span class='avia_hidden_link_text'>Compartir por correo<\/span><\/a><\/li><\/ul><\/div><\/div>\n<div  style='height:50px' class='hr hr-invisible   avia-builder-el-8  el_after_av_social_share  el_before_av_comments_list '><span class='hr-inner ' ><span class='hr-inner-style'><\/span><\/span><\/div>\n<div  class='av-buildercomment  av-blog-meta-html-info-disabled av-blog-meta-tag-disabled  '><\/div>\n","protected":false},"excerpt":{"rendered":"","protected":false},"author":1,"featured_media":52513,"comment_status":"closed","ping_status":"closed","sticky":false,"template":"","format":"standard","meta":{"footnotes":""},"categories":[38],"tags":[],"class_list":["post-52512","post","type-post","status-publish","format-standard","has-post-thumbnail","hentry","category-regional"],"jetpack_featured_media_url":"https:\/\/radiorevelacionfm.cl\/wp-content\/uploads\/2025\/04\/3-2025-04-10t164211_optimized.003-1.jpg","_links":{"self":[{"href":"https:\/\/radiorevelacionfm.cl\/index.php?rest_route=\/wp\/v2\/posts\/52512","targetHints":{"allow":["GET"]}}],"collection":[{"href":"https:\/\/radiorevelacionfm.cl\/index.php?rest_route=\/wp\/v2\/posts"}],"about":[{"href":"https:\/\/radiorevelacionfm.cl\/index.php?rest_route=\/wp\/v2\/types\/post"}],"author":[{"embeddable":true,"href":"https:\/\/radiorevelacionfm.cl\/index.php?rest_route=\/wp\/v2\/users\/1"}],"replies":[{"embeddable":true,"href":"https:\/\/radiorevelacionfm.cl\/index.php?rest_route=%2Fwp%2Fv2%2Fcomments&post=52512"}],"version-history":[{"count":2,"href":"https:\/\/radiorevelacionfm.cl\/index.php?rest_route=\/wp\/v2\/posts\/52512\/revisions"}],"predecessor-version":[{"id":52529,"href":"https:\/\/radiorevelacionfm.cl\/index.php?rest_route=\/wp\/v2\/posts\/52512\/revisions\/52529"}],"wp:featuredmedia":[{"embeddable":true,"href":"https:\/\/radiorevelacionfm.cl\/index.php?rest_route=\/wp\/v2\/media\/52513"}],"wp:attachment":[{"href":"https:\/\/radiorevelacionfm.cl\/index.php?rest_route=%2Fwp%2Fv2%2Fmedia&parent=52512"}],"wp:term":[{"taxonomy":"category","embeddable":true,"href":"https:\/\/radiorevelacionfm.cl\/index.php?rest_route=%2Fwp%2Fv2%2Fcategories&post=52512"},{"taxonomy":"post_tag","embeddable":true,"href":"https:\/\/radiorevelacionfm.cl\/index.php?rest_route=%2Fwp%2Fv2%2Ftags&post=52512"}],"curies":[{"name":"wp","href":"https:\/\/api.w.org\/{rel}","templated":true}]}}