{"id":5251,"date":"2021-06-14T19:07:03","date_gmt":"2021-06-14T22:07:03","guid":{"rendered":"https:\/\/radiorevelacionfm.cl\/?p=5251"},"modified":"2021-06-14T19:07:03","modified_gmt":"2021-06-14T22:07:03","slug":"vecinos-de-ampliacion-villa-el-divisadero-se-reunen-con-diputado-calisto-y-alcalde-e-gatica-por-demora-en-el-retiro-de-basura-domiciliaria","status":"publish","type":"post","link":"https:\/\/radiorevelacionfm.cl\/?p=5251","title":{"rendered":"Vecinos de ampliaci\u00f3n Villa el Divisadero se re\u00fanen con diputado Calisto y alcalde (E) Gatica por demora en el retiro de basura domiciliaria"},"content":{"rendered":"<div class=\"flex_column av_one_full  flex_column_div av-zero-column-padding first  avia-builder-el-0  el_before_av_one_full  avia-builder-el-first  \" style='border-radius:0px; '><div  class='avia-image-container  av-styling-    avia-builder-el-1  avia-builder-el-no-sibling  avia-align-center '  itemprop=\"image\" itemscope=\"itemscope\" itemtype=\"https:\/\/schema.org\/ImageObject\"  ><div class='avia-image-container-inner'><div class='avia-image-overlay-wrap'><img decoding=\"async\" class='wp-image-5252 avia-img-lazy-loading-not-5252 avia_image' src=\"https:\/\/radiorevelacionfm.cl\/wp-content\/uploads\/2021\/06\/AMPLIACION-DIVISADERO-1.jpg\" alt='' title='AMPLIACI\u00d3N DIVISADERO (1)' height=\"649\" width=\"1200\"  itemprop=\"thumbnailUrl\" srcset=\"https:\/\/radiorevelacionfm.cl\/wp-content\/uploads\/2021\/06\/AMPLIACION-DIVISADERO-1.jpg 1200w, https:\/\/radiorevelacionfm.cl\/wp-content\/uploads\/2021\/06\/AMPLIACION-DIVISADERO-1-300x162.jpg 300w, https:\/\/radiorevelacionfm.cl\/wp-content\/uploads\/2021\/06\/AMPLIACION-DIVISADERO-1-1030x557.jpg 1030w, https:\/\/radiorevelacionfm.cl\/wp-content\/uploads\/2021\/06\/AMPLIACION-DIVISADERO-1-768x415.jpg 768w, https:\/\/radiorevelacionfm.cl\/wp-content\/uploads\/2021\/06\/AMPLIACION-DIVISADERO-1-705x381.jpg 705w, https:\/\/radiorevelacionfm.cl\/wp-content\/uploads\/2021\/06\/AMPLIACION-DIVISADERO-1-600x325.jpg 600w\" sizes=\"(max-width: 1200px) 100vw, 1200px\" \/><\/div><\/div><\/div><\/div><div class=\"flex_column av_one_full  flex_column_div av-zero-column-padding first  avia-builder-el-2  el_after_av_one_full  el_before_av_one_full  column-top-margin\" style='border-radius:0px; '><section class=\"av_textblock_section \"  itemscope=\"itemscope\" itemtype=\"https:\/\/schema.org\/BlogPosting\" itemprop=\"blogPost\" ><div class='avia_textblock  '   itemprop=\"text\" ><p style=\"text-align: center;\"><strong><span style=\"font-size: 18pt;\">Vecinos de ampliaci\u00f3n Villa el Divisadero se re\u00fanen con diputado Calisto y alcalde (E) Gatica por demora en el retiro de basura domiciliaria<\/span><\/strong><\/p>\n<div id=\"gtx-trans\" style=\"position: absolute; left: -50px; top: 4.31534px;\">\n<div class=\"gtx-trans-icon\"><\/div>\n<\/div>\n<\/div><\/section><\/div><div class=\"flex_column av_one_full  flex_column_div av-zero-column-padding first  avia-builder-el-4  el_after_av_one_full  el_before_av_hr  column-top-margin\" style='border-radius:0px; '><section class=\"av_textblock_section \"  itemscope=\"itemscope\" itemtype=\"https:\/\/schema.org\/BlogPosting\" itemprop=\"blogPost\" ><div class='avia_textblock  '   itemprop=\"text\" ><p style=\"font-weight: 400; text-align: justify;\">Con la intenci\u00f3n de conocer en terreno una serie de problemas que tienen los vecinos de la poblaci\u00f3n ampliaci\u00f3n el Divisadero, especialmente por la demora del retiro de basura domiciliaria, el diputado Miguel \u00c1ngel Calisto y el alcalde electo de Coyhaique, Carlos Gatica, se trasladaron hasta este sector de la ciudad, lugar donde se reunieron con la comunidad.<\/p>\n<p style=\"font-weight: 400; text-align: justify;\">Seg\u00fan Nicole Medina, vecina del sector, \u201ces muy intermitente el tema del retiro de la basura en el sector alto, por lo que se acumula en grandes cantidades y en grandes tama\u00f1os tambi\u00e9n, porque ac\u00e1 no solamente vienen a botar residuos domiciliarios, sino que tambi\u00e9n botan otro tipo de elementos. Esto se vuelve nocivo, porque los ni\u00f1os terminan jugando entre la basura al final del d\u00eda\u201d.<\/p>\n<p style=\"font-weight: 400; text-align: justify;\">\u201cTenemos otro problema con las aguas lluvias, porque hay una cascada arriba que abre brazos subterr\u00e1neos y est\u00e1 mojando las viviendas que est\u00e1n m\u00e1s abajo. Como es un terreno privado, no puede intervenir la Direcci\u00f3n de Obras Hidr\u00e1ulicas, por lo que se est\u00e1n buscando alternativas para desviar este cause de agua y evitar que las casas se humedezcan\u201d, indic\u00f3.<\/p>\n<p style=\"font-weight: 400; text-align: justify;\">Seg\u00fan el diputado Miguel \u00c1ngel Calisto, \u201cel tema de la basura domiciliaria es algo que lleva mucho tiempo, porque los contenedores se llenan y se demora mucho el retiro de estos desperdicios, lo que genera serios problemas a las familias, con calles donde juegan ni\u00f1os que se mantienen con la basura acumulada\u201d.<\/p>\n<p style=\"font-weight: 400; text-align: justify;\">Calisto agreg\u00f3 que \u201ctambi\u00e9n hay otros vecinos que tienen un problema con la calefacci\u00f3n. Ya nos reunimos con el director de Serviu y Seremi de Vivienda para buscar una soluci\u00f3n. Nos informaron que se licit\u00f3 por una nueva empresa que va a empezar a ejecutar las obras durante las pr\u00f3ximas semanas. Estamos avanzado con estas gestiones, que son muy importantes para los vecinos del sector ampliaci\u00f3n Divisadero en la comuna de Coyhaique\u201d.<\/p>\n<p style=\"font-weight: 400; text-align: justify;\">Por su parte, el alcalde (E) de Coyhaique, Carlos Gatica, se\u00f1al\u00f3 que \u201clo que pudimos constatar es que existen problemas, tanto del retiro de los residuos s\u00f3lidos domiciliarios, de la basura y tambi\u00e9n de temas de seguridad, como tambi\u00e9n con la calefacci\u00f3n de las casas de estos vecinos. Estamos trabajando en un plan y en un proyecto de retiro de basura de nuestros hogares en todo Coyhaique, y que contempla la actualizaci\u00f3n de este plan para considerar sectores como la villa ampliaci\u00f3n Divisadero\u201d.<\/p>\n<p style=\"font-weight: 400; text-align: justify;\">\u201cTambi\u00e9n vamos a implementar un proyecto de seguridad ciudadana, y por otro lado, ver lo que significa desarrollar \u00e1reas verdes y de recreaci\u00f3n para nuestros ni\u00f1os y la poblaci\u00f3n en general\u201d, indic\u00f3 el alcalde electo.<\/p>\n<p style=\"font-weight: 400; text-align: justify;\">Finalmente, la vecina Nicole Medina se\u00f1al\u00f3 que \u201ctanto el diputado como el alcalde (e) fueron s\u00faper \u00e1giles, porque nos pudimos reunir casi de inmediato cuando solicitamos la reuni\u00f3n. Es muy buena la disposici\u00f3n que tienen, el nuevo alcalde se nota que quiere ayudar y con el diputado Calisto hacen un buen equipo en post de la ciudadan\u00eda\u201d.<\/p>\n<\/div><\/section><\/div><div  style='height:50px' class='hr hr-invisible   avia-builder-el-6  el_after_av_one_full  el_before_av_social_share '><span class='hr-inner ' ><span class='hr-inner-style'><\/span><\/span><\/div><\/p>\n<div  class='av-social-sharing-box  avia-builder-el-7  el_after_av_hr  el_before_av_hr  '><div class='av-share-box'><h5 class='av-share-link-description av-no-toc '>Compartir esta noticia<\/h5><ul class='av-share-box-list noLightbox'><li class='av-share-link av-social-link-facebook' ><a target=\"_blank\" aria-label=\"Compartir en Facebook\" href='https:\/\/www.facebook.com\/sharer.php?u=https:\/\/radiorevelacionfm.cl\/?p=5251&#038;t=Vecinos%20de%20ampliaci%C3%B3n%20Villa%20el%20Divisadero%20se%20re%C3%BAnen%20con%20diputado%20Calisto%20y%20alcalde%20%28E%29%20Gatica%20por%20demora%20en%20el%20retiro%20de%20basura%20domiciliaria' aria-hidden='false' data-av_icon='\ue8f3' data-av_iconfont='entypo-fontello' title='' data-avia-related-tooltip='Compartir en Facebook' rel=\"noopener\"><span class='avia_hidden_link_text'>Compartir en Facebook<\/span><\/a><\/li><li class='av-share-link av-social-link-twitter' ><a target=\"_blank\" aria-label=\"Compartir en Twitter\" href='https:\/\/twitter.com\/share?text=Vecinos%20de%20ampliaci%C3%B3n%20Villa%20el%20Divisadero%20se%20re%C3%BAnen%20con%20diputado%20Calisto%20y%20alcalde%20%28E%29%20Gatica%20por%20demora%20en%20el%20retiro%20de%20basura%20domiciliaria&#038;url=https:\/\/radiorevelacionfm.cl\/?p=5251' aria-hidden='false' data-av_icon='\ue8f1' data-av_iconfont='entypo-fontello' title='' data-avia-related-tooltip='Compartir en Twitter' rel=\"noopener\"><span class='avia_hidden_link_text'>Compartir en Twitter<\/span><\/a><\/li><li class='av-share-link av-social-link-whatsapp' ><a target=\"_blank\" aria-label=\"Compartir en Whatsapp\" href='https:\/\/api.whatsapp.com\/send?text=https:\/\/radiorevelacionfm.cl\/?p=5251' aria-hidden='false' data-av_icon='\uf232' data-av_iconfont='entypo-fontello' title='' data-avia-related-tooltip='Compartir en Whatsapp' rel=\"noopener\"><span class='avia_hidden_link_text'>Compartir en Whatsapp<\/span><\/a><\/li><li class='av-share-link av-social-link-linkedin' ><a target=\"_blank\" aria-label=\"Compartir en LinkedIn\" href='https:\/\/linkedin.com\/shareArticle?mini=true&#038;title=Vecinos%20de%20ampliaci%C3%B3n%20Villa%20el%20Divisadero%20se%20re%C3%BAnen%20con%20diputado%20Calisto%20y%20alcalde%20%28E%29%20Gatica%20por%20demora%20en%20el%20retiro%20de%20basura%20domiciliaria&#038;url=https:\/\/radiorevelacionfm.cl\/?p=5251' aria-hidden='false' data-av_icon='\ue8fc' data-av_iconfont='entypo-fontello' title='' data-avia-related-tooltip='Compartir en LinkedIn' rel=\"noopener\"><span class='avia_hidden_link_text'>Compartir en LinkedIn<\/span><\/a><\/li><li class='av-share-link av-social-link-mail' ><a  aria-label=\"Compartir por correo\" href='mailto:?subject=Vecinos%20de%20ampliaci%C3%B3n%20Villa%20el%20Divisadero%20se%20re%C3%BAnen%20con%20diputado%20Calisto%20y%20alcalde%20%28E%29%20Gatica%20por%20demora%20en%20el%20retiro%20de%20basura%20domiciliaria&#038;body=https:\/\/radiorevelacionfm.cl\/?p=5251' aria-hidden='false' data-av_icon='\ue805' data-av_iconfont='entypo-fontello' title='' data-avia-related-tooltip='Compartir por correo'><span class='avia_hidden_link_text'>Compartir por correo<\/span><\/a><\/li><\/ul><\/div><\/div>\n<div  style='height:50px' class='hr hr-invisible   avia-builder-el-8  el_after_av_social_share  el_before_av_comments_list '><span class='hr-inner ' ><span class='hr-inner-style'><\/span><\/span><\/div>\n<div  class='av-buildercomment  av-blog-meta-html-info-disabled av-blog-meta-tag-disabled  '><\/div>\n","protected":false},"excerpt":{"rendered":"","protected":false},"author":1,"featured_media":5252,"comment_status":"open","ping_status":"open","sticky":false,"template":"","format":"standard","meta":{"footnotes":""},"categories":[38],"tags":[],"class_list":["post-5251","post","type-post","status-publish","format-standard","has-post-thumbnail","hentry","category-regional"],"jetpack_featured_media_url":"https:\/\/radiorevelacionfm.cl\/wp-content\/uploads\/2021\/06\/AMPLIACION-DIVISADERO-1.jpg","_links":{"self":[{"href":"https:\/\/radiorevelacionfm.cl\/index.php?rest_route=\/wp\/v2\/posts\/5251","targetHints":{"allow":["GET"]}}],"collection":[{"href":"https:\/\/radiorevelacionfm.cl\/index.php?rest_route=\/wp\/v2\/posts"}],"about":[{"href":"https:\/\/radiorevelacionfm.cl\/index.php?rest_route=\/wp\/v2\/types\/post"}],"author":[{"embeddable":true,"href":"https:\/\/radiorevelacionfm.cl\/index.php?rest_route=\/wp\/v2\/users\/1"}],"replies":[{"embeddable":true,"href":"https:\/\/radiorevelacionfm.cl\/index.php?rest_route=%2Fwp%2Fv2%2Fcomments&post=5251"}],"version-history":[{"count":1,"href":"https:\/\/radiorevelacionfm.cl\/index.php?rest_route=\/wp\/v2\/posts\/5251\/revisions"}],"predecessor-version":[{"id":5253,"href":"https:\/\/radiorevelacionfm.cl\/index.php?rest_route=\/wp\/v2\/posts\/5251\/revisions\/5253"}],"wp:featuredmedia":[{"embeddable":true,"href":"https:\/\/radiorevelacionfm.cl\/index.php?rest_route=\/wp\/v2\/media\/5252"}],"wp:attachment":[{"href":"https:\/\/radiorevelacionfm.cl\/index.php?rest_route=%2Fwp%2Fv2%2Fmedia&parent=5251"}],"wp:term":[{"taxonomy":"category","embeddable":true,"href":"https:\/\/radiorevelacionfm.cl\/index.php?rest_route=%2Fwp%2Fv2%2Fcategories&post=5251"},{"taxonomy":"post_tag","embeddable":true,"href":"https:\/\/radiorevelacionfm.cl\/index.php?rest_route=%2Fwp%2Fv2%2Ftags&post=5251"}],"curies":[{"name":"wp","href":"https:\/\/api.w.org\/{rel}","templated":true}]}}