{"id":52508,"date":"2025-04-10T16:32:28","date_gmt":"2025-04-10T19:32:28","guid":{"rendered":"https:\/\/radiorevelacionfm.cl\/?p=52508"},"modified":"2025-04-10T16:32:28","modified_gmt":"2025-04-10T19:32:28","slug":"soldado-conscripto-dedica-sus-ratos-libres-a-la-pintura-y-retrata-a-bartolome-vivar","status":"publish","type":"post","link":"https:\/\/radiorevelacionfm.cl\/?p=52508","title":{"rendered":"Soldado conscripto dedica sus ratos libres a la pintura y retrata a Bartolom\u00e9 Vivar"},"content":{"rendered":"<div class=\"flex_column av_one_full  flex_column_div av-zero-column-padding first  avia-builder-el-0  el_before_av_one_full  avia-builder-el-first  \" style='border-radius:0px; '><div  class='avia-image-container  av-styling-    avia-builder-el-1  avia-builder-el-no-sibling  avia-align-center '  itemprop=\"image\" itemscope=\"itemscope\" itemtype=\"https:\/\/schema.org\/ImageObject\"  ><div class='avia-image-container-inner'><div class='avia-image-overlay-wrap'><img decoding=\"async\" class='wp-image-52509 avia-img-lazy-loading-not-52509 avia_image' src=\"https:\/\/radiorevelacionfm.cl\/wp-content\/uploads\/2025\/04\/whatsapp-image-2025-04-10-at-13_optimized.59.30-1-2-1.jpeg\" alt='' title='whatsapp-image-2025-04-10-at-13_optimized.59.30-(1)-(2)-(1)' height=\"600\" width=\"900\"  itemprop=\"thumbnailUrl\" srcset=\"https:\/\/radiorevelacionfm.cl\/wp-content\/uploads\/2025\/04\/whatsapp-image-2025-04-10-at-13_optimized.59.30-1-2-1.jpeg 900w, https:\/\/radiorevelacionfm.cl\/wp-content\/uploads\/2025\/04\/whatsapp-image-2025-04-10-at-13_optimized.59.30-1-2-1-300x200.jpeg 300w, https:\/\/radiorevelacionfm.cl\/wp-content\/uploads\/2025\/04\/whatsapp-image-2025-04-10-at-13_optimized.59.30-1-2-1-768x512.jpeg 768w, https:\/\/radiorevelacionfm.cl\/wp-content\/uploads\/2025\/04\/whatsapp-image-2025-04-10-at-13_optimized.59.30-1-2-1-705x470.jpeg 705w, https:\/\/radiorevelacionfm.cl\/wp-content\/uploads\/2025\/04\/whatsapp-image-2025-04-10-at-13_optimized.59.30-1-2-1-450x300.jpeg 450w, https:\/\/radiorevelacionfm.cl\/wp-content\/uploads\/2025\/04\/whatsapp-image-2025-04-10-at-13_optimized.59.30-1-2-1-600x400.jpeg 600w\" sizes=\"(max-width: 900px) 100vw, 900px\" \/><\/div><\/div><\/div><\/div><div class=\"flex_column av_one_full  flex_column_div av-zero-column-padding first  avia-builder-el-2  el_after_av_one_full  el_before_av_one_full  column-top-margin\" style='border-radius:0px; '><section class=\"av_textblock_section \"  itemscope=\"itemscope\" itemtype=\"https:\/\/schema.org\/BlogPosting\" itemprop=\"blogPost\" ><div class='avia_textblock  '   itemprop=\"text\" ><p style=\"text-align: center;\"><span style=\"font-size: 18pt;\"><strong>Soldado conscripto dedica sus ratos libres a la pintura y retrata a Bartolom\u00e9 Vivar<\/strong><\/span><\/p>\n<div id=\"gtx-trans\" style=\"position: absolute; left: -50px; top: 4.31534px;\">\n<div class=\"gtx-trans-icon\"><\/div>\n<\/div>\n<\/div><\/section><\/div><div class=\"flex_column av_one_full  flex_column_div av-zero-column-padding first  avia-builder-el-4  el_after_av_one_full  el_before_av_hr  column-top-margin\" style='border-radius:0px; '><section class=\"av_textblock_section \"  itemscope=\"itemscope\" itemtype=\"https:\/\/schema.org\/BlogPosting\" itemprop=\"blogPost\" ><div class='avia_textblock  '   itemprop=\"text\" ><p style=\"text-align: justify;\">En un rinc\u00f3n tranquilo del cuartel, lejos del estruendo de las marchas y las \u00f3rdenes del d\u00eda, un joven soldado conscripto transforma el silencio en arte. Se trata de Alfredo Lozano Nova (19), oriundo de Concepci\u00f3n, quien cumple su deber c\u00edvico en el Destacamento Motorizado N\u00b014 \u201cAys\u00e9n\u201d, y durante su servicio militar, ha encontrado en la pintura una forma de expresi\u00f3n que contrasta con la rutina marcial de la vida castrense.<\/p>\n<p style=\"text-align: justify;\">Su pasi\u00f3n por el arte comenz\u00f3 a\u00f1os atr\u00e1s, en el colegio, donde dio sus primeros pasos con l\u00e1pices y t\u00e9mperas. Pronto, su talento natural lo hizo destacar entre sus compa\u00f1eros. Particip\u00f3 en diversos concursos escolares de pintura, obteniendo primeros lugares. <em>\u201cAh\u00ed descubr\u00ed que pintar no era solo un pasatiempo, sino algo que realmente me mov\u00eda por dentro\u201d<\/em>, recuerda.<\/p>\n<p style=\"text-align: justify;\">Armado con \u00f3leos, pinceles y una peque\u00f1a tela montada sobre un bastidor improvisado, Alfredo dedica sus tiempos libres en la unidad a capturar im\u00e1genes que lo inspiran. Su obra m\u00e1s reciente y significativa es un retrato al \u00f3leo del hist\u00f3rico Bartolom\u00e9 Vivar, personaje emblem\u00e1tico del pasado colonial chileno\u00a0 y patron\u00edmico del Destacamento Motorizado N\u00b014 \u201cAys\u00e9n\u201d.<\/p>\n<p style=\"text-align: justify;\"><em>\u00abMe interes\u00f3 su historia, su legado, y pens\u00e9 que merec\u00eda un retrato\u00bb<\/em>, comenta el joven artista, mientras limpia sus pinceles con meticulosidad casi militar. <em>\u00abAunque pocos lo conocen, Bartolom\u00e9 Vivar tuvo un rol importante en nuestra historia, y quise rendirle homenaje desde mi trinchera art\u00edstica\u00bb.<\/em><\/p>\n<p style=\"text-align: justify;\">El cuadro, que muestra a Vivar con mirada firme y atuendo militar de anta\u00f1o, ha despertado el inter\u00e9s de superiores y compa\u00f1eros por igual. Algunos incluso proponen exhibirlo en la sala de historia de la unidad, como testimonio del talento y sensibilidad que puede florecer incluso en el entorno m\u00e1s disciplinado.<\/p>\n<p style=\"text-align: justify;\">Lozano asegura que la pintura le da calma. Me permite pensar, recordar mis ra\u00edces y proyectarme\u201d, agrega.<\/p>\n<p style=\"text-align: justify;\">Finalmente, el joven conscripto una vez terminado su Servicio desea continuar con la carrera militar , y postular a las Escuelas Matrices.<\/p>\n<\/div><\/section><\/div><div  style='height:50px' class='hr hr-invisible   avia-builder-el-6  el_after_av_one_full  el_before_av_social_share '><span class='hr-inner ' ><span class='hr-inner-style'><\/span><\/span><\/div><\/p>\n<div  class='av-social-sharing-box  avia-builder-el-7  el_after_av_hr  el_before_av_hr  '><div class='av-share-box'><h5 class='av-share-link-description av-no-toc '>Compartir esta noticia<\/h5><ul class='av-share-box-list noLightbox'><li class='av-share-link av-social-link-facebook' ><a target=\"_blank\" aria-label=\"Compartir en Facebook\" href='https:\/\/www.facebook.com\/sharer.php?u=https:\/\/radiorevelacionfm.cl\/?p=52508&#038;t=Soldado%20conscripto%20dedica%20sus%20ratos%20libres%20a%20la%20pintura%20y%20retrata%20a%20Bartolom%C3%A9%20Vivar' aria-hidden='false' data-av_icon='\ue8f3' data-av_iconfont='entypo-fontello' title='' data-avia-related-tooltip='Compartir en Facebook' rel=\"noopener\"><span class='avia_hidden_link_text'>Compartir en Facebook<\/span><\/a><\/li><li class='av-share-link av-social-link-twitter' ><a target=\"_blank\" aria-label=\"Compartir en Twitter\" href='https:\/\/twitter.com\/share?text=Soldado%20conscripto%20dedica%20sus%20ratos%20libres%20a%20la%20pintura%20y%20retrata%20a%20Bartolom%C3%A9%20Vivar&#038;url=https:\/\/radiorevelacionfm.cl\/?p=52508' aria-hidden='false' data-av_icon='\ue8f1' data-av_iconfont='entypo-fontello' title='' data-avia-related-tooltip='Compartir en Twitter' rel=\"noopener\"><span class='avia_hidden_link_text'>Compartir en Twitter<\/span><\/a><\/li><li class='av-share-link av-social-link-whatsapp' ><a target=\"_blank\" aria-label=\"Compartir en Whatsapp\" href='https:\/\/api.whatsapp.com\/send?text=https:\/\/radiorevelacionfm.cl\/?p=52508' aria-hidden='false' data-av_icon='\uf232' data-av_iconfont='entypo-fontello' title='' data-avia-related-tooltip='Compartir en Whatsapp' rel=\"noopener\"><span class='avia_hidden_link_text'>Compartir en Whatsapp<\/span><\/a><\/li><li class='av-share-link av-social-link-linkedin' ><a target=\"_blank\" aria-label=\"Compartir en LinkedIn\" href='https:\/\/linkedin.com\/shareArticle?mini=true&#038;title=Soldado%20conscripto%20dedica%20sus%20ratos%20libres%20a%20la%20pintura%20y%20retrata%20a%20Bartolom%C3%A9%20Vivar&#038;url=https:\/\/radiorevelacionfm.cl\/?p=52508' aria-hidden='false' data-av_icon='\ue8fc' data-av_iconfont='entypo-fontello' title='' data-avia-related-tooltip='Compartir en LinkedIn' rel=\"noopener\"><span class='avia_hidden_link_text'>Compartir en LinkedIn<\/span><\/a><\/li><li class='av-share-link av-social-link-mail' ><a  aria-label=\"Compartir por correo\" href='mailto:?subject=Soldado%20conscripto%20dedica%20sus%20ratos%20libres%20a%20la%20pintura%20y%20retrata%20a%20Bartolom%C3%A9%20Vivar&#038;body=https:\/\/radiorevelacionfm.cl\/?p=52508' aria-hidden='false' data-av_icon='\ue805' data-av_iconfont='entypo-fontello' title='' data-avia-related-tooltip='Compartir por correo'><span class='avia_hidden_link_text'>Compartir por correo<\/span><\/a><\/li><\/ul><\/div><\/div>\n<div  style='height:50px' class='hr hr-invisible   avia-builder-el-8  el_after_av_social_share  el_before_av_comments_list '><span class='hr-inner ' ><span class='hr-inner-style'><\/span><\/span><\/div>\n<div  class='av-buildercomment  av-blog-meta-html-info-disabled av-blog-meta-tag-disabled  '><\/div>\n","protected":false},"excerpt":{"rendered":"","protected":false},"author":1,"featured_media":52509,"comment_status":"closed","ping_status":"closed","sticky":false,"template":"","format":"standard","meta":{"footnotes":""},"categories":[38],"tags":[],"class_list":["post-52508","post","type-post","status-publish","format-standard","has-post-thumbnail","hentry","category-regional"],"jetpack_featured_media_url":"https:\/\/radiorevelacionfm.cl\/wp-content\/uploads\/2025\/04\/whatsapp-image-2025-04-10-at-13_optimized.59.30-1-2-1.jpeg","_links":{"self":[{"href":"https:\/\/radiorevelacionfm.cl\/index.php?rest_route=\/wp\/v2\/posts\/52508","targetHints":{"allow":["GET"]}}],"collection":[{"href":"https:\/\/radiorevelacionfm.cl\/index.php?rest_route=\/wp\/v2\/posts"}],"about":[{"href":"https:\/\/radiorevelacionfm.cl\/index.php?rest_route=\/wp\/v2\/types\/post"}],"author":[{"embeddable":true,"href":"https:\/\/radiorevelacionfm.cl\/index.php?rest_route=\/wp\/v2\/users\/1"}],"replies":[{"embeddable":true,"href":"https:\/\/radiorevelacionfm.cl\/index.php?rest_route=%2Fwp%2Fv2%2Fcomments&post=52508"}],"version-history":[{"count":2,"href":"https:\/\/radiorevelacionfm.cl\/index.php?rest_route=\/wp\/v2\/posts\/52508\/revisions"}],"predecessor-version":[{"id":52511,"href":"https:\/\/radiorevelacionfm.cl\/index.php?rest_route=\/wp\/v2\/posts\/52508\/revisions\/52511"}],"wp:featuredmedia":[{"embeddable":true,"href":"https:\/\/radiorevelacionfm.cl\/index.php?rest_route=\/wp\/v2\/media\/52509"}],"wp:attachment":[{"href":"https:\/\/radiorevelacionfm.cl\/index.php?rest_route=%2Fwp%2Fv2%2Fmedia&parent=52508"}],"wp:term":[{"taxonomy":"category","embeddable":true,"href":"https:\/\/radiorevelacionfm.cl\/index.php?rest_route=%2Fwp%2Fv2%2Fcategories&post=52508"},{"taxonomy":"post_tag","embeddable":true,"href":"https:\/\/radiorevelacionfm.cl\/index.php?rest_route=%2Fwp%2Fv2%2Ftags&post=52508"}],"curies":[{"name":"wp","href":"https:\/\/api.w.org\/{rel}","templated":true}]}}