{"id":52500,"date":"2025-04-10T15:52:07","date_gmt":"2025-04-10T18:52:07","guid":{"rendered":"https:\/\/radiorevelacionfm.cl\/?p=52500"},"modified":"2025-04-10T15:52:07","modified_gmt":"2025-04-10T18:52:07","slug":"inauguran-infraestructura-con-accesibilidad-universal-en-la-turistica-cueva-de-las-manos","status":"publish","type":"post","link":"https:\/\/radiorevelacionfm.cl\/?p=52500","title":{"rendered":"Inauguran infraestructura con accesibilidad universal en la tur\u00edstica Cueva de las Manos"},"content":{"rendered":"<div class=\"flex_column av_one_full  flex_column_div av-zero-column-padding first  avia-builder-el-0  el_before_av_one_full  avia-builder-el-first  \" style='border-radius:0px; '><div  class='avia-image-container  av-styling-    avia-builder-el-1  avia-builder-el-no-sibling  avia-align-center '  itemprop=\"image\" itemscope=\"itemscope\" itemtype=\"https:\/\/schema.org\/ImageObject\"  ><div class='avia-image-container-inner'><div class='avia-image-overlay-wrap'><img decoding=\"async\" class='wp-image-52501 avia-img-lazy-loading-not-52501 avia_image' src=\"https:\/\/radiorevelacionfm.cl\/wp-content\/uploads\/2025\/04\/FOTO4-1-1.jpeg\" alt='' title='FOTO4 (1) (1)' height=\"600\" width=\"899\"  itemprop=\"thumbnailUrl\" srcset=\"https:\/\/radiorevelacionfm.cl\/wp-content\/uploads\/2025\/04\/FOTO4-1-1.jpeg 899w, https:\/\/radiorevelacionfm.cl\/wp-content\/uploads\/2025\/04\/FOTO4-1-1-300x200.jpeg 300w, https:\/\/radiorevelacionfm.cl\/wp-content\/uploads\/2025\/04\/FOTO4-1-1-768x513.jpeg 768w, https:\/\/radiorevelacionfm.cl\/wp-content\/uploads\/2025\/04\/FOTO4-1-1-705x471.jpeg 705w, https:\/\/radiorevelacionfm.cl\/wp-content\/uploads\/2025\/04\/FOTO4-1-1-450x300.jpeg 450w, https:\/\/radiorevelacionfm.cl\/wp-content\/uploads\/2025\/04\/FOTO4-1-1-600x400.jpeg 600w\" sizes=\"(max-width: 899px) 100vw, 899px\" \/><\/div><\/div><\/div><\/div><div class=\"flex_column av_one_full  flex_column_div av-zero-column-padding first  avia-builder-el-2  el_after_av_one_full  el_before_av_one_full  column-top-margin\" style='border-radius:0px; '><section class=\"av_textblock_section \"  itemscope=\"itemscope\" itemtype=\"https:\/\/schema.org\/BlogPosting\" itemprop=\"blogPost\" ><div class='avia_textblock  '   itemprop=\"text\" ><p style=\"text-align: center;\"><strong><span style=\"font-size: 18pt;\">Inauguran infraestructura con accesibilidad universal en la tur\u00edstica Cueva de las Manos<\/span><\/strong><\/p>\n<div id=\"gtx-trans\" style=\"position: absolute; left: -50px; top: 4.31534px;\">\n<div class=\"gtx-trans-icon\"><\/div>\n<\/div>\n<\/div><\/section><\/div><div class=\"flex_column av_one_full  flex_column_div av-zero-column-padding first  avia-builder-el-4  el_after_av_one_full  el_before_av_hr  column-top-margin\" style='border-radius:0px; '><section class=\"av_textblock_section \"  itemscope=\"itemscope\" itemtype=\"https:\/\/schema.org\/BlogPosting\" itemprop=\"blogPost\" ><div class='avia_textblock  '   itemprop=\"text\" ><p style=\"text-align: justify;\">El proyecto consider\u00f3 un circuito de m\u00e1s 7 kil\u00f3metros que incluye zonas de pasarelas, de descanso, puente, bancas, escalerines, estacionamientos, letreros gu\u00edas y otras estructuras con una inversi\u00f3n total superior a los mil ochocientos setenta y seis millones de pesos financiados por el Gobierno Regional de Ays\u00e9n y Su Consejo.<\/p>\n<p style=\"text-align: justify;\">En la reciente sesi\u00f3n del Consejo Regional de Ays\u00e9n en la comuna de Chile Chico y en el impresionante sector de Jeinimeni, se marc\u00f3 un importante hito con la inauguraci\u00f3n de las nuevas obras que permitir\u00e1n un acceso m\u00e1s inclusivo y seguro a este invaluable patrimonio natural y cultural. Al lugar asistieron el Gobernador Regional Marcelo Santana, junto a consejeras y consejeros regionales, autoridades de Obras P\u00fablicas, de Conaf, entre otras.<\/p>\n<p style=\"text-align: justify;\">Un sendero con accesibilidad universal y una ruta mejorada, que facilitar\u00e1 el ingreso de visitantes y permitir\u00e1 que m\u00e1s personas puedan conocer y disfrutar de este sitio \u00fanico, donde el arte rupestre de nuestros ancestros se encuentra con la majestuosidad de la Patagonia.<\/p>\n<p style=\"text-align: justify;\">Este proyecto es el resultado del trabajo conjunto entre el Gobierno Regional y su Consejo, la Seremi de Obras P\u00fablicas, CONAF y diversos servicios p\u00fablicos, y tuvo como objetivo la conservaci\u00f3n del patrimonio cultural y arqueol\u00f3gico de la regi\u00f3n de Ays\u00e9n, junto con mejorar la experiencia de quienes visitan esta \u00e1rea protegida, lo que demuestra que cuando se unen esfuerzos, se logran avances concretos para el desarrollo tur\u00edstico y la conservaci\u00f3n de nuestro territorio.<\/p>\n<p style=\"text-align: justify;\">Respecto a este importante proyecto, el Gobernador Regional Marcelo Santana Vargas se\u00f1al\u00f3\u00a0\u00abEsto no solo habilita que los vecinos puedan acceder a este sendero inclusivo, sino que tambi\u00e9n permite desarrollo econ\u00f3mico y local; lo que queremos es infraestructura habilitante para que los parques generen desarrollo econ\u00f3mico y tur\u00edstico, y adem\u00e1s que promuevan la conservaci\u00f3n de estos espacios que ya est\u00e1n protegidos por ley\u00bb, finaliz\u00f3.<\/p>\n<p style=\"text-align: justify;\">El proyecto \u00abConstrucci\u00f3n Infraestructura Cueva de las Manos, sector Jeinimeni del Parque Nacional Patagonia\u00bb, considera un circuito de m\u00e1s de 7 kil\u00f3metros, con 1035 metros asfaltados en el mirador del Valle para personas con movilidad reducida; lo que incluye adem\u00e1s zonas de pasarelas, de descanso, puente, bancas, escalerines, estacionamientos, letreros gu\u00edas y otras estructuras, con una inversi\u00f3n total de $1.876.632.865, financiada por el Gobierno Regional de Ays\u00e9n.<\/p>\n<\/div><\/section><\/div><div  style='height:50px' class='hr hr-invisible   avia-builder-el-6  el_after_av_one_full  el_before_av_social_share '><span class='hr-inner ' ><span class='hr-inner-style'><\/span><\/span><\/div><\/p>\n<div  class='av-social-sharing-box  avia-builder-el-7  el_after_av_hr  el_before_av_hr  '><div class='av-share-box'><h5 class='av-share-link-description av-no-toc '>Compartir esta noticia<\/h5><ul class='av-share-box-list noLightbox'><li class='av-share-link av-social-link-facebook' ><a target=\"_blank\" aria-label=\"Compartir en Facebook\" href='https:\/\/www.facebook.com\/sharer.php?u=https:\/\/radiorevelacionfm.cl\/?p=52500&#038;t=Inauguran%20infraestructura%20con%20accesibilidad%20universal%20en%20la%20tur%C3%ADstica%20Cueva%20de%20las%20Manos' aria-hidden='false' data-av_icon='\ue8f3' data-av_iconfont='entypo-fontello' title='' data-avia-related-tooltip='Compartir en Facebook' rel=\"noopener\"><span class='avia_hidden_link_text'>Compartir en Facebook<\/span><\/a><\/li><li class='av-share-link av-social-link-twitter' ><a target=\"_blank\" aria-label=\"Compartir en Twitter\" href='https:\/\/twitter.com\/share?text=Inauguran%20infraestructura%20con%20accesibilidad%20universal%20en%20la%20tur%C3%ADstica%20Cueva%20de%20las%20Manos&#038;url=https:\/\/radiorevelacionfm.cl\/?p=52500' aria-hidden='false' data-av_icon='\ue8f1' data-av_iconfont='entypo-fontello' title='' data-avia-related-tooltip='Compartir en Twitter' rel=\"noopener\"><span class='avia_hidden_link_text'>Compartir en Twitter<\/span><\/a><\/li><li class='av-share-link av-social-link-whatsapp' ><a target=\"_blank\" aria-label=\"Compartir en Whatsapp\" href='https:\/\/api.whatsapp.com\/send?text=https:\/\/radiorevelacionfm.cl\/?p=52500' aria-hidden='false' data-av_icon='\uf232' data-av_iconfont='entypo-fontello' title='' data-avia-related-tooltip='Compartir en Whatsapp' rel=\"noopener\"><span class='avia_hidden_link_text'>Compartir en Whatsapp<\/span><\/a><\/li><li class='av-share-link av-social-link-linkedin' ><a target=\"_blank\" aria-label=\"Compartir en LinkedIn\" href='https:\/\/linkedin.com\/shareArticle?mini=true&#038;title=Inauguran%20infraestructura%20con%20accesibilidad%20universal%20en%20la%20tur%C3%ADstica%20Cueva%20de%20las%20Manos&#038;url=https:\/\/radiorevelacionfm.cl\/?p=52500' aria-hidden='false' data-av_icon='\ue8fc' data-av_iconfont='entypo-fontello' title='' data-avia-related-tooltip='Compartir en LinkedIn' rel=\"noopener\"><span class='avia_hidden_link_text'>Compartir en LinkedIn<\/span><\/a><\/li><li class='av-share-link av-social-link-mail' ><a  aria-label=\"Compartir por correo\" href='mailto:?subject=Inauguran%20infraestructura%20con%20accesibilidad%20universal%20en%20la%20tur%C3%ADstica%20Cueva%20de%20las%20Manos&#038;body=https:\/\/radiorevelacionfm.cl\/?p=52500' aria-hidden='false' data-av_icon='\ue805' data-av_iconfont='entypo-fontello' title='' data-avia-related-tooltip='Compartir por correo'><span class='avia_hidden_link_text'>Compartir por correo<\/span><\/a><\/li><\/ul><\/div><\/div>\n<div  style='height:50px' class='hr hr-invisible   avia-builder-el-8  el_after_av_social_share  el_before_av_comments_list '><span class='hr-inner ' ><span class='hr-inner-style'><\/span><\/span><\/div>\n<div  class='av-buildercomment  av-blog-meta-html-info-disabled av-blog-meta-tag-disabled  '><\/div>\n","protected":false},"excerpt":{"rendered":"","protected":false},"author":1,"featured_media":52501,"comment_status":"closed","ping_status":"closed","sticky":false,"template":"","format":"standard","meta":{"footnotes":""},"categories":[38],"tags":[],"class_list":["post-52500","post","type-post","status-publish","format-standard","has-post-thumbnail","hentry","category-regional"],"jetpack_featured_media_url":"https:\/\/radiorevelacionfm.cl\/wp-content\/uploads\/2025\/04\/FOTO4-1-1.jpeg","_links":{"self":[{"href":"https:\/\/radiorevelacionfm.cl\/index.php?rest_route=\/wp\/v2\/posts\/52500","targetHints":{"allow":["GET"]}}],"collection":[{"href":"https:\/\/radiorevelacionfm.cl\/index.php?rest_route=\/wp\/v2\/posts"}],"about":[{"href":"https:\/\/radiorevelacionfm.cl\/index.php?rest_route=\/wp\/v2\/types\/post"}],"author":[{"embeddable":true,"href":"https:\/\/radiorevelacionfm.cl\/index.php?rest_route=\/wp\/v2\/users\/1"}],"replies":[{"embeddable":true,"href":"https:\/\/radiorevelacionfm.cl\/index.php?rest_route=%2Fwp%2Fv2%2Fcomments&post=52500"}],"version-history":[{"count":2,"href":"https:\/\/radiorevelacionfm.cl\/index.php?rest_route=\/wp\/v2\/posts\/52500\/revisions"}],"predecessor-version":[{"id":52503,"href":"https:\/\/radiorevelacionfm.cl\/index.php?rest_route=\/wp\/v2\/posts\/52500\/revisions\/52503"}],"wp:featuredmedia":[{"embeddable":true,"href":"https:\/\/radiorevelacionfm.cl\/index.php?rest_route=\/wp\/v2\/media\/52501"}],"wp:attachment":[{"href":"https:\/\/radiorevelacionfm.cl\/index.php?rest_route=%2Fwp%2Fv2%2Fmedia&parent=52500"}],"wp:term":[{"taxonomy":"category","embeddable":true,"href":"https:\/\/radiorevelacionfm.cl\/index.php?rest_route=%2Fwp%2Fv2%2Fcategories&post=52500"},{"taxonomy":"post_tag","embeddable":true,"href":"https:\/\/radiorevelacionfm.cl\/index.php?rest_route=%2Fwp%2Fv2%2Ftags&post=52500"}],"curies":[{"name":"wp","href":"https:\/\/api.w.org\/{rel}","templated":true}]}}