{"id":52496,"date":"2025-04-10T15:31:01","date_gmt":"2025-04-10T18:31:01","guid":{"rendered":"https:\/\/radiorevelacionfm.cl\/?p=52496"},"modified":"2025-04-10T15:31:01","modified_gmt":"2025-04-10T18:31:01","slug":"comision-de-libertad-condicional-de-coyhaique-acogio-4-solicitudes-de-un-total-de-34-realizadas-por-internos-de-recintos-penales-de-la-region","status":"publish","type":"post","link":"https:\/\/radiorevelacionfm.cl\/?p=52496","title":{"rendered":"Comisi\u00f3n de Libertad Condicional de Coyhaique acogi\u00f3 4 solicitudes de un total de 34 realizadas por internos de recintos penales de la regi\u00f3n"},"content":{"rendered":"<div class=\"flex_column av_one_full  flex_column_div av-zero-column-padding first  avia-builder-el-0  el_before_av_one_full  avia-builder-el-first  \" style='border-radius:0px; '><div  class='avia-image-container  av-styling-    avia-builder-el-1  avia-builder-el-no-sibling  avia-align-center '  itemprop=\"image\" itemscope=\"itemscope\" itemtype=\"https:\/\/schema.org\/ImageObject\"  ><div class='avia-image-container-inner'><div class='avia-image-overlay-wrap'><img decoding=\"async\" class='wp-image-52497 avia-img-lazy-loading-not-52497 avia_image' src=\"https:\/\/radiorevelacionfm.cl\/wp-content\/uploads\/2025\/04\/foto-2-condicional-1_optimized-1-1.jpg\" alt='' title='foto-2-condicional-(1)_optimized (1) (1)' height=\"600\" width=\"1419\"  itemprop=\"thumbnailUrl\" srcset=\"https:\/\/radiorevelacionfm.cl\/wp-content\/uploads\/2025\/04\/foto-2-condicional-1_optimized-1-1.jpg 1419w, https:\/\/radiorevelacionfm.cl\/wp-content\/uploads\/2025\/04\/foto-2-condicional-1_optimized-1-1-300x127.jpg 300w, https:\/\/radiorevelacionfm.cl\/wp-content\/uploads\/2025\/04\/foto-2-condicional-1_optimized-1-1-1030x436.jpg 1030w, https:\/\/radiorevelacionfm.cl\/wp-content\/uploads\/2025\/04\/foto-2-condicional-1_optimized-1-1-768x325.jpg 768w, https:\/\/radiorevelacionfm.cl\/wp-content\/uploads\/2025\/04\/foto-2-condicional-1_optimized-1-1-705x298.jpg 705w, https:\/\/radiorevelacionfm.cl\/wp-content\/uploads\/2025\/04\/foto-2-condicional-1_optimized-1-1-450x190.jpg 450w, https:\/\/radiorevelacionfm.cl\/wp-content\/uploads\/2025\/04\/foto-2-condicional-1_optimized-1-1-600x254.jpg 600w\" sizes=\"(max-width: 1419px) 100vw, 1419px\" \/><\/div><\/div><\/div><\/div><div class=\"flex_column av_one_full  flex_column_div av-zero-column-padding first  avia-builder-el-2  el_after_av_one_full  el_before_av_one_full  column-top-margin\" style='border-radius:0px; '><section class=\"av_textblock_section \"  itemscope=\"itemscope\" itemtype=\"https:\/\/schema.org\/BlogPosting\" itemprop=\"blogPost\" ><div class='avia_textblock  '   itemprop=\"text\" ><p style=\"text-align: center;\"><strong><span style=\"font-size: 18pt;\">Comisi\u00f3n de Libertad Condicional de Coyhaique acogi\u00f3 4 solicitudes de un total de 34 realizadas por internos de recintos penales de la regi\u00f3n<\/span><\/strong><\/p>\n<div id=\"gtx-trans\" style=\"position: absolute; left: -50px; top: 4.31534px;\">\n<div class=\"gtx-trans-icon\"><\/div>\n<\/div>\n<\/div><\/section><\/div><div class=\"flex_column av_one_full  flex_column_div av-zero-column-padding first  avia-builder-el-4  el_after_av_one_full  el_before_av_hr  column-top-margin\" style='border-radius:0px; '><section class=\"av_textblock_section \"  itemscope=\"itemscope\" itemtype=\"https:\/\/schema.org\/BlogPosting\" itemprop=\"blogPost\" ><div class='avia_textblock  '   itemprop=\"text\" ><p class=\"v1MsoNormal\" style=\"text-align: justify;\">La Comisi\u00f3n de Libertad Condicional de la jurisdicci\u00f3n Coyhaique sesion\u00f3 el pasado lunes 7 de abril y acogi\u00f3 4 solicitudes de un total de 34 realizadas por internos de los recintos penales de Coyhaique, Puerto Ays\u00e9n, Chile Chico, Cochrane y el Centro de Educaci\u00f3n y Trabajo Valle Verde.<\/p>\n<p class=\"v1MsoNormal\" style=\"text-align: justify;\">La comisi\u00f3n fue encabezada por el presidente de la Corte de Apelaciones, Pedro Castro Espinoza e integrada por los magistrados Pablo Freire Gavil\u00e1n y M\u00f3nica Coloma Pulgar, del Tribunal de Juicio Oral en lo Penal, Carolina Mart\u00ednez Navarrete, como magistrada suplente del Juzgado de Garant\u00eda de Coyhaique y Gast\u00f3n Hern\u00e1ndez Leiva, secretario suplente de la comisi\u00f3n, como ministro de fe.<\/p>\n<p class=\"v1MsoNormal\" style=\"text-align: justify;\">En esta primera sesi\u00f3n del a\u00f1o, la comisi\u00f3n inform\u00f3 que se resolvi\u00f3 entregar este derecho a cuatro de los solicitantes:\u00a0tres del Centro de Detenci\u00f3n Preventiva de Puerto Ays\u00e9n y uno del Centro de Detenci\u00f3n Preventiva de Cochrane.<\/p>\n<p class=\"v1MsoNormal\" style=\"text-align: justify;\">A\u00f1adir que la normativa respecto a las libertades condicionales tuvo modificaciones el 9 de noviembre de 2023, estableciendo que Gendarmer\u00eda de Chile deber\u00e1 informar al tribunal respecto de la n\u00f3mina de postulantes y este deber\u00e1 comunicar a las v\u00edctimas. As\u00ed tambi\u00e9n informar al tribunal a cargo de la ejecuci\u00f3n de la pena respectiva.<\/p>\n<p class=\"v1MsoNormal\" style=\"text-align: justify;\">En este contexto y seg\u00fan se establece en esta modificaci\u00f3n legal, la v\u00edctima podr\u00e1 exponer ella o a trav\u00e9s de un representante (ante la comisi\u00f3n), de manera presencial o escrita sus alegaciones durante los primeros cinco d\u00edas de los meses en que sesiona la comisi\u00f3n para conocer de sus fundamentos ya sea por la gravedad de los hechos por los que la persona postulante fue condenada o por su calidad de reincidente.<\/p>\n<p class=\"v1MsoNormal\" style=\"text-align: justify;\">En esta oportunidad, adem\u00e1s estuvo presente la defensora penal penitenciaria, Paulina P\u00e9rez Penroz, con el objetivo de brindar una mayor transparencia al proceso.<\/p>\n<p class=\"v1MsoNormal\" style=\"text-align: justify;\">Se\u00f1alar que los requisitos para acceder al cumplimiento de la pena en libertad condicional son: tiempo de pena cumplida (la mitad o dos tercios); haber observado conducta intachable en el establecimiento penal; y contar con un informe de postulaci\u00f3n psicosocial elaborado por un equipo profesional del \u00e1rea t\u00e9cnica de Gendarmer\u00eda, que permita orientar sobre los factores de riesgo de reincidencia del interno o interna.<\/p>\n<\/div><\/section><\/div><div  style='height:50px' class='hr hr-invisible   avia-builder-el-6  el_after_av_one_full  el_before_av_social_share '><span class='hr-inner ' ><span class='hr-inner-style'><\/span><\/span><\/div><\/p>\n<div  class='av-social-sharing-box  avia-builder-el-7  el_after_av_hr  el_before_av_hr  '><div class='av-share-box'><h5 class='av-share-link-description av-no-toc '>Compartir esta noticia<\/h5><ul class='av-share-box-list noLightbox'><li class='av-share-link av-social-link-facebook' ><a target=\"_blank\" aria-label=\"Compartir en Facebook\" href='https:\/\/www.facebook.com\/sharer.php?u=https:\/\/radiorevelacionfm.cl\/?p=52496&#038;t=Comisi%C3%B3n%20de%20Libertad%20Condicional%20de%20Coyhaique%20acogi%C3%B3%204%20solicitudes%20de%20un%20total%20de%2034%20realizadas%20por%20internos%20de%20recintos%20penales%20de%20la%20regi%C3%B3n' aria-hidden='false' data-av_icon='\ue8f3' data-av_iconfont='entypo-fontello' title='' data-avia-related-tooltip='Compartir en Facebook' rel=\"noopener\"><span class='avia_hidden_link_text'>Compartir en Facebook<\/span><\/a><\/li><li class='av-share-link av-social-link-twitter' ><a target=\"_blank\" aria-label=\"Compartir en Twitter\" href='https:\/\/twitter.com\/share?text=Comisi%C3%B3n%20de%20Libertad%20Condicional%20de%20Coyhaique%20acogi%C3%B3%204%20solicitudes%20de%20un%20total%20de%2034%20realizadas%20por%20internos%20de%20recintos%20penales%20de%20la%20regi%C3%B3n&#038;url=https:\/\/radiorevelacionfm.cl\/?p=52496' aria-hidden='false' data-av_icon='\ue8f1' data-av_iconfont='entypo-fontello' title='' data-avia-related-tooltip='Compartir en Twitter' rel=\"noopener\"><span class='avia_hidden_link_text'>Compartir en Twitter<\/span><\/a><\/li><li class='av-share-link av-social-link-whatsapp' ><a target=\"_blank\" aria-label=\"Compartir en Whatsapp\" href='https:\/\/api.whatsapp.com\/send?text=https:\/\/radiorevelacionfm.cl\/?p=52496' aria-hidden='false' data-av_icon='\uf232' data-av_iconfont='entypo-fontello' title='' data-avia-related-tooltip='Compartir en Whatsapp' rel=\"noopener\"><span class='avia_hidden_link_text'>Compartir en Whatsapp<\/span><\/a><\/li><li class='av-share-link av-social-link-linkedin' ><a target=\"_blank\" aria-label=\"Compartir en LinkedIn\" href='https:\/\/linkedin.com\/shareArticle?mini=true&#038;title=Comisi%C3%B3n%20de%20Libertad%20Condicional%20de%20Coyhaique%20acogi%C3%B3%204%20solicitudes%20de%20un%20total%20de%2034%20realizadas%20por%20internos%20de%20recintos%20penales%20de%20la%20regi%C3%B3n&#038;url=https:\/\/radiorevelacionfm.cl\/?p=52496' aria-hidden='false' data-av_icon='\ue8fc' data-av_iconfont='entypo-fontello' title='' data-avia-related-tooltip='Compartir en LinkedIn' rel=\"noopener\"><span class='avia_hidden_link_text'>Compartir en LinkedIn<\/span><\/a><\/li><li class='av-share-link av-social-link-mail' ><a  aria-label=\"Compartir por correo\" href='mailto:?subject=Comisi%C3%B3n%20de%20Libertad%20Condicional%20de%20Coyhaique%20acogi%C3%B3%204%20solicitudes%20de%20un%20total%20de%2034%20realizadas%20por%20internos%20de%20recintos%20penales%20de%20la%20regi%C3%B3n&#038;body=https:\/\/radiorevelacionfm.cl\/?p=52496' aria-hidden='false' data-av_icon='\ue805' data-av_iconfont='entypo-fontello' title='' data-avia-related-tooltip='Compartir por correo'><span class='avia_hidden_link_text'>Compartir por correo<\/span><\/a><\/li><\/ul><\/div><\/div>\n<div  style='height:50px' class='hr hr-invisible   avia-builder-el-8  el_after_av_social_share  el_before_av_comments_list '><span class='hr-inner ' ><span class='hr-inner-style'><\/span><\/span><\/div>\n<div  class='av-buildercomment  av-blog-meta-html-info-disabled av-blog-meta-tag-disabled  '><\/div>\n","protected":false},"excerpt":{"rendered":"","protected":false},"author":1,"featured_media":52497,"comment_status":"closed","ping_status":"closed","sticky":false,"template":"","format":"standard","meta":{"footnotes":""},"categories":[55],"tags":[],"class_list":["post-52496","post","type-post","status-publish","format-standard","has-post-thumbnail","hentry","category-justicia"],"jetpack_featured_media_url":"https:\/\/radiorevelacionfm.cl\/wp-content\/uploads\/2025\/04\/foto-2-condicional-1_optimized-1-1.jpg","_links":{"self":[{"href":"https:\/\/radiorevelacionfm.cl\/index.php?rest_route=\/wp\/v2\/posts\/52496","targetHints":{"allow":["GET"]}}],"collection":[{"href":"https:\/\/radiorevelacionfm.cl\/index.php?rest_route=\/wp\/v2\/posts"}],"about":[{"href":"https:\/\/radiorevelacionfm.cl\/index.php?rest_route=\/wp\/v2\/types\/post"}],"author":[{"embeddable":true,"href":"https:\/\/radiorevelacionfm.cl\/index.php?rest_route=\/wp\/v2\/users\/1"}],"replies":[{"embeddable":true,"href":"https:\/\/radiorevelacionfm.cl\/index.php?rest_route=%2Fwp%2Fv2%2Fcomments&post=52496"}],"version-history":[{"count":2,"href":"https:\/\/radiorevelacionfm.cl\/index.php?rest_route=\/wp\/v2\/posts\/52496\/revisions"}],"predecessor-version":[{"id":52499,"href":"https:\/\/radiorevelacionfm.cl\/index.php?rest_route=\/wp\/v2\/posts\/52496\/revisions\/52499"}],"wp:featuredmedia":[{"embeddable":true,"href":"https:\/\/radiorevelacionfm.cl\/index.php?rest_route=\/wp\/v2\/media\/52497"}],"wp:attachment":[{"href":"https:\/\/radiorevelacionfm.cl\/index.php?rest_route=%2Fwp%2Fv2%2Fmedia&parent=52496"}],"wp:term":[{"taxonomy":"category","embeddable":true,"href":"https:\/\/radiorevelacionfm.cl\/index.php?rest_route=%2Fwp%2Fv2%2Fcategories&post=52496"},{"taxonomy":"post_tag","embeddable":true,"href":"https:\/\/radiorevelacionfm.cl\/index.php?rest_route=%2Fwp%2Fv2%2Ftags&post=52496"}],"curies":[{"name":"wp","href":"https:\/\/api.w.org\/{rel}","templated":true}]}}