{"id":52493,"date":"2025-04-12T12:35:37","date_gmt":"2025-04-12T15:35:37","guid":{"rendered":"https:\/\/radiorevelacionfm.cl\/?p=52493"},"modified":"2025-04-12T12:35:37","modified_gmt":"2025-04-12T15:35:37","slug":"empresas-propietarias-de-bosque-nativo-y-servicios-publicos-buscan-fortalecer-la-competitividad-del-sector","status":"publish","type":"post","link":"https:\/\/radiorevelacionfm.cl\/?p=52493","title":{"rendered":"Empresas propietarias de bosque nativo y servicios p\u00fablicos buscan fortalecer la competitividad del sector"},"content":{"rendered":"<div class=\"flex_column av_one_full  flex_column_div av-zero-column-padding first  avia-builder-el-0  el_before_av_one_full  avia-builder-el-first  \" style='border-radius:0px; '><div  class='avia-image-container  av-styling-    avia-builder-el-1  avia-builder-el-no-sibling  avia-align-center '  itemprop=\"image\" itemscope=\"itemscope\" itemtype=\"https:\/\/schema.org\/ImageObject\"  ><div class='avia-image-container-inner'><div class='avia-image-overlay-wrap'><img decoding=\"async\" class='wp-image-52494 avia-img-lazy-loading-not-52494 avia_image' src=\"https:\/\/radiorevelacionfm.cl\/wp-content\/uploads\/2025\/04\/Firma-APL-bosque-4-1-1.jpg\" alt='' title='Firma-APL-bosque-4 (1) (1)' height=\"600\" width=\"899\"  itemprop=\"thumbnailUrl\" srcset=\"https:\/\/radiorevelacionfm.cl\/wp-content\/uploads\/2025\/04\/Firma-APL-bosque-4-1-1.jpg 899w, https:\/\/radiorevelacionfm.cl\/wp-content\/uploads\/2025\/04\/Firma-APL-bosque-4-1-1-300x200.jpg 300w, https:\/\/radiorevelacionfm.cl\/wp-content\/uploads\/2025\/04\/Firma-APL-bosque-4-1-1-768x513.jpg 768w, https:\/\/radiorevelacionfm.cl\/wp-content\/uploads\/2025\/04\/Firma-APL-bosque-4-1-1-705x471.jpg 705w, https:\/\/radiorevelacionfm.cl\/wp-content\/uploads\/2025\/04\/Firma-APL-bosque-4-1-1-450x300.jpg 450w, https:\/\/radiorevelacionfm.cl\/wp-content\/uploads\/2025\/04\/Firma-APL-bosque-4-1-1-600x400.jpg 600w\" sizes=\"(max-width: 899px) 100vw, 899px\" \/><\/div><\/div><\/div><\/div><div class=\"flex_column av_one_full  flex_column_div av-zero-column-padding first  avia-builder-el-2  el_after_av_one_full  el_before_av_one_full  column-top-margin\" style='border-radius:0px; '><section class=\"av_textblock_section \"  itemscope=\"itemscope\" itemtype=\"https:\/\/schema.org\/BlogPosting\" itemprop=\"blogPost\" ><div class='avia_textblock  '   itemprop=\"text\" ><p dir=\"ltr\" style=\"text-align: center;\"><strong><span style=\"font-size: 18pt;\">Empresas propietarias de bosque nativo y servicios p\u00fablicos buscan fortalecer la competitividad del sector\u00a0<\/span><\/strong><\/p>\n<div id=\"gtx-trans\" style=\"position: absolute; left: -50px; top: 4.31534px;\">\n<div class=\"gtx-trans-icon\"><\/div>\n<\/div>\n<\/div><\/section><\/div><div class=\"flex_column av_one_full  flex_column_div av-zero-column-padding first  avia-builder-el-4  el_after_av_one_full  el_before_av_hr  column-top-margin\" style='border-radius:0px; '><section class=\"av_textblock_section \"  itemscope=\"itemscope\" itemtype=\"https:\/\/schema.org\/BlogPosting\" itemprop=\"blogPost\" ><div class='avia_textblock  '   itemprop=\"text\" ><p dir=\"ltr\" style=\"text-align: justify;\"><em>Una alianza p\u00fablico privada impulsada por la Agencia de Sustentabilidad y Cambio Clim\u00e1tico de Corfo y CONAF promueve la recuperaci\u00f3n del bosque nativo y la competitividad de las actividades forestales en Ays\u00e9n.<\/em><\/p>\n<p dir=\"ltr\" style=\"text-align: justify;\">Para fortalecer el manejo forestal sustentable en predios privados con bosques nativos y potenciar el aprovechamiento y valor econ\u00f3mico de los bienes y servicios que otorgan estos ecosistemas, la Agencia de Sustentabilidad y Cambio Clim\u00e1tico de Corfo (ASCC), junto a autoridades y un consorcio de ocho empresas propietarias de bosque nativo, firmaron el primer Acuerdo de Producci\u00f3n Limpia (APL) en beneficio del bosque nativo de Coyhaique.<\/p>\n<p dir=\"ltr\" style=\"text-align: justify;\">El consorcio, integrado por las empresas Ecobosque, El Richard 22, Comercial Bajo Hondo, Agroinnova, Heidi Wahl y Otro, Ensenada, Agr\u00edcola, Ganadera y Forestal Trahuilco, y El Rosado, trabajar\u00e1 en el plazo de 24 meses en la implementaci\u00f3n de Planes de Manejo bajo criterios de Ordenaci\u00f3n Forestal (PMCOF) en los predios adheridos, seg\u00fan lo establecido en la Ley 20.283 sobre Recuperaci\u00f3n del Bosque Nativo y Fomento Forestal. Para ello, contar\u00e1 con el apoyo de los Ministerios de Agricultura, Energ\u00eda y Medio Ambiente, el Gobierno Regional de Ays\u00e9n, Conaf, Indap y Sercotec.<\/p>\n<p dir=\"ltr\" style=\"text-align: justify;\">Las empresas adheridas abarcan 1.617 hect\u00e1reas de bosque nativo y se espera que en los pr\u00f3ximos dos meses se sumen otros predios a la implementaci\u00f3n del APL, hasta alcanzar las 3.000 hect\u00e1reas. Esta iniciativa representa un aporte a la Estrategia Nacional de Cambio Clim\u00e1tico y Recursos Vegetacionales, aline\u00e1ndose con las metas establecidas en la Contribuci\u00f3n Determinada a Nivel Nacional (NDC), donde Chile se ha comprometido a manejar de manera sustentable 200.000 hect\u00e1reas de bosque nativo.<\/p>\n<p dir=\"ltr\" style=\"text-align: justify;\">Junto con felicitar a las empresas por la firma del APL,\u00a0 el Gobernador Regional, Marcelo Santana, manifest\u00f3 que \u00abla correcta utilizaci\u00f3n de nuestros recursos naturales va a permitir que la regi\u00f3n abra espacios de crecimiento. Esto no solo va a trabajar el ordenamiento predial, sino que va a generar certezas, claridad y, por sobre todo, proyecci\u00f3n para que esta producci\u00f3n de madera y le\u00f1a asociada al bosque nativo se pueda seguir desarrollando sin dificultades\u00bb.<\/p>\n<p dir=\"ltr\" style=\"text-align: justify;\"><strong>Fortalecimiento de capacidades y cooperaci\u00f3n p\u00fablico-privada<\/strong><\/p>\n<p dir=\"ltr\" style=\"text-align: justify;\">Entre las acciones del APL, se encuentran el fortalecimiento de capacidades de los propietarios de bosque nativo, profesionales del sector y en la comunidad, en materias de competitividad, sustentabilidad y adaptaci\u00f3n al cambio clim\u00e1tico, as\u00ed como la difusi\u00f3n del valor del bosque nativo y los beneficios de los Planes de Manejo.<\/p>\n<p dir=\"ltr\" style=\"text-align: justify;\">Para impulsar la competitividad, se desarrollar\u00e1 una estrategia de cooperaci\u00f3n p\u00fablico-privada que favorezca el consumo de los productos del sector forestal. Adem\u00e1s, el APL fomentar\u00e1 la aplicaci\u00f3n de la Ley de Biocombustibles S\u00f3lidos y el acceso de los propietarios de bosque nativo a financiamiento para infraestructura y tecnolog\u00eda de programas como Centros Integrales de Biomasa o Le\u00f1a m\u00e1s Seca.<\/p>\n<p dir=\"ltr\" style=\"text-align: justify;\">Ximena Ruz, directora ejecutiva de la Agencia de Sustentabilidad y Cambio Clim\u00e1tico, afirm\u00f3 que \u00abaqu\u00ed tenemos un convenio de trabajo con Conaf, en el que ha sido nuestro objetivo apoyar los planes de ordenaci\u00f3n forestal para un manejo sustentable del bosque. Chile tiene un compromiso internacional que es lograr un manejo sustentable de 200 mil hect\u00e1reas de bosque nativo, en este sentido, como Agencia estamos apoyando e impulsando este tipo de iniciativas. Nuestro foco es el desarrollo productivo y, en esa l\u00ednea, los planes de manejo de ordenaci\u00f3n forestal impulsan otras iniciativas y mayor competitividad en los productores, queremos que se desarrollen otros productos, que se mantengan los bosques pero que adem\u00e1s exista un desarrollo econ\u00f3mico sustentable en esta regi\u00f3n\u00bb.<\/p>\n<p dir=\"ltr\" style=\"text-align: justify;\"><strong>La estrategia de manejo sustentable de los bosques nativos\u00a0<\/strong><\/p>\n<p dir=\"ltr\" style=\"text-align: justify;\">La colaboraci\u00f3n entre CONAF y la Agencia de Sustentabilidad y Cambio Clim\u00e1tico ha sido clave para impulsar el manejo sustentable del bosque nativo, priorizando a Ays\u00e9n por su riqueza forestal y las problem\u00e1ticas ambientales que enfrenta. El APL \u00abBosque Nativo Coyhaique bajo un Modelo de Gesti\u00f3n de Sustentabilidad Forestal\u00bb se vincula directamente con los Planes de Manejo con Criterios de Ordenaci\u00f3n Forestal (PMCOF), ya que busca fortalecer su implementaci\u00f3n entre los propietarios de bosque nativo, de manera que se pueda proyectar su manejo sustentable en un per\u00edodo de 10 a\u00f1os, evitando la degradaci\u00f3n y deforestaci\u00f3n del recurso nativo.<\/p>\n<p dir=\"ltr\" style=\"text-align: justify;\">Ronald Valenzuela, director regional de Conaf, se\u00f1al\u00f3 que \u00abel desarrollo no se puede conseguir sino a trav\u00e9s de la asociaci\u00f3n entre lo p\u00fablico y lo privado, por dos sencillas razones: por una parte, nos permite como instituci\u00f3n cumplir con nuestra misi\u00f3n y compromiso, que es aumentar y mejorar la calidad de los bosques y de la misma forma asegurar el manejo sustentable. Estamos muy satisfechos de lo que fue la confecci\u00f3n de este trabajo que fue paulatino, arduo y muy profesional,\u00a0 y en el que nos hemos insertado b\u00e1sicamente con lo que es la provisi\u00f3n de los planes de manejo bajo criterios de ordenaci\u00f3n\u00bb.<\/p>\n<p dir=\"ltr\" style=\"text-align: justify;\"><strong>Desaf\u00edos del ecosistema forestal en Ays\u00e9n<\/strong><\/p>\n<p dir=\"ltr\" style=\"text-align: justify;\">El ecosistema forestal de la Regi\u00f3n de Ays\u00e9n, que representa el 24,6% del bosque nativo de Chile, enfrenta desaf\u00edos por incendios, pr\u00e1cticas agr\u00edcolas no sostenibles y el cambio clim\u00e1tico. Pr\u00e1cticas como la extracci\u00f3n de le\u00f1a con enfoques sostenibles e industrializados limitan el desarrollo del sector y contribuyen a la contaminaci\u00f3n atmosf\u00e9rica, especialmente en Coyhaique, donde el uso de le\u00f1a h\u00fameda genera altos \u00edndices de material particulado fino (MP2.5).<\/p>\n<p dir=\"ltr\" style=\"text-align: justify;\">Para Jos\u00e9 Ignacio Aguilar, representante legal de la empresa Ecobosque, gestora del Consorcio, \u00abesta alianza p\u00fablico-privada nos ayuda a apalancar recursos como tambi\u00e9n trabajar de una forma m\u00e1s consciente. Este plan de ordenamiento forestal nos ayuda porque nosotros nos programamos a 20 y 30 a\u00f1os, lo que nos da esa garant\u00eda de que podamos trabajar. Nosotros creemos en este proyecto principalmente por tratar de traer recursos a la comuna de Coyhaique para tener una conciencia sobre la le\u00f1a y mitigar el cambio clim\u00e1tico, por lo que esperamos que se sumen m\u00e1s empresas\u00bb.<\/p>\n<p dir=\"ltr\" style=\"text-align: justify;\">La ceremonia de firma cont\u00f3 con la participaci\u00f3n del seremi de Agricultura, Eugenio Ruiz; el seremi del Medio Ambiente, Yoal D\u00edaz; el alcalde de Coyhaique, Carlos Gatica; el director regional de Corfo, Humberto Mar\u00edn y la directora regional de Indap; Yessica Lagos.<\/p>\n<\/div><\/section><\/div><div  style='height:50px' class='hr hr-invisible   avia-builder-el-6  el_after_av_one_full  el_before_av_social_share '><span class='hr-inner ' ><span class='hr-inner-style'><\/span><\/span><\/div><\/p>\n<div  class='av-social-sharing-box  avia-builder-el-7  el_after_av_hr  el_before_av_hr  '><div class='av-share-box'><h5 class='av-share-link-description av-no-toc '>Compartir esta noticia<\/h5><ul class='av-share-box-list noLightbox'><li class='av-share-link av-social-link-facebook' ><a target=\"_blank\" aria-label=\"Compartir en Facebook\" href='https:\/\/www.facebook.com\/sharer.php?u=https:\/\/radiorevelacionfm.cl\/?p=52493&#038;t=Empresas%20propietarias%20de%20bosque%20nativo%20y%20servicios%20p%C3%BAblicos%20buscan%20fortalecer%20la%20competitividad%20del%20sector' aria-hidden='false' data-av_icon='\ue8f3' data-av_iconfont='entypo-fontello' title='' data-avia-related-tooltip='Compartir en Facebook' rel=\"noopener\"><span class='avia_hidden_link_text'>Compartir en Facebook<\/span><\/a><\/li><li class='av-share-link av-social-link-twitter' ><a target=\"_blank\" aria-label=\"Compartir en Twitter\" href='https:\/\/twitter.com\/share?text=Empresas%20propietarias%20de%20bosque%20nativo%20y%20servicios%20p%C3%BAblicos%20buscan%20fortalecer%20la%20competitividad%20del%20sector&#038;url=https:\/\/radiorevelacionfm.cl\/?p=52493' aria-hidden='false' data-av_icon='\ue8f1' data-av_iconfont='entypo-fontello' title='' data-avia-related-tooltip='Compartir en Twitter' rel=\"noopener\"><span class='avia_hidden_link_text'>Compartir en Twitter<\/span><\/a><\/li><li class='av-share-link av-social-link-whatsapp' ><a target=\"_blank\" aria-label=\"Compartir en Whatsapp\" href='https:\/\/api.whatsapp.com\/send?text=https:\/\/radiorevelacionfm.cl\/?p=52493' aria-hidden='false' data-av_icon='\uf232' data-av_iconfont='entypo-fontello' title='' data-avia-related-tooltip='Compartir en Whatsapp' rel=\"noopener\"><span class='avia_hidden_link_text'>Compartir en Whatsapp<\/span><\/a><\/li><li class='av-share-link av-social-link-linkedin' ><a target=\"_blank\" aria-label=\"Compartir en LinkedIn\" href='https:\/\/linkedin.com\/shareArticle?mini=true&#038;title=Empresas%20propietarias%20de%20bosque%20nativo%20y%20servicios%20p%C3%BAblicos%20buscan%20fortalecer%20la%20competitividad%20del%20sector&#038;url=https:\/\/radiorevelacionfm.cl\/?p=52493' aria-hidden='false' data-av_icon='\ue8fc' data-av_iconfont='entypo-fontello' title='' data-avia-related-tooltip='Compartir en LinkedIn' rel=\"noopener\"><span class='avia_hidden_link_text'>Compartir en LinkedIn<\/span><\/a><\/li><li class='av-share-link av-social-link-mail' ><a  aria-label=\"Compartir por correo\" href='mailto:?subject=Empresas%20propietarias%20de%20bosque%20nativo%20y%20servicios%20p%C3%BAblicos%20buscan%20fortalecer%20la%20competitividad%20del%20sector&#038;body=https:\/\/radiorevelacionfm.cl\/?p=52493' aria-hidden='false' data-av_icon='\ue805' data-av_iconfont='entypo-fontello' title='' data-avia-related-tooltip='Compartir por correo'><span class='avia_hidden_link_text'>Compartir por correo<\/span><\/a><\/li><\/ul><\/div><\/div>\n<div  style='height:50px' class='hr hr-invisible   avia-builder-el-8  el_after_av_social_share  el_before_av_comments_list '><span class='hr-inner ' ><span class='hr-inner-style'><\/span><\/span><\/div>\n<div  class='av-buildercomment  av-blog-meta-html-info-disabled av-blog-meta-tag-disabled  '><\/div>\n","protected":false},"excerpt":{"rendered":"","protected":false},"author":1,"featured_media":52494,"comment_status":"closed","ping_status":"closed","sticky":false,"template":"","format":"standard","meta":{"footnotes":""},"categories":[38],"tags":[],"class_list":["post-52493","post","type-post","status-publish","format-standard","has-post-thumbnail","hentry","category-regional"],"jetpack_featured_media_url":"https:\/\/radiorevelacionfm.cl\/wp-content\/uploads\/2025\/04\/Firma-APL-bosque-4-1-1.jpg","_links":{"self":[{"href":"https:\/\/radiorevelacionfm.cl\/index.php?rest_route=\/wp\/v2\/posts\/52493","targetHints":{"allow":["GET"]}}],"collection":[{"href":"https:\/\/radiorevelacionfm.cl\/index.php?rest_route=\/wp\/v2\/posts"}],"about":[{"href":"https:\/\/radiorevelacionfm.cl\/index.php?rest_route=\/wp\/v2\/types\/post"}],"author":[{"embeddable":true,"href":"https:\/\/radiorevelacionfm.cl\/index.php?rest_route=\/wp\/v2\/users\/1"}],"replies":[{"embeddable":true,"href":"https:\/\/radiorevelacionfm.cl\/index.php?rest_route=%2Fwp%2Fv2%2Fcomments&post=52493"}],"version-history":[{"count":2,"href":"https:\/\/radiorevelacionfm.cl\/index.php?rest_route=\/wp\/v2\/posts\/52493\/revisions"}],"predecessor-version":[{"id":52589,"href":"https:\/\/radiorevelacionfm.cl\/index.php?rest_route=\/wp\/v2\/posts\/52493\/revisions\/52589"}],"wp:featuredmedia":[{"embeddable":true,"href":"https:\/\/radiorevelacionfm.cl\/index.php?rest_route=\/wp\/v2\/media\/52494"}],"wp:attachment":[{"href":"https:\/\/radiorevelacionfm.cl\/index.php?rest_route=%2Fwp%2Fv2%2Fmedia&parent=52493"}],"wp:term":[{"taxonomy":"category","embeddable":true,"href":"https:\/\/radiorevelacionfm.cl\/index.php?rest_route=%2Fwp%2Fv2%2Fcategories&post=52493"},{"taxonomy":"post_tag","embeddable":true,"href":"https:\/\/radiorevelacionfm.cl\/index.php?rest_route=%2Fwp%2Fv2%2Ftags&post=52493"}],"curies":[{"name":"wp","href":"https:\/\/api.w.org\/{rel}","templated":true}]}}