{"id":52489,"date":"2025-04-10T12:59:19","date_gmt":"2025-04-10T15:59:19","guid":{"rendered":"https:\/\/radiorevelacionfm.cl\/?p=52489"},"modified":"2025-04-10T12:59:19","modified_gmt":"2025-04-10T15:59:19","slug":"incautacion-historica-procedimiento-conjunto-impiden-ingreso-de-300-mil-cajetillas-de-cigarrillos-en-paso-fronterizo-de-balmaceda","status":"publish","type":"post","link":"https:\/\/radiorevelacionfm.cl\/?p=52489","title":{"rendered":"Incautaci\u00f3n hist\u00f3rica: Procedimiento conjunto impiden ingreso de 300 mil cajetillas de cigarrillos en paso fronterizo de Balmaceda"},"content":{"rendered":"<div class=\"flex_column av_one_full  flex_column_div av-zero-column-padding first  avia-builder-el-0  el_before_av_one_full  avia-builder-el-first  \" style='border-radius:0px; '><div  class='avia-image-container  av-styling-    avia-builder-el-1  avia-builder-el-no-sibling  avia-align-center '  itemprop=\"image\" itemscope=\"itemscope\" itemtype=\"https:\/\/schema.org\/ImageObject\"  ><div class='avia-image-container-inner'><div class='avia-image-overlay-wrap'><img decoding=\"async\" class='wp-image-52490 avia-img-lazy-loading-not-52490 avia_image' src=\"https:\/\/radiorevelacionfm.cl\/wp-content\/uploads\/2025\/04\/mpkv1310-1_optimized-1.jpg\" alt='' title='mpkv1310-(1)_optimized (1)' height=\"600\" width=\"888\"  itemprop=\"thumbnailUrl\" srcset=\"https:\/\/radiorevelacionfm.cl\/wp-content\/uploads\/2025\/04\/mpkv1310-1_optimized-1.jpg 888w, https:\/\/radiorevelacionfm.cl\/wp-content\/uploads\/2025\/04\/mpkv1310-1_optimized-1-300x203.jpg 300w, https:\/\/radiorevelacionfm.cl\/wp-content\/uploads\/2025\/04\/mpkv1310-1_optimized-1-768x519.jpg 768w, https:\/\/radiorevelacionfm.cl\/wp-content\/uploads\/2025\/04\/mpkv1310-1_optimized-1-705x476.jpg 705w, https:\/\/radiorevelacionfm.cl\/wp-content\/uploads\/2025\/04\/mpkv1310-1_optimized-1-450x304.jpg 450w, https:\/\/radiorevelacionfm.cl\/wp-content\/uploads\/2025\/04\/mpkv1310-1_optimized-1-600x405.jpg 600w\" sizes=\"(max-width: 888px) 100vw, 888px\" \/><\/div><\/div><\/div><\/div><div class=\"flex_column av_one_full  flex_column_div av-zero-column-padding first  avia-builder-el-2  el_after_av_one_full  el_before_av_one_full  column-top-margin\" style='border-radius:0px; '><section class=\"av_textblock_section \"  itemscope=\"itemscope\" itemtype=\"https:\/\/schema.org\/BlogPosting\" itemprop=\"blogPost\" ><div class='avia_textblock  '   itemprop=\"text\" ><p style=\"text-align: center;\"><strong><span style=\"font-size: 18pt;\">Incautaci\u00f3n hist\u00f3rica: Procedimiento conjunto impiden ingreso de 300 mil cajetillas de cigarrillos en paso fronterizo de Balmaceda<\/span><\/strong><\/p>\n<div id=\"gtx-trans\" style=\"position: absolute; left: -50px; top: 4.31534px;\">\n<div class=\"gtx-trans-icon\"><\/div>\n<\/div>\n<\/div><\/section><\/div><div class=\"flex_column av_one_full  flex_column_div av-zero-column-padding first  avia-builder-el-4  el_after_av_one_full  el_before_av_hr  column-top-margin\" style='border-radius:0px; '><section class=\"av_textblock_section \"  itemscope=\"itemscope\" itemtype=\"https:\/\/schema.org\/BlogPosting\" itemprop=\"blogPost\" ><div class='avia_textblock  '   itemprop=\"text\" ><p class=\"v1MsoNormal\" style=\"text-align: justify;\"><em>La mercanc\u00eda ten\u00eda un valor estimado en 880 mil d\u00f3lares. El detenido fue formalizado y no podr\u00e1 salir de la regi\u00f3n mientras dure la investigaci\u00f3n.<\/em><\/p>\n<p class=\"v1MsoNormal\" style=\"text-align: justify;\">La Fiscal\u00eda Local de Coyhaique formaliz\u00f3 a un imputado de 56 a\u00f1os, oriundo de Valdivia, como autor del delito de contrabando de 300 mil cajetillas de cigarrillos ingresados a la Regi\u00f3n de Ays\u00e9n de forma ilegal, el cual fue detectado por funcionarios de Aduanas y Carabineros en el paso Fronterizo Huemules en Balmaceda, Regi\u00f3n de Ays\u00e9n.<\/p>\n<p class=\"v1MsoNormal\" style=\"text-align: justify;\">Seg\u00fan explic\u00f3 el fiscal jefe (s) de Coyhaique, Luis Contreras Alfaro, \u201cpersonal de Aduanas, junto con personal de Carabineros de la Subcomisar\u00eda de Balmaceda, apoyado por personal OS 7, procedieron a la fiscalizaci\u00f3n de un tractocami\u00f3n con remolque que ven\u00eda procedente de Argentina. Al realizar la revisi\u00f3n del manifiesto de carga, este cami\u00f3n supuestamente tra\u00eda fardos de alfalfa\u201d. El cami\u00f3n proven\u00eda desde Valdivia, pasando el 6 de abril por el paso Cardenal Samor\u00e9 en la regi\u00f3n de Los Lagos.<\/p>\n<p class=\"v1MsoNormal\" style=\"text-align: justify;\">Sin embargo, agreg\u00f3 el fiscal Contreras, \u201ca trav\u00e9s de una revisi\u00f3n minuciosa se detect\u00f3 que tra\u00eda alrededor de 300.000 cajetillas de cigarrillos. Estos cigarrillos supuestamente tienen procedencia de Paraguay\u201d.<\/p>\n<p class=\"v1MsoNormal\" style=\"text-align: justify;\">Luego de esto, precis\u00f3 el persecutor penal, \u201cse procedi\u00f3 a su detenci\u00f3n por el delito de contrabando. Se inform\u00f3 a la Fiscal\u00eda y se dispuso la continuaci\u00f3n de las diligencias por la Polic\u00eda de Investigaciones, Brigada de Delitos Econ\u00f3micos. A trav\u00e9s de sucesivas diligencias se est\u00e1 indagando la procedencia de esta mercader\u00eda, d\u00f3nde habr\u00eda sido cargada en el cami\u00f3n y cu\u00e1l era el destino final de la misma\u201d.<\/p>\n<p class=\"v1MsoNormal\" style=\"text-align: justify;\">En t\u00e9rminos econ\u00f3micos, explic\u00f3 el fiscal Contreras, \u201cpor la cantidad de cajetillas de cigarrillos m\u00e1s los derechos aduaneros no pagados, el perjuicio fiscal asciende a una suma aproximada a los 800 millones de pesos aproximadamente\u201d.<\/p>\n<p class=\"v1MsoNormal\" style=\"text-align: justify;\">El imputado qued\u00f3 sujeto a las medidas cautelares de arraigo regional y firma quincenal mientras dura la investigaci\u00f3n, cuyo plazo fue fijado en 90 d\u00edas por el Juzgado de Garant\u00eda de Coyhaique.<\/p>\n<p class=\"v1MsoNormal\" style=\"text-align: justify;\">TRABAJO DE INTELIGENCIA ADUANA-CARABINEROS<\/p>\n<p class=\"v1MsoNormal\" style=\"text-align: justify;\">Esta operaci\u00f3n es resultado del trabajo de inteligencia desplegado por el Servicio Nacional de Aduanas y Carabineros, espec\u00edficamente, el OS7, quienes durante m\u00e1s de dos meses realizaron un an\u00e1lisis y seguimiento de una serie de movimientos transfronterizos de veh\u00edculos de carga.<\/p>\n<p class=\"v1MsoNormal\" style=\"text-align: justify;\">El Director Regional de la Aduana de Coyhaique, Ra\u00fal Pizarro Palma, explic\u00f3: \u201cEsto es resultado de un trabajo de inteligencia de largo aliento que involucr\u00f3 a Carabineros, con quienes hicimos seguimiento a movimientos transfronterizos de los camiones de carga y, gracias a este trabajo, logramos determinar las inconsistencias en sus declaraciones aduaneras, especialmente en relaci\u00f3n al tipo de carga, ruta y destinatario de las mercanc\u00edas, que concluy\u00f3 en esta hist\u00f3rica incautaci\u00f3n\u201d.<\/p>\n<p class=\"v1MsoNormal\" style=\"text-align: justify;\">En este sentido, la m\u00e1xima autoridad aduanera de la regi\u00f3n sostuvo que \u201cel trabajo colaborativo nos permiti\u00f3 sacar de circulaci\u00f3n casi 300 mil cajetillas de cigarrillos con un valor cercano a los 880 mil d\u00f3lares, lo que se transforma en el principal hallazgo del 2025 en nuestra regi\u00f3n\u201d.<\/p>\n<p class=\"v1MsoNormal\" style=\"text-align: justify;\">CARABINEROS<\/p>\n<p class=\"v1MsoNormal\" style=\"text-align: justify;\">Sobre los resultados de este procedimiento fruto de un trabajo mancomunado de control y fiscalizaci\u00f3n en nuestros pasos fronterizos, el Jefe de Zona de Carabineros Ays\u00e9n, General Eduardo Palma Fuentes, destac\u00f3 la coordinaci\u00f3n y el compromiso de Carabineros para impedir el ingreso de bandas u organizaciones criminales al territorio.<\/p>\n<p class=\"v1MsoNormal\" style=\"text-align: justify;\">\u201cEstamos haciendo frente con mucha mano dura y energ\u00eda en diferentes controles y con diferentes t\u00e9cnicas al crimen organizado (&#8230;). Destacamos el trabajo de la Unidad Especializada OS-7 de Carabineros Ays\u00e9n en conjunto y coordinadamente con el Servicio Nacional de Aduanas de la regi\u00f3n de Ays\u00e9n y el Ministerio P\u00fablico, los cuales a trav\u00e9s de la inteligencia policial, m\u00e1s los diferentes an\u00e1lisis que se realizaron en los controles a camiones que ingresan a la regi\u00f3n -en este caso espec\u00edfico a trav\u00e9s del paso Huemules en Balmaceda- donde se identific\u00f3 un cami\u00f3n que ingresaba en forma sospechosa a la regi\u00f3n de Ays\u00e9n, logrando a trav\u00e9s del can detector de drogas una cantidad hist\u00f3rica en la regi\u00f3n donde fueron m\u00e1s de 300 mil cajetillas de cigarrillos, avaluadas en aproximadamente m\u00e1s de 800 millones de pesos\u201d, detall\u00f3 el Oficial General.<\/p>\n<p class=\"v1MsoNormal\" style=\"text-align: justify;\">\u201cDestacamos el trabajo coordinado entre el Ministerio P\u00fablico de la regi\u00f3n de Ays\u00e9n, el Servicio de Aduanas de Ays\u00e9n y el personal especializado del OS-7 que logr\u00f3 este decomiso hist\u00f3rico de contrabando de cigarrillos\u201d, a\u00f1adi\u00f3 el General Eduardo Palma.<\/p>\n<p class=\"v1MsoNormal\" style=\"text-align: justify;\">PDI<\/p>\n<p class=\"v1MsoNormal\" style=\"text-align: justify;\">Por su parte el subcomisario Diego Fuentes de la Brigada Investigadora de Delitos Econ\u00f3micos (Bridec) Coyhaique coment\u00f3 que, \u201cconforme a las instrucciones recibidas por parte del Ministerio P\u00fablico, espec\u00edficamente de la Fiscal\u00eda Local de Coyhaique, funcionarios de esta brigada especializada concurrieron a esta localidad de Balmaceda, espec\u00edficamente al paso fronterizo Huemules, donde personal del Servicio Nacional de Aduana realiz\u00f3 un procedimiento por el delito de contrabando (\u2026), es as\u00ed que, el Ministerio P\u00fablico, instruy\u00f3 realizar diligencias investigativas en el sitio del suceso, entre ellas el levantamiento de evidencias e incautaci\u00f3n de algunos objetos que pudiesen ser de utilidad para la investigaci\u00f3n.<\/p>\n<p class=\"v1MsoNormal\" style=\"text-align: justify;\">El subcomisario agreg\u00f3 que, \u201cen primer lugar, se busca determinar la procedencia de los cigarrillos, su originalidad, por lo cual se levantaron muestras de las cajetillas que ven\u00edan en el cami\u00f3n para su posterior an\u00e1lisis por parte del Laboratorio de Criminal\u00edstica y otras entidades afines\u201d.<\/p>\n<\/div><\/section><\/div><div  style='height:50px' class='hr hr-invisible   avia-builder-el-6  el_after_av_one_full  el_before_av_social_share '><span class='hr-inner ' ><span class='hr-inner-style'><\/span><\/span><\/div><\/p>\n<div  class='av-social-sharing-box  avia-builder-el-7  el_after_av_hr  el_before_av_hr  '><div class='av-share-box'><h5 class='av-share-link-description av-no-toc '>Compartir esta noticia<\/h5><ul class='av-share-box-list noLightbox'><li class='av-share-link av-social-link-facebook' ><a target=\"_blank\" aria-label=\"Compartir en Facebook\" href='https:\/\/www.facebook.com\/sharer.php?u=https:\/\/radiorevelacionfm.cl\/?p=52489&#038;t=Incautaci%C3%B3n%20hist%C3%B3rica%3A%20Procedimiento%20conjunto%20impiden%20ingreso%20de%20300%20mil%20cajetillas%20de%20cigarrillos%20en%20paso%20fronterizo%20de%20Balmaceda' aria-hidden='false' data-av_icon='\ue8f3' data-av_iconfont='entypo-fontello' title='' data-avia-related-tooltip='Compartir en Facebook' rel=\"noopener\"><span class='avia_hidden_link_text'>Compartir en Facebook<\/span><\/a><\/li><li class='av-share-link av-social-link-twitter' ><a target=\"_blank\" aria-label=\"Compartir en Twitter\" href='https:\/\/twitter.com\/share?text=Incautaci%C3%B3n%20hist%C3%B3rica%3A%20Procedimiento%20conjunto%20impiden%20ingreso%20de%20300%20mil%20cajetillas%20de%20cigarrillos%20en%20paso%20fronterizo%20de%20Balmaceda&#038;url=https:\/\/radiorevelacionfm.cl\/?p=52489' aria-hidden='false' data-av_icon='\ue8f1' data-av_iconfont='entypo-fontello' title='' data-avia-related-tooltip='Compartir en Twitter' rel=\"noopener\"><span class='avia_hidden_link_text'>Compartir en Twitter<\/span><\/a><\/li><li class='av-share-link av-social-link-whatsapp' ><a target=\"_blank\" aria-label=\"Compartir en Whatsapp\" href='https:\/\/api.whatsapp.com\/send?text=https:\/\/radiorevelacionfm.cl\/?p=52489' aria-hidden='false' data-av_icon='\uf232' data-av_iconfont='entypo-fontello' title='' data-avia-related-tooltip='Compartir en Whatsapp' rel=\"noopener\"><span class='avia_hidden_link_text'>Compartir en Whatsapp<\/span><\/a><\/li><li class='av-share-link av-social-link-linkedin' ><a target=\"_blank\" aria-label=\"Compartir en LinkedIn\" href='https:\/\/linkedin.com\/shareArticle?mini=true&#038;title=Incautaci%C3%B3n%20hist%C3%B3rica%3A%20Procedimiento%20conjunto%20impiden%20ingreso%20de%20300%20mil%20cajetillas%20de%20cigarrillos%20en%20paso%20fronterizo%20de%20Balmaceda&#038;url=https:\/\/radiorevelacionfm.cl\/?p=52489' aria-hidden='false' data-av_icon='\ue8fc' data-av_iconfont='entypo-fontello' title='' data-avia-related-tooltip='Compartir en LinkedIn' rel=\"noopener\"><span class='avia_hidden_link_text'>Compartir en LinkedIn<\/span><\/a><\/li><li class='av-share-link av-social-link-mail' ><a  aria-label=\"Compartir por correo\" href='mailto:?subject=Incautaci%C3%B3n%20hist%C3%B3rica%3A%20Procedimiento%20conjunto%20impiden%20ingreso%20de%20300%20mil%20cajetillas%20de%20cigarrillos%20en%20paso%20fronterizo%20de%20Balmaceda&#038;body=https:\/\/radiorevelacionfm.cl\/?p=52489' aria-hidden='false' data-av_icon='\ue805' data-av_iconfont='entypo-fontello' title='' data-avia-related-tooltip='Compartir por correo'><span class='avia_hidden_link_text'>Compartir por correo<\/span><\/a><\/li><\/ul><\/div><\/div>\n<div  style='height:50px' class='hr hr-invisible   avia-builder-el-8  el_after_av_social_share  el_before_av_comments_list '><span class='hr-inner ' ><span class='hr-inner-style'><\/span><\/span><\/div>\n<div  class='av-buildercomment  av-blog-meta-html-info-disabled av-blog-meta-tag-disabled  '><\/div>\n","protected":false},"excerpt":{"rendered":"","protected":false},"author":1,"featured_media":52490,"comment_status":"closed","ping_status":"closed","sticky":false,"template":"","format":"standard","meta":{"footnotes":""},"categories":[36],"tags":[],"class_list":["post-52489","post","type-post","status-publish","format-standard","has-post-thumbnail","hentry","category-policial"],"jetpack_featured_media_url":"https:\/\/radiorevelacionfm.cl\/wp-content\/uploads\/2025\/04\/mpkv1310-1_optimized-1.jpg","_links":{"self":[{"href":"https:\/\/radiorevelacionfm.cl\/index.php?rest_route=\/wp\/v2\/posts\/52489","targetHints":{"allow":["GET"]}}],"collection":[{"href":"https:\/\/radiorevelacionfm.cl\/index.php?rest_route=\/wp\/v2\/posts"}],"about":[{"href":"https:\/\/radiorevelacionfm.cl\/index.php?rest_route=\/wp\/v2\/types\/post"}],"author":[{"embeddable":true,"href":"https:\/\/radiorevelacionfm.cl\/index.php?rest_route=\/wp\/v2\/users\/1"}],"replies":[{"embeddable":true,"href":"https:\/\/radiorevelacionfm.cl\/index.php?rest_route=%2Fwp%2Fv2%2Fcomments&post=52489"}],"version-history":[{"count":2,"href":"https:\/\/radiorevelacionfm.cl\/index.php?rest_route=\/wp\/v2\/posts\/52489\/revisions"}],"predecessor-version":[{"id":52492,"href":"https:\/\/radiorevelacionfm.cl\/index.php?rest_route=\/wp\/v2\/posts\/52489\/revisions\/52492"}],"wp:featuredmedia":[{"embeddable":true,"href":"https:\/\/radiorevelacionfm.cl\/index.php?rest_route=\/wp\/v2\/media\/52490"}],"wp:attachment":[{"href":"https:\/\/radiorevelacionfm.cl\/index.php?rest_route=%2Fwp%2Fv2%2Fmedia&parent=52489"}],"wp:term":[{"taxonomy":"category","embeddable":true,"href":"https:\/\/radiorevelacionfm.cl\/index.php?rest_route=%2Fwp%2Fv2%2Fcategories&post=52489"},{"taxonomy":"post_tag","embeddable":true,"href":"https:\/\/radiorevelacionfm.cl\/index.php?rest_route=%2Fwp%2Fv2%2Ftags&post=52489"}],"curies":[{"name":"wp","href":"https:\/\/api.w.org\/{rel}","templated":true}]}}