{"id":52481,"date":"2025-04-10T11:08:21","date_gmt":"2025-04-10T14:08:21","guid":{"rendered":"https:\/\/radiorevelacionfm.cl\/?p=52481"},"modified":"2025-04-10T11:08:21","modified_gmt":"2025-04-10T14:08:21","slug":"comision-del-core-conoce-avances-en-el-nuevo-hospital-de-chile-chico","status":"publish","type":"post","link":"https:\/\/radiorevelacionfm.cl\/?p=52481","title":{"rendered":"Comisi\u00f3n del CORE conoce avances en el nuevo Hospital de Chile Chico"},"content":{"rendered":"<div class=\"flex_column av_one_full  flex_column_div av-zero-column-padding first  avia-builder-el-0  el_before_av_one_full  avia-builder-el-first  \" style='border-radius:0px; '><div  class='avia-image-container  av-styling-    avia-builder-el-1  avia-builder-el-no-sibling  avia-align-center '  itemprop=\"image\" itemscope=\"itemscope\" itemtype=\"https:\/\/schema.org\/ImageObject\"  ><div class='avia-image-container-inner'><div class='avia-image-overlay-wrap'><img decoding=\"async\" class='wp-image-52482 avia-img-lazy-loading-not-52482 avia_image' src=\"https:\/\/radiorevelacionfm.cl\/wp-content\/uploads\/2025\/04\/visita-cores-hlor-3-1_optimized.jpeg\" alt='' title='visita-cores-hlor-(3)-(1)_optimized' height=\"600\" width=\"800\"  itemprop=\"thumbnailUrl\" srcset=\"https:\/\/radiorevelacionfm.cl\/wp-content\/uploads\/2025\/04\/visita-cores-hlor-3-1_optimized.jpeg 800w, https:\/\/radiorevelacionfm.cl\/wp-content\/uploads\/2025\/04\/visita-cores-hlor-3-1_optimized-300x225.jpeg 300w, https:\/\/radiorevelacionfm.cl\/wp-content\/uploads\/2025\/04\/visita-cores-hlor-3-1_optimized-768x576.jpeg 768w, https:\/\/radiorevelacionfm.cl\/wp-content\/uploads\/2025\/04\/visita-cores-hlor-3-1_optimized-705x529.jpeg 705w, https:\/\/radiorevelacionfm.cl\/wp-content\/uploads\/2025\/04\/visita-cores-hlor-3-1_optimized-450x338.jpeg 450w, https:\/\/radiorevelacionfm.cl\/wp-content\/uploads\/2025\/04\/visita-cores-hlor-3-1_optimized-600x450.jpeg 600w\" sizes=\"(max-width: 800px) 100vw, 800px\" \/><\/div><\/div><\/div><\/div><div class=\"flex_column av_one_full  flex_column_div av-zero-column-padding first  avia-builder-el-2  el_after_av_one_full  el_before_av_one_full  column-top-margin\" style='border-radius:0px; '><section class=\"av_textblock_section \"  itemscope=\"itemscope\" itemtype=\"https:\/\/schema.org\/BlogPosting\" itemprop=\"blogPost\" ><div class='avia_textblock  '   itemprop=\"text\" ><p style=\"text-align: center;\"><span style=\"font-size: 18pt;\"><b>Comisi\u00f3n del CORE conoce avances en el nuevo Hospital de Chile Chico<\/b><\/span><\/p>\n<div id=\"gtx-trans\" style=\"position: absolute; left: -50px; top: 4.31534px;\">\n<div class=\"gtx-trans-icon\"><\/div>\n<\/div>\n<\/div><\/section><\/div><div class=\"flex_column av_one_full  flex_column_div av-zero-column-padding first  avia-builder-el-4  el_after_av_one_full  el_before_av_hr  column-top-margin\" style='border-radius:0px; '><section class=\"av_textblock_section \"  itemscope=\"itemscope\" itemtype=\"https:\/\/schema.org\/BlogPosting\" itemprop=\"blogPost\" ><div class='avia_textblock  '   itemprop=\"text\" ><p style=\"text-align: justify;\"><em>Servicio de Salud, junto a la direcci\u00f3n del establecimiento, encabezaron la presentaci\u00f3n en la Ciudad del Sol.<\/em><b><\/b><\/p>\n<p style=\"text-align: justify;\">Con un 99% de avance f\u00edsico en su infraestructura, el nuevo Hospital Dr. Leopoldo Ortega Rodr\u00edguez de Chile Chico entra en su fase final de habilitaci\u00f3n. En este contexto, el Servicio de Salud Ays\u00e9n present\u00f3 a la Comisi\u00f3n de Desarrollo Social, Cultural y Deportivo del Consejo Regional de Ays\u00e9n el estado actualizado del proyecto y los pasos pendientes para su pr\u00f3xima entrada en funcionamiento.<\/p>\n<p style=\"text-align: justify;\">La exposici\u00f3n se realiz\u00f3 en dependencias de la Municipalidad de Chile Chico y fue encabezada por el director del Servicio de Salud Ays\u00e9n, Juan Pablo Bravo Quintana, junto al jefe del Subdepartamento de Recursos F\u00edsicos e Inversiones, Pablo Garnica, y la directora (s) del hospital, Lorena Guerrero.<\/p>\n<p style=\"text-align: justify;\">El nuevo recinto hospitalario, financiado por el Ministerio de Salud, beneficiar\u00e1 directamente a una poblaci\u00f3n estimada de 5.000 personas en la Provincia General Carrera, reforzando la red p\u00fablica de salud en una de las zonas m\u00e1s australes del pa\u00eds.<\/p>\n<p style=\"text-align: justify;\">\u201cNos reunimos con el Ministerio de Obras P\u00fablicas (MOP), que nos entreg\u00f3 el edificio en t\u00e9rminos de los plazos en que ellos van a entrar como comisi\u00f3n para entregarlo probablemente a mediados de mayo. Luego, expusimos al Consejo Regional el estado de avance de la normalizaci\u00f3n del Hospital Leopoldo Ortega. Nos queda solamente hacer la recepci\u00f3n desde el MOP para posteriormente obtener la autorizaci\u00f3n sanitaria\u201d, explic\u00f3 Lorena Guerrero, directora (s) del hospital.<\/p>\n<p style=\"text-align: justify;\">Los consejeros regionales tambi\u00e9n valoraron el avance y el impacto del nuevo hospital para la comunidad de la provincia. \u201cTuvimos una presentaci\u00f3n bastante esperada y anhelada por parte de la comunidad. Pudimos conocer el cronograma y ya tenemos la buena noticia de que en agosto de este a\u00f1o deber\u00eda entrar en marcha el nuevo hospital, con equipamiento 100% nuevo. Siempre vamos a buscar mejorar en salud. Es una buena noticia, un gran avance, pero esperamos tambi\u00e9n continuar avanzando\u201d, afirm\u00f3 Paulina Hern\u00e1ndez, consejera regional por la Provincia General Carrera y presidenta de la comisi\u00f3n.<\/p>\n<p style=\"text-align: justify;\">Por su parte, Pablo Guglielmi, consejero regional por la Provincia de Coyhaique, expres\u00f3: \u201cEstamos muy contentos y siempre vamos a estar disponibles para aprobar proyectos y recursos que vayan en beneficio de la salud de los territorios m\u00e1s aislados de nuestra regi\u00f3n de Ays\u00e9n\u201d.<\/p>\n<p style=\"text-align: justify;\">Respecto al proceso, Javiera Mercado, referente ministerial de la Divisi\u00f3n de Gesti\u00f3n de Redes Asistenciales (DIGERA) del Ministerio de Salud, se\u00f1al\u00f3\u00a0\u201cla puesta en marcha en general es un proceso de acompa\u00f1amiento y de trabajo continuo desde el momento en que se pone la primera piedra del establecimiento hasta la operaci\u00f3n inicial un a\u00f1o posterior y es un proceso donde confluyen los ocho \u00e1mbitos de la puesta en marcha que tiene con los equipos y equipamiento, autorizaci\u00f3n sanitaria, recursos humanos, gesti\u00f3n cl\u00ednica, gesti\u00f3n del cambio,\u00a0 presupuesto y la idea es poder velar porque sea un proceso limpio, adecuado, coherente conjunto con la comunidad, con los funcionarios para asegurar un traslado y una operaci\u00f3n inicial de calidad y seguridad para todos\u201d, dijo Mercado.<\/p>\n<p style=\"text-align: justify;\">En ese marco, los consejeros regionales realizaron una visita a la obra para conocer en terreno el estado de avance del proyecto y los pr\u00f3ximos pasos hacia su puesta en marcha.<\/p>\n<p style=\"text-align: justify;\">Paralelamente, el equipo de Puesta en Marcha de la Red Asistencial del Servicio de Salud Ays\u00e9n, junto a la referente ministerial de DIGERA y los equipos locales, permaneci\u00f3 durante dos jornadas en la comuna de Chile Chico, desarrollando reuniones t\u00e9cnicas y revisiones operativas. Este trabajo considera adem\u00e1s la preparaci\u00f3n del proceso de traslado de los funcionarios al nuevo establecimiento, una estrategia comunicacional que acompa\u00f1e a la comunidad en esta transici\u00f3n, espacios de participaci\u00f3n ciudadana y el rescate patrimonial del actual hospital como parte esencial de la memoria colectiva y de la identidad en salud del territorio.<\/p>\n<\/div><\/section><\/div><div  style='height:50px' class='hr hr-invisible   avia-builder-el-6  el_after_av_one_full  el_before_av_social_share '><span class='hr-inner ' ><span class='hr-inner-style'><\/span><\/span><\/div><\/p>\n<div  class='av-social-sharing-box  avia-builder-el-7  el_after_av_hr  el_before_av_hr  '><div class='av-share-box'><h5 class='av-share-link-description av-no-toc '>Compartir esta noticia<\/h5><ul class='av-share-box-list noLightbox'><li class='av-share-link av-social-link-facebook' ><a target=\"_blank\" aria-label=\"Compartir en Facebook\" href='https:\/\/www.facebook.com\/sharer.php?u=https:\/\/radiorevelacionfm.cl\/?p=52481&#038;t=Comisi%C3%B3n%20del%20CORE%20conoce%20avances%20en%20el%20nuevo%20Hospital%20de%20Chile%20Chico' aria-hidden='false' data-av_icon='\ue8f3' data-av_iconfont='entypo-fontello' title='' data-avia-related-tooltip='Compartir en Facebook' rel=\"noopener\"><span class='avia_hidden_link_text'>Compartir en Facebook<\/span><\/a><\/li><li class='av-share-link av-social-link-twitter' ><a target=\"_blank\" aria-label=\"Compartir en Twitter\" href='https:\/\/twitter.com\/share?text=Comisi%C3%B3n%20del%20CORE%20conoce%20avances%20en%20el%20nuevo%20Hospital%20de%20Chile%20Chico&#038;url=https:\/\/radiorevelacionfm.cl\/?p=52481' aria-hidden='false' data-av_icon='\ue8f1' data-av_iconfont='entypo-fontello' title='' data-avia-related-tooltip='Compartir en Twitter' rel=\"noopener\"><span class='avia_hidden_link_text'>Compartir en Twitter<\/span><\/a><\/li><li class='av-share-link av-social-link-whatsapp' ><a target=\"_blank\" aria-label=\"Compartir en Whatsapp\" href='https:\/\/api.whatsapp.com\/send?text=https:\/\/radiorevelacionfm.cl\/?p=52481' aria-hidden='false' data-av_icon='\uf232' data-av_iconfont='entypo-fontello' title='' data-avia-related-tooltip='Compartir en Whatsapp' rel=\"noopener\"><span class='avia_hidden_link_text'>Compartir en Whatsapp<\/span><\/a><\/li><li class='av-share-link av-social-link-linkedin' ><a target=\"_blank\" aria-label=\"Compartir en LinkedIn\" href='https:\/\/linkedin.com\/shareArticle?mini=true&#038;title=Comisi%C3%B3n%20del%20CORE%20conoce%20avances%20en%20el%20nuevo%20Hospital%20de%20Chile%20Chico&#038;url=https:\/\/radiorevelacionfm.cl\/?p=52481' aria-hidden='false' data-av_icon='\ue8fc' data-av_iconfont='entypo-fontello' title='' data-avia-related-tooltip='Compartir en LinkedIn' rel=\"noopener\"><span class='avia_hidden_link_text'>Compartir en LinkedIn<\/span><\/a><\/li><li class='av-share-link av-social-link-mail' ><a  aria-label=\"Compartir por correo\" href='mailto:?subject=Comisi%C3%B3n%20del%20CORE%20conoce%20avances%20en%20el%20nuevo%20Hospital%20de%20Chile%20Chico&#038;body=https:\/\/radiorevelacionfm.cl\/?p=52481' aria-hidden='false' data-av_icon='\ue805' data-av_iconfont='entypo-fontello' title='' data-avia-related-tooltip='Compartir por correo'><span class='avia_hidden_link_text'>Compartir por correo<\/span><\/a><\/li><\/ul><\/div><\/div>\n<div  style='height:50px' class='hr hr-invisible   avia-builder-el-8  el_after_av_social_share  el_before_av_comments_list '><span class='hr-inner ' ><span class='hr-inner-style'><\/span><\/span><\/div>\n<div  class='av-buildercomment  av-blog-meta-html-info-disabled av-blog-meta-tag-disabled  '><\/div>\n","protected":false},"excerpt":{"rendered":"","protected":false},"author":1,"featured_media":52482,"comment_status":"closed","ping_status":"closed","sticky":false,"template":"","format":"standard","meta":{"footnotes":""},"categories":[46],"tags":[],"class_list":["post-52481","post","type-post","status-publish","format-standard","has-post-thumbnail","hentry","category-salud"],"jetpack_featured_media_url":"https:\/\/radiorevelacionfm.cl\/wp-content\/uploads\/2025\/04\/visita-cores-hlor-3-1_optimized.jpeg","_links":{"self":[{"href":"https:\/\/radiorevelacionfm.cl\/index.php?rest_route=\/wp\/v2\/posts\/52481","targetHints":{"allow":["GET"]}}],"collection":[{"href":"https:\/\/radiorevelacionfm.cl\/index.php?rest_route=\/wp\/v2\/posts"}],"about":[{"href":"https:\/\/radiorevelacionfm.cl\/index.php?rest_route=\/wp\/v2\/types\/post"}],"author":[{"embeddable":true,"href":"https:\/\/radiorevelacionfm.cl\/index.php?rest_route=\/wp\/v2\/users\/1"}],"replies":[{"embeddable":true,"href":"https:\/\/radiorevelacionfm.cl\/index.php?rest_route=%2Fwp%2Fv2%2Fcomments&post=52481"}],"version-history":[{"count":2,"href":"https:\/\/radiorevelacionfm.cl\/index.php?rest_route=\/wp\/v2\/posts\/52481\/revisions"}],"predecessor-version":[{"id":52484,"href":"https:\/\/radiorevelacionfm.cl\/index.php?rest_route=\/wp\/v2\/posts\/52481\/revisions\/52484"}],"wp:featuredmedia":[{"embeddable":true,"href":"https:\/\/radiorevelacionfm.cl\/index.php?rest_route=\/wp\/v2\/media\/52482"}],"wp:attachment":[{"href":"https:\/\/radiorevelacionfm.cl\/index.php?rest_route=%2Fwp%2Fv2%2Fmedia&parent=52481"}],"wp:term":[{"taxonomy":"category","embeddable":true,"href":"https:\/\/radiorevelacionfm.cl\/index.php?rest_route=%2Fwp%2Fv2%2Fcategories&post=52481"},{"taxonomy":"post_tag","embeddable":true,"href":"https:\/\/radiorevelacionfm.cl\/index.php?rest_route=%2Fwp%2Fv2%2Ftags&post=52481"}],"curies":[{"name":"wp","href":"https:\/\/api.w.org\/{rel}","templated":true}]}}