{"id":52478,"date":"2025-04-10T12:18:24","date_gmt":"2025-04-10T15:18:24","guid":{"rendered":"https:\/\/radiorevelacionfm.cl\/?p=52478"},"modified":"2025-04-10T12:18:24","modified_gmt":"2025-04-10T15:18:24","slug":"concejal-leon-manifesto-preocupacion-por-situacion-actual-del-centro-de-montana-el-fraile","status":"publish","type":"post","link":"https:\/\/radiorevelacionfm.cl\/?p=52478","title":{"rendered":"Concejal Le\u00f3n manifest\u00f3 preocupaci\u00f3n por situaci\u00f3n actual del centro de monta\u00f1a El Fraile"},"content":{"rendered":"<div class=\"flex_column av_one_full  flex_column_div av-zero-column-padding first  avia-builder-el-0  el_before_av_one_full  avia-builder-el-first  \" style='border-radius:0px; '><div  class='avia-image-container  av-styling-    avia-builder-el-1  avia-builder-el-no-sibling  avia-align-center '  itemprop=\"image\" itemscope=\"itemscope\" itemtype=\"https:\/\/schema.org\/ImageObject\"  ><div class='avia-image-container-inner'><div class='avia-image-overlay-wrap'><img decoding=\"async\" class='wp-image-52479 avia-img-lazy-loading-not-52479 avia_image' src=\"https:\/\/radiorevelacionfm.cl\/wp-content\/uploads\/2025\/04\/El-fraile-1-1-1.jpg\" alt='' title='El fraile (1) (1) (1)' height=\"600\" width=\"800\"  itemprop=\"thumbnailUrl\" srcset=\"https:\/\/radiorevelacionfm.cl\/wp-content\/uploads\/2025\/04\/El-fraile-1-1-1.jpg 800w, https:\/\/radiorevelacionfm.cl\/wp-content\/uploads\/2025\/04\/El-fraile-1-1-1-300x225.jpg 300w, https:\/\/radiorevelacionfm.cl\/wp-content\/uploads\/2025\/04\/El-fraile-1-1-1-768x576.jpg 768w, https:\/\/radiorevelacionfm.cl\/wp-content\/uploads\/2025\/04\/El-fraile-1-1-1-705x529.jpg 705w, https:\/\/radiorevelacionfm.cl\/wp-content\/uploads\/2025\/04\/El-fraile-1-1-1-450x338.jpg 450w, https:\/\/radiorevelacionfm.cl\/wp-content\/uploads\/2025\/04\/El-fraile-1-1-1-600x450.jpg 600w\" sizes=\"(max-width: 800px) 100vw, 800px\" \/><\/div><\/div><\/div><\/div><div class=\"flex_column av_one_full  flex_column_div av-zero-column-padding first  avia-builder-el-2  el_after_av_one_full  el_before_av_one_full  column-top-margin\" style='border-radius:0px; '><section class=\"av_textblock_section \"  itemscope=\"itemscope\" itemtype=\"https:\/\/schema.org\/BlogPosting\" itemprop=\"blogPost\" ><div class='avia_textblock  '   itemprop=\"text\" ><p style=\"text-align: center;\"><strong><span style=\"font-size: 18pt;\">Concejal Le\u00f3n manifest\u00f3 preocupaci\u00f3n por situaci\u00f3n actual del centro de monta\u00f1a El Fraile<\/span><\/strong><\/p>\n<div id=\"gtx-trans\" style=\"position: absolute; left: -50px; top: 4.31534px;\">\n<div class=\"gtx-trans-icon\"><\/div>\n<\/div>\n<\/div><\/section><\/div><div class=\"flex_column av_one_full  flex_column_div av-zero-column-padding first  avia-builder-el-4  el_after_av_one_full  el_before_av_hr  column-top-margin\" style='border-radius:0px; '><section class=\"av_textblock_section \"  itemscope=\"itemscope\" itemtype=\"https:\/\/schema.org\/BlogPosting\" itemprop=\"blogPost\" ><div class='avia_textblock  '   itemprop=\"text\" ><p style=\"text-align: justify;\">Durante la sesi\u00f3n del Concejo Municipal realizada el pasado 9 de abril, el concejal Felipe Le\u00f3n manifest\u00f3 su profunda preocupaci\u00f3n por la falta de informaci\u00f3n concreta y actualizada respecto al estado del Centro de Monta\u00f1a ubicado en el sector El Fraile, uno de los principales atractivos tur\u00edsticos invernales de la comuna.<\/p>\n<p style=\"text-align: justify;\">El recinto, que despierta alto inter\u00e9s por parte de organizaciones deportivas del \u00e1mbito de monta\u00f1a, operadores tur\u00edsticos y la comunidad en general, ha sido tema de conversaci\u00f3n tras una \u00fanica reuni\u00f3n convocada por la Seremi del Deporte y el Instituto Nacional del Deporte (IND), en la que se expuso de manera escueta la situaci\u00f3n actual, sin la entrega de cifras de ingresos, an\u00e1lisis de riesgos, ni proyecciones claras a corto, mediano o largo plazo.<\/p>\n<p style=\"text-align: justify;\">\u201cEs muy complejo pensar en asumir la concesi\u00f3n de este recinto como Municipalidad sin contar con datos t\u00e9cnicos, financieros y administrativos que nos permitan tomar una decisi\u00f3n responsable. Lo m\u00ednimo es contar con informaci\u00f3n detallada, que permita evaluar los beneficios y riesgos para la comunidad y, especialmente, para el municipio\u201d, se\u00f1al\u00f3 el concejal Le\u00f3n.<\/p>\n<p style=\"text-align: justify;\">Durante el concejo, tambi\u00e9n se evidenci\u00f3 el mal estado de las instalaciones, lo que pone en riesgo la temporada de invierno debido al tiempo que requiere su habilitaci\u00f3n. \u201cNo se han movilizado a\u00fan las acciones suficientes y eso genera preocupaci\u00f3n, tanto en las organizaciones que utilizan este espacio como en los operadores tur\u00edsticos que dependen de su funcionamiento en los meses de invierno\u201d, agreg\u00f3 Le\u00f3n.<\/p>\n<p style=\"text-align: justify;\">El Concejal fue enf\u00e1tico en manifestar su postura contraria a que la Municipalidad asuma la concesi\u00f3n del centro sin contar con todos los antecedentes t\u00e9cnicos y compromisos claros que aseguren una gesti\u00f3n seria, transparente y financieramente sostenible. \u201cNo podemos poner en riesgo los recursos de los contribuyentes si no se ha hecho el trabajo previo con la rigurosidad que corresponde\u201d, afirm\u00f3.<\/p>\n<p style=\"text-align: justify;\">No obstante, Le\u00f3n tambi\u00e9n reconoci\u00f3 el valor social que podr\u00eda tener este espacio si se administra adecuadamente. \u201cEste centro podr\u00eda transformarse en una oportunidad para que vecinos, ni\u00f1os y ni\u00f1as de Coyhaique, especialmente aquellos con menos recursos, accedan a actividades de recreaci\u00f3n y monta\u00f1a que hoy est\u00e1n fuera de su alcance\u201d, se\u00f1al\u00f3.<\/p>\n<p style=\"text-align: justify;\">Finalmente, el concejal expres\u00f3 que seguir\u00e1 atento a los avances que se produzcan en torno al tema. \u201cEspero que el camino se rectifique, que se generen instancias participativas y que se tomen decisiones en base a informaci\u00f3n t\u00e9cnica clara. Solo as\u00ed podremos votar con responsabilidad y velar por el bienestar de la comunidad\u201d, concluy\u00f3.<\/p>\n<\/div><\/section><\/div><div  style='height:50px' class='hr hr-invisible   avia-builder-el-6  el_after_av_one_full  el_before_av_social_share '><span class='hr-inner ' ><span class='hr-inner-style'><\/span><\/span><\/div><\/p>\n<div  class='av-social-sharing-box  avia-builder-el-7  el_after_av_hr  el_before_av_hr  '><div class='av-share-box'><h5 class='av-share-link-description av-no-toc '>Compartir esta noticia<\/h5><ul class='av-share-box-list noLightbox'><li class='av-share-link av-social-link-facebook' ><a target=\"_blank\" aria-label=\"Compartir en Facebook\" href='https:\/\/www.facebook.com\/sharer.php?u=https:\/\/radiorevelacionfm.cl\/?p=52478&#038;t=Concejal%20Le%C3%B3n%20manifest%C3%B3%20preocupaci%C3%B3n%20por%20situaci%C3%B3n%20actual%20del%20centro%20de%20monta%C3%B1a%20El%20Fraile' aria-hidden='false' data-av_icon='\ue8f3' data-av_iconfont='entypo-fontello' title='' data-avia-related-tooltip='Compartir en Facebook' rel=\"noopener\"><span class='avia_hidden_link_text'>Compartir en Facebook<\/span><\/a><\/li><li class='av-share-link av-social-link-twitter' ><a target=\"_blank\" aria-label=\"Compartir en Twitter\" href='https:\/\/twitter.com\/share?text=Concejal%20Le%C3%B3n%20manifest%C3%B3%20preocupaci%C3%B3n%20por%20situaci%C3%B3n%20actual%20del%20centro%20de%20monta%C3%B1a%20El%20Fraile&#038;url=https:\/\/radiorevelacionfm.cl\/?p=52478' aria-hidden='false' data-av_icon='\ue8f1' data-av_iconfont='entypo-fontello' title='' data-avia-related-tooltip='Compartir en Twitter' rel=\"noopener\"><span class='avia_hidden_link_text'>Compartir en Twitter<\/span><\/a><\/li><li class='av-share-link av-social-link-whatsapp' ><a target=\"_blank\" aria-label=\"Compartir en Whatsapp\" href='https:\/\/api.whatsapp.com\/send?text=https:\/\/radiorevelacionfm.cl\/?p=52478' aria-hidden='false' data-av_icon='\uf232' data-av_iconfont='entypo-fontello' title='' data-avia-related-tooltip='Compartir en Whatsapp' rel=\"noopener\"><span class='avia_hidden_link_text'>Compartir en Whatsapp<\/span><\/a><\/li><li class='av-share-link av-social-link-linkedin' ><a target=\"_blank\" aria-label=\"Compartir en LinkedIn\" href='https:\/\/linkedin.com\/shareArticle?mini=true&#038;title=Concejal%20Le%C3%B3n%20manifest%C3%B3%20preocupaci%C3%B3n%20por%20situaci%C3%B3n%20actual%20del%20centro%20de%20monta%C3%B1a%20El%20Fraile&#038;url=https:\/\/radiorevelacionfm.cl\/?p=52478' aria-hidden='false' data-av_icon='\ue8fc' data-av_iconfont='entypo-fontello' title='' data-avia-related-tooltip='Compartir en LinkedIn' rel=\"noopener\"><span class='avia_hidden_link_text'>Compartir en LinkedIn<\/span><\/a><\/li><li class='av-share-link av-social-link-mail' ><a  aria-label=\"Compartir por correo\" href='mailto:?subject=Concejal%20Le%C3%B3n%20manifest%C3%B3%20preocupaci%C3%B3n%20por%20situaci%C3%B3n%20actual%20del%20centro%20de%20monta%C3%B1a%20El%20Fraile&#038;body=https:\/\/radiorevelacionfm.cl\/?p=52478' aria-hidden='false' data-av_icon='\ue805' data-av_iconfont='entypo-fontello' title='' data-avia-related-tooltip='Compartir por correo'><span class='avia_hidden_link_text'>Compartir por correo<\/span><\/a><\/li><\/ul><\/div><\/div>\n<div  style='height:50px' class='hr hr-invisible   avia-builder-el-8  el_after_av_social_share  el_before_av_comments_list '><span class='hr-inner ' ><span class='hr-inner-style'><\/span><\/span><\/div>\n<div  class='av-buildercomment  av-blog-meta-html-info-disabled av-blog-meta-tag-disabled  '><\/div>\n","protected":false},"excerpt":{"rendered":"","protected":false},"author":1,"featured_media":52479,"comment_status":"closed","ping_status":"closed","sticky":false,"template":"","format":"standard","meta":{"footnotes":""},"categories":[38],"tags":[],"class_list":["post-52478","post","type-post","status-publish","format-standard","has-post-thumbnail","hentry","category-regional"],"jetpack_featured_media_url":"https:\/\/radiorevelacionfm.cl\/wp-content\/uploads\/2025\/04\/El-fraile-1-1-1.jpg","_links":{"self":[{"href":"https:\/\/radiorevelacionfm.cl\/index.php?rest_route=\/wp\/v2\/posts\/52478","targetHints":{"allow":["GET"]}}],"collection":[{"href":"https:\/\/radiorevelacionfm.cl\/index.php?rest_route=\/wp\/v2\/posts"}],"about":[{"href":"https:\/\/radiorevelacionfm.cl\/index.php?rest_route=\/wp\/v2\/types\/post"}],"author":[{"embeddable":true,"href":"https:\/\/radiorevelacionfm.cl\/index.php?rest_route=\/wp\/v2\/users\/1"}],"replies":[{"embeddable":true,"href":"https:\/\/radiorevelacionfm.cl\/index.php?rest_route=%2Fwp%2Fv2%2Fcomments&post=52478"}],"version-history":[{"count":2,"href":"https:\/\/radiorevelacionfm.cl\/index.php?rest_route=\/wp\/v2\/posts\/52478\/revisions"}],"predecessor-version":[{"id":52488,"href":"https:\/\/radiorevelacionfm.cl\/index.php?rest_route=\/wp\/v2\/posts\/52478\/revisions\/52488"}],"wp:featuredmedia":[{"embeddable":true,"href":"https:\/\/radiorevelacionfm.cl\/index.php?rest_route=\/wp\/v2\/media\/52479"}],"wp:attachment":[{"href":"https:\/\/radiorevelacionfm.cl\/index.php?rest_route=%2Fwp%2Fv2%2Fmedia&parent=52478"}],"wp:term":[{"taxonomy":"category","embeddable":true,"href":"https:\/\/radiorevelacionfm.cl\/index.php?rest_route=%2Fwp%2Fv2%2Fcategories&post=52478"},{"taxonomy":"post_tag","embeddable":true,"href":"https:\/\/radiorevelacionfm.cl\/index.php?rest_route=%2Fwp%2Fv2%2Ftags&post=52478"}],"curies":[{"name":"wp","href":"https:\/\/api.w.org\/{rel}","templated":true}]}}