{"id":52474,"date":"2025-04-10T10:37:49","date_gmt":"2025-04-10T13:37:49","guid":{"rendered":"https:\/\/radiorevelacionfm.cl\/?p=52474"},"modified":"2025-04-10T10:37:49","modified_gmt":"2025-04-10T13:37:49","slug":"apoyando-el-modelo-asociativo-y-la-economia-social-ministerio-de-economia-implementa-call-center-para-cooperativas","status":"publish","type":"post","link":"https:\/\/radiorevelacionfm.cl\/?p=52474","title":{"rendered":"Apoyando el modelo asociativo y la econom\u00eda social: Ministerio de Econom\u00eda implementa Call Center para Cooperativas"},"content":{"rendered":"<div class=\"flex_column av_one_full  flex_column_div av-zero-column-padding first  avia-builder-el-0  el_before_av_one_full  avia-builder-el-first  \" style='border-radius:0px; '><div  class='avia-image-container  av-styling-    avia-builder-el-1  avia-builder-el-no-sibling  avia-align-center '  itemprop=\"image\" itemscope=\"itemscope\" itemtype=\"https:\/\/schema.org\/ImageObject\"  ><div class='avia-image-container-inner'><div class='avia-image-overlay-wrap'><img decoding=\"async\" class='wp-image-52475 avia-img-lazy-loading-not-52475 avia_image' src=\"https:\/\/radiorevelacionfm.cl\/wp-content\/uploads\/2025\/04\/cooperativas-2-1_optimized-1.jpg\" alt='' title='cooperativas-(2)-(1)_optimized (1)' height=\"600\" width=\"1067\"  itemprop=\"thumbnailUrl\" srcset=\"https:\/\/radiorevelacionfm.cl\/wp-content\/uploads\/2025\/04\/cooperativas-2-1_optimized-1.jpg 1067w, https:\/\/radiorevelacionfm.cl\/wp-content\/uploads\/2025\/04\/cooperativas-2-1_optimized-1-300x169.jpg 300w, https:\/\/radiorevelacionfm.cl\/wp-content\/uploads\/2025\/04\/cooperativas-2-1_optimized-1-1030x579.jpg 1030w, https:\/\/radiorevelacionfm.cl\/wp-content\/uploads\/2025\/04\/cooperativas-2-1_optimized-1-768x432.jpg 768w, https:\/\/radiorevelacionfm.cl\/wp-content\/uploads\/2025\/04\/cooperativas-2-1_optimized-1-705x396.jpg 705w, https:\/\/radiorevelacionfm.cl\/wp-content\/uploads\/2025\/04\/cooperativas-2-1_optimized-1-450x253.jpg 450w, https:\/\/radiorevelacionfm.cl\/wp-content\/uploads\/2025\/04\/cooperativas-2-1_optimized-1-600x337.jpg 600w\" sizes=\"(max-width: 1067px) 100vw, 1067px\" \/><\/div><\/div><\/div><\/div><div class=\"flex_column av_one_full  flex_column_div av-zero-column-padding first  avia-builder-el-2  el_after_av_one_full  el_before_av_one_full  column-top-margin\" style='border-radius:0px; '><section class=\"av_textblock_section \"  itemscope=\"itemscope\" itemtype=\"https:\/\/schema.org\/BlogPosting\" itemprop=\"blogPost\" ><div class='avia_textblock  '   itemprop=\"text\" ><p style=\"text-align: center;\"><strong><span style=\"font-size: 18pt;\">Apoyando el modelo asociativo y la econom\u00eda social: Ministerio de Econom\u00eda implementa Call Center para Cooperativas<\/span><\/strong><\/p>\n<div id=\"gtx-trans\" style=\"position: absolute; left: -50px; top: 4.31534px;\">\n<div class=\"gtx-trans-icon\"><\/div>\n<\/div>\n<\/div><\/section><\/div><div class=\"flex_column av_one_full  flex_column_div av-zero-column-padding first  avia-builder-el-4  el_after_av_one_full  el_before_av_hr  column-top-margin\" style='border-radius:0px; '><section class=\"av_textblock_section \"  itemscope=\"itemscope\" itemtype=\"https:\/\/schema.org\/BlogPosting\" itemprop=\"blogPost\" ><div class='avia_textblock  '   itemprop=\"text\" ><p style=\"text-align: justify;\"><em>El Contact Center de la Divisi\u00f3n de Asociatividad y Cooperativas (DAES), permitir\u00e1 responder dudas o consultas de los usuarios interesados en crear cooperativas, as\u00ed como orientarlos en los tr\u00e1mites y procedimientos.<\/em><\/p>\n<p style=\"text-align: justify;\">La Divisi\u00f3n de Asociatividad y Cooperativas (DAES) del Ministerio de Econom\u00eda, Turismo y Fomento inici\u00f3 el funcionamiento de su Contact Center, un sistema de atenci\u00f3n telef\u00f3nica disponible para la ciudadan\u00eda que tiene como fin principal responder de manera expedita las solicitudes de los usuarios.<\/p>\n<p style=\"text-align: justify;\">Este soporte permitir\u00e1 una comunicaci\u00f3n m\u00e1s \u00e1gil y directa con la ciudadan\u00eda, ya que, si bien los canales de atenci\u00f3n presencial y virtual de la Divisi\u00f3n continuar\u00e1n operando normalmente, esta nueva alternativa ofrecer\u00e1 una atenci\u00f3n mucho m\u00e1s personalizada y cercana a los distintos usuarios de la DAES.<\/p>\n<p style=\"text-align: justify;\">Con respecto a esta iniciativa, el jefe de la DAES, Juan Jos\u00e9 Montes, asegur\u00f3 que <em>\u201clo m\u00e1s relevante es acercar a la Divisi\u00f3n con la ciudadan\u00eda, algo que como Gobierno hemos intencionado para mejorar el acceso a informaci\u00f3n y tender a una mejor gesti\u00f3n de las organizaciones de car\u00e1cter asociativo. Y en cuanto a la utilidad que prestar\u00e1 a los usuarios se\u00f1ala que \u201clos beneficiar\u00e1 porque acceder\u00e1n directamente a respuestas a dudas sobre procesos administrativos con una l\u00f3gica formativa y cercana\u201d.<\/em><\/p>\n<p style=\"text-align: justify;\">Por su parte, el Seremi de Econom\u00eda, Fomento y Turismo de la Regi\u00f3n de Ays\u00e9n Felipe Rojas indic\u00f3 que: <em>\u201ctodas las instancias que posibiliten asesorar, apoyar y acompa\u00f1ar a las cooperativas, ser\u00e1n una buena noticia, en el contexto que en muchas ocasiones surgen dudas y consultas, que mediante este Call Center podr\u00e1n ser resueltas de manera m\u00e1s fluida y directa. Como Gobierno, estamos impulsando fuertemente el crecimiento y desarrollo de las Cooperativas y en definitiva, este es un eslab\u00f3n importante para para el apoyo constante y cada vez m\u00e1s cercano, para quienes deciden emprender de modo asociativo\u201d.<\/em><\/p>\n<p style=\"text-align: justify;\">Para comunicarse con el Contact Center de DAES hay que marcar el <strong>+56 22 4733500<\/strong>, donde se podr\u00e1 elegir entre la opci\u00f3n 1 y la opci\u00f3n 2, la primera corresponde a consultas generales y la segunda, corresponde a la atenci\u00f3n de una ejecutiva, donde se podr\u00e1 consultar sobre temas relacionados con las constituciones de cooperativas. El horario de atenci\u00f3n es de lunes a jueves, de 09:00 a 17:00 horas y los viernes, de 09:00 a 16:00 horas. Cabe destacar que, en esta primera etapa, la opci\u00f3n 2 estar\u00e1 enfocada s\u00f3lo en quienes quieran constituir cooperativas, mientras que pr\u00f3ximamente se habilitar\u00e1 para las asociaciones gremiales y de consumidores.<\/p>\n<p style=\"text-align: justify;\">Este lanzamiento se da en el marco de la implementaci\u00f3n del <strong>Plan de Modernizaci\u00f3n de la DAES<\/strong>, el cual adem\u00e1s de contar con el <strong>Contact Center<\/strong> entre sus proyectos, tiene entre sus principales iniciativas la futura ejecuci\u00f3n de la plataforma que permitir\u00e1 constituir una cooperativa de manera 100% digital.<\/p>\n<\/div><\/section><\/div><div  style='height:50px' class='hr hr-invisible   avia-builder-el-6  el_after_av_one_full  el_before_av_social_share '><span class='hr-inner ' ><span class='hr-inner-style'><\/span><\/span><\/div><\/p>\n<div  class='av-social-sharing-box  avia-builder-el-7  el_after_av_hr  el_before_av_hr  '><div class='av-share-box'><h5 class='av-share-link-description av-no-toc '>Compartir esta noticia<\/h5><ul class='av-share-box-list noLightbox'><li class='av-share-link av-social-link-facebook' ><a target=\"_blank\" aria-label=\"Compartir en Facebook\" href='https:\/\/www.facebook.com\/sharer.php?u=https:\/\/radiorevelacionfm.cl\/?p=52474&#038;t=Apoyando%20el%20modelo%20asociativo%20y%20la%20econom%C3%ADa%20social%3A%20Ministerio%20de%20Econom%C3%ADa%20implementa%20Call%20Center%20para%20Cooperativas' aria-hidden='false' data-av_icon='\ue8f3' data-av_iconfont='entypo-fontello' title='' data-avia-related-tooltip='Compartir en Facebook' rel=\"noopener\"><span class='avia_hidden_link_text'>Compartir en Facebook<\/span><\/a><\/li><li class='av-share-link av-social-link-twitter' ><a target=\"_blank\" aria-label=\"Compartir en Twitter\" href='https:\/\/twitter.com\/share?text=Apoyando%20el%20modelo%20asociativo%20y%20la%20econom%C3%ADa%20social%3A%20Ministerio%20de%20Econom%C3%ADa%20implementa%20Call%20Center%20para%20Cooperativas&#038;url=https:\/\/radiorevelacionfm.cl\/?p=52474' aria-hidden='false' data-av_icon='\ue8f1' data-av_iconfont='entypo-fontello' title='' data-avia-related-tooltip='Compartir en Twitter' rel=\"noopener\"><span class='avia_hidden_link_text'>Compartir en Twitter<\/span><\/a><\/li><li class='av-share-link av-social-link-whatsapp' ><a target=\"_blank\" aria-label=\"Compartir en Whatsapp\" href='https:\/\/api.whatsapp.com\/send?text=https:\/\/radiorevelacionfm.cl\/?p=52474' aria-hidden='false' data-av_icon='\uf232' data-av_iconfont='entypo-fontello' title='' data-avia-related-tooltip='Compartir en Whatsapp' rel=\"noopener\"><span class='avia_hidden_link_text'>Compartir en Whatsapp<\/span><\/a><\/li><li class='av-share-link av-social-link-linkedin' ><a target=\"_blank\" aria-label=\"Compartir en LinkedIn\" href='https:\/\/linkedin.com\/shareArticle?mini=true&#038;title=Apoyando%20el%20modelo%20asociativo%20y%20la%20econom%C3%ADa%20social%3A%20Ministerio%20de%20Econom%C3%ADa%20implementa%20Call%20Center%20para%20Cooperativas&#038;url=https:\/\/radiorevelacionfm.cl\/?p=52474' aria-hidden='false' data-av_icon='\ue8fc' data-av_iconfont='entypo-fontello' title='' data-avia-related-tooltip='Compartir en LinkedIn' rel=\"noopener\"><span class='avia_hidden_link_text'>Compartir en LinkedIn<\/span><\/a><\/li><li class='av-share-link av-social-link-mail' ><a  aria-label=\"Compartir por correo\" href='mailto:?subject=Apoyando%20el%20modelo%20asociativo%20y%20la%20econom%C3%ADa%20social%3A%20Ministerio%20de%20Econom%C3%ADa%20implementa%20Call%20Center%20para%20Cooperativas&#038;body=https:\/\/radiorevelacionfm.cl\/?p=52474' aria-hidden='false' data-av_icon='\ue805' data-av_iconfont='entypo-fontello' title='' data-avia-related-tooltip='Compartir por correo'><span class='avia_hidden_link_text'>Compartir por correo<\/span><\/a><\/li><\/ul><\/div><\/div>\n<div  style='height:50px' class='hr hr-invisible   avia-builder-el-8  el_after_av_social_share  el_before_av_comments_list '><span class='hr-inner ' ><span class='hr-inner-style'><\/span><\/span><\/div>\n<div  class='av-buildercomment  av-blog-meta-html-info-disabled av-blog-meta-tag-disabled  '><\/div>\n","protected":false},"excerpt":{"rendered":"","protected":false},"author":1,"featured_media":52475,"comment_status":"closed","ping_status":"closed","sticky":false,"template":"","format":"standard","meta":{"footnotes":""},"categories":[38],"tags":[],"class_list":["post-52474","post","type-post","status-publish","format-standard","has-post-thumbnail","hentry","category-regional"],"jetpack_featured_media_url":"https:\/\/radiorevelacionfm.cl\/wp-content\/uploads\/2025\/04\/cooperativas-2-1_optimized-1.jpg","_links":{"self":[{"href":"https:\/\/radiorevelacionfm.cl\/index.php?rest_route=\/wp\/v2\/posts\/52474","targetHints":{"allow":["GET"]}}],"collection":[{"href":"https:\/\/radiorevelacionfm.cl\/index.php?rest_route=\/wp\/v2\/posts"}],"about":[{"href":"https:\/\/radiorevelacionfm.cl\/index.php?rest_route=\/wp\/v2\/types\/post"}],"author":[{"embeddable":true,"href":"https:\/\/radiorevelacionfm.cl\/index.php?rest_route=\/wp\/v2\/users\/1"}],"replies":[{"embeddable":true,"href":"https:\/\/radiorevelacionfm.cl\/index.php?rest_route=%2Fwp%2Fv2%2Fcomments&post=52474"}],"version-history":[{"count":2,"href":"https:\/\/radiorevelacionfm.cl\/index.php?rest_route=\/wp\/v2\/posts\/52474\/revisions"}],"predecessor-version":[{"id":52477,"href":"https:\/\/radiorevelacionfm.cl\/index.php?rest_route=\/wp\/v2\/posts\/52474\/revisions\/52477"}],"wp:featuredmedia":[{"embeddable":true,"href":"https:\/\/radiorevelacionfm.cl\/index.php?rest_route=\/wp\/v2\/media\/52475"}],"wp:attachment":[{"href":"https:\/\/radiorevelacionfm.cl\/index.php?rest_route=%2Fwp%2Fv2%2Fmedia&parent=52474"}],"wp:term":[{"taxonomy":"category","embeddable":true,"href":"https:\/\/radiorevelacionfm.cl\/index.php?rest_route=%2Fwp%2Fv2%2Fcategories&post=52474"},{"taxonomy":"post_tag","embeddable":true,"href":"https:\/\/radiorevelacionfm.cl\/index.php?rest_route=%2Fwp%2Fv2%2Ftags&post=52474"}],"curies":[{"name":"wp","href":"https:\/\/api.w.org\/{rel}","templated":true}]}}