{"id":52467,"date":"2025-04-10T10:23:08","date_gmt":"2025-04-10T13:23:08","guid":{"rendered":"https:\/\/radiorevelacionfm.cl\/?p=52467"},"modified":"2025-04-10T10:23:08","modified_gmt":"2025-04-10T13:23:08","slug":"mas-de-8-mil-millones-se-invertiran-en-proyecto-subtel-gore-ultima-milla-para-despliegue-de-fibra-optica-en-aysen","status":"publish","type":"post","link":"https:\/\/radiorevelacionfm.cl\/?p=52467","title":{"rendered":"M\u00e1s de $8 mil millones se invertir\u00e1n en proyecto Subtel &#8211; Gore \u00ab\u00daltima Milla\u00bb para despliegue de fibra \u00f3ptica en Ays\u00e9n"},"content":{"rendered":"<div class=\"flex_column av_one_full  flex_column_div av-zero-column-padding first  avia-builder-el-0  el_before_av_one_full  avia-builder-el-first  \" style='border-radius:0px; '><div  class='avia-image-container  av-styling-    avia-builder-el-1  avia-builder-el-no-sibling  avia-align-center '  itemprop=\"image\" itemscope=\"itemscope\" itemtype=\"https:\/\/schema.org\/ImageObject\"  ><div class='avia-image-container-inner'><div class='avia-image-overlay-wrap'><img decoding=\"async\" class='wp-image-52468 avia-img-lazy-loading-not-52468 avia_image' src=\"https:\/\/radiorevelacionfm.cl\/wp-content\/uploads\/2025\/04\/aprobacion-gore-2-1_optimized.jpeg\" alt='' title='aprobaci\u00f3n-gore-(2)-(1)_optimized' height=\"800\" width=\"797\"  itemprop=\"thumbnailUrl\" srcset=\"https:\/\/radiorevelacionfm.cl\/wp-content\/uploads\/2025\/04\/aprobacion-gore-2-1_optimized.jpeg 797w, https:\/\/radiorevelacionfm.cl\/wp-content\/uploads\/2025\/04\/aprobacion-gore-2-1_optimized-300x300.jpeg 300w, https:\/\/radiorevelacionfm.cl\/wp-content\/uploads\/2025\/04\/aprobacion-gore-2-1_optimized-80x80.jpeg 80w, https:\/\/radiorevelacionfm.cl\/wp-content\/uploads\/2025\/04\/aprobacion-gore-2-1_optimized-768x771.jpeg 768w, https:\/\/radiorevelacionfm.cl\/wp-content\/uploads\/2025\/04\/aprobacion-gore-2-1_optimized-36x36.jpeg 36w, https:\/\/radiorevelacionfm.cl\/wp-content\/uploads\/2025\/04\/aprobacion-gore-2-1_optimized-180x180.jpeg 180w, https:\/\/radiorevelacionfm.cl\/wp-content\/uploads\/2025\/04\/aprobacion-gore-2-1_optimized-702x705.jpeg 702w, https:\/\/radiorevelacionfm.cl\/wp-content\/uploads\/2025\/04\/aprobacion-gore-2-1_optimized-120x120.jpeg 120w, https:\/\/radiorevelacionfm.cl\/wp-content\/uploads\/2025\/04\/aprobacion-gore-2-1_optimized-450x452.jpeg 450w, https:\/\/radiorevelacionfm.cl\/wp-content\/uploads\/2025\/04\/aprobacion-gore-2-1_optimized-600x602.jpeg 600w, https:\/\/radiorevelacionfm.cl\/wp-content\/uploads\/2025\/04\/aprobacion-gore-2-1_optimized-100x100.jpeg 100w\" sizes=\"(max-width: 797px) 100vw, 797px\" \/><\/div><\/div><\/div><\/div><div class=\"flex_column av_one_full  flex_column_div av-zero-column-padding first  avia-builder-el-2  el_after_av_one_full  el_before_av_one_full  column-top-margin\" style='border-radius:0px; '><section class=\"av_textblock_section \"  itemscope=\"itemscope\" itemtype=\"https:\/\/schema.org\/BlogPosting\" itemprop=\"blogPost\" ><div class='avia_textblock  '   itemprop=\"text\" ><p style=\"font-weight: 400; text-align: center;\"><span style=\"font-size: 18pt;\"><strong>M\u00e1s de $8 mil millones se invertir\u00e1n en proyecto Subtel &#8211; Gore \u00ab<\/strong><strong>\u00daltima Milla\u00bb para despliegue de fibra \u00f3ptica en Ays\u00e9n<\/strong><\/span><\/p>\n<p style=\"font-weight: 400;\"><strong>\u00a0<\/strong><\/p>\n<div id=\"gtx-trans\" style=\"position: absolute; left: -50px; top: 4.31534px;\">\n<div class=\"gtx-trans-icon\"><\/div>\n<\/div>\n<\/div><\/section><\/div><div class=\"flex_column av_one_full  flex_column_div av-zero-column-padding first  avia-builder-el-4  el_after_av_one_full  el_before_av_hr  column-top-margin\" style='border-radius:0px; '><section class=\"av_textblock_section \"  itemscope=\"itemscope\" itemtype=\"https:\/\/schema.org\/BlogPosting\" itemprop=\"blogPost\" ><div class='avia_textblock  '   itemprop=\"text\" ><p style=\"font-weight: 400; text-align: justify;\"><em>La iniciativa permitir\u00e1 llevar fibra \u00f3ptica a las comunas de Las Guaitecas y Lago Verde, hasta la fecha, las \u00fanicas comunas de Chile continental que no contaban con un proyecto para el despliegue de fibra \u00f3ptica.<\/em><\/p>\n<p style=\"text-align: justify;\"><em>Junto con la implementaci\u00f3n de cabeceras de fibra \u00f3ptica en las comunas beneficiadas, el proyecto permitir\u00e1 garantizar que hayan empresas que presten servicios de Internet hogar, mediante fibra \u00f3ptica, en m\u00e1s de 5 mil viviendas en 21 localidades de la regi\u00f3n, donde se encuentran las comunas de Caleta Tortel, Chile Chico, Coyhaique y Cisnes.<\/em><\/p>\n<p style=\"font-weight: 400; text-align: justify;\">El consejo regional del Gore Ays\u00e9n aprob\u00f3 en forma un\u00e1nime la iniciativa de la Subsecretar\u00eda de Telecomunicaciones (SUBTEL) \u201c\u00daltima Milla\u201d, que har\u00e1 posible la conexi\u00f3n a fibra \u00f3ptica a m\u00e1s de 5 mil viviendas en la regi\u00f3n de Ays\u00e9n. Cabe destacar que, gracias a esta iniciativa Las Guaitecas y Lago Verde, tendr\u00e1n por primera vez acceso a conectividad digital mediante fibra \u00f3ptica,\u00a0 beneficiando as\u00ed a las localidades de Melinka, Repollal, Lago Verde y La Tapera.<\/p>\n<p style=\"font-weight: 400; text-align: justify;\">La inversi\u00f3n aprobada supera los $8 mil millones, y con ella, un total de 21 localidades en la regi\u00f3n se ver\u00e1 beneficiado por el despliegue de fibra \u00f3ptica y la provisi\u00f3n de servicios de Internet domiciliario. Adem\u00e1s de las comunas y localidades ya mencionadas, el proyecto incluye a Caleta Tortel y su sector Aer\u00f3dromo en la comuna de Tortel, Puerto Bertrand y Mall\u00edn Grande de la comuna de Chile Chico; Lago La Paloma, El Blanco, Santa Elena, Ensenada Valle Simpson, Seis Lagunas, Valle Simpson, Villa Frei Norte, Lago Elizalde, \u00d1irehuao, El Gato, Villa Ortega en la comuna de Coyhaique y finalmente en la comuna de Cisnes, Ra\u00fal Mar\u00edn Balmaceda y La Junta.<\/p>\n<p style=\"font-weight: 400; text-align: justify;\">Este proceso ha sido posible gracias a la reasignaci\u00f3n de recursos del proyecto \u201c\u00daltima Milla\u201d que cubr\u00eda con servicios de telefon\u00eda e Internet a 8 localidades con una inversi\u00f3n de m\u00e1s de $7.600 millones financiados por el Gore Ays\u00e9n. Sin embargo, luego de dos llamados a licitaci\u00f3n desiertos, SUBTEL y el Gobierno Regional reformularon dicha propuesta en sectores focalizados por la Subsecretar\u00eda, que no cuenten actualmente con oferta comercial de servicio de acceso a Internet fijo cableado, de acuerdo con an\u00e1lisis asociados a la brecha digital. Dentro de las condiciones del actual proyecto, el despliegue de redes de fibra \u00f3ptica podr\u00e1n ser compartidas entre distintos operadores de servicios de telecomunicaciones, de manera abierta y no discriminatoria, adem\u00e1s de ser utilizadas para la provisi\u00f3n del servicio de acceso a Internet banda ancha a la poblaci\u00f3n de las localidades beneficiadas.<\/p>\n<p style=\"font-weight: 400; text-align: justify;\">La autoridad sectorial, celebr\u00f3 esta alianza virtuosa y la posibilidad de generar acuerdos que vayan en beneficio de zonas rurales y aisladas que puedan mejorar su acceso a la conectividad digital. \u201cHoy ha sido un d\u00eda clave para el desarrollo de las telecomunicaciones en la regi\u00f3n de Ays\u00e9n. El Consejo Regional en pleno aprob\u00f3 la modificaci\u00f3n presupuestaria de un proyecto que nos permitir\u00e1 desplegar un tendido de m\u00e1s de 700 kil\u00f3metros de fibra \u00f3ptica para la Regi\u00f3n de Ays\u00e9n, beneficiando as\u00ed a un total de 21 localidades que van a contar con este despliegue de fibra \u00f3ptica, pudiendo tener acceso a Internet, adem\u00e1s con bajada de infraestructura para la venta de servicios domiciliarios. Tambi\u00e9n llegaremos a Ra\u00fal Mar\u00edn Balmaceda para que los vecinos puedan hacer uso de estas tecnolog\u00edas que son tan importantes en el mundo de la conectividad digital en el que vivimos hoy. Queremos agradecer al Consejo Regional y al Gobierno Regional por este aporte econ\u00f3mico que finalmente es el aporte financiero m\u00e1s importante que ha hecho el Gobierno Regional de Ays\u00e9n en la historia para el desarrollo de las telecomunicaciones en nuestra querida regi\u00f3n de Ays\u00e9n\u201d, declar\u00f3 el seremiTT Hans Zimmermann.<\/p>\n<p style=\"font-weight: 400; text-align: justify;\">El Gobernador Regional Marcelo Santana, destac\u00f3 la medida que tambi\u00e9n impactar\u00e1 favorablemente al emprendimiento de zonas rurales. \u201cDespu\u00e9s de mucho tiempo no se hab\u00eda podido licitar un proyecto de conectividad para nuestra regi\u00f3n y hoy, no solo se ha logrado modificar las condiciones de esa conectividad, sino que aumentar los recursos. Junto a la Subsecretar\u00eda de Telecomunicaciones, al seremi, y por supuesto al an\u00e1lisis consensuado de la Comisi\u00f3n de Transportes y Telecomunicaciones del Gobierno Regional, hemos aprobado m\u00e1s de 8 mil millones de pesos para un proyecto de fibra \u00f3ptica que va a robustecer el Internet domiciliario y para empresas en nuestra regi\u00f3n,\u00a0\u00bfPero cu\u00e1l es la diferencia? La diferencia es que logramos llegar a dos comunas que hoy d\u00eda no ten\u00edan esta red, Las Guaitecas y Lago Verde y adem\u00e1s se podr\u00e1 reforzar todo el \u00e1rea perimetral rural de la Comuna de Coyhaique, como El Blanco, Valle Simpson, entre otras\u201d.<\/p>\n<p style=\"font-weight: 400; text-align: justify;\">La presidenta de la Comisi\u00f3n de Infraestructura, Transportes y Telecomunicaciones, Andrea Ponce, valor\u00f3 el trabajo conjunto que permite fortalecer la infraestructura de telecomunicaciones a trav\u00e9s de la construcci\u00f3n de estos nuevos tendidos de Fibra \u00d3ptica para Ays\u00e9n. Se va a poder contar desde el 2027 con esta gran herramienta que permite acceder a estudiar de manera online, a trabajar, a ofrecer los productos, al turismo, a saludar y estar relacionado con los familiares que est\u00e1n m\u00e1s lejos, a vivir como vive todo el resto de Chile. Nos alegramos y esperamos que todo el trabajo y esta gran obra se desarrolle sin novedades y que cada uno de los vecinos y vecinas de la regi\u00f3n de Ays\u00e9n cuenten con algo tan fundamental y necesario como es el Internet en sus casas\u201d.<\/p>\n<p style=\"font-weight: 400; text-align: justify;\">Rosa Gonz\u00e1lez, Consejera Regional a\u00f1adi\u00f3 que \u201ceste es un incremento presupuestario de 379 millones que viene a redondear un global de m\u00e1s de 8 mil millones de pesos lo cual complementa y hace un c\u00edrculo virtuoso de toda la regi\u00f3n. Esta obra ser\u00e1 un gran soporte t\u00e9cnico tanto para el \u00e1rea de educaci\u00f3n y conectividad que son tan necesarias en las localidades apartadas.\u201d<\/p>\n<\/div><\/section><\/div><div  style='height:50px' class='hr hr-invisible   avia-builder-el-6  el_after_av_one_full  el_before_av_social_share '><span class='hr-inner ' ><span class='hr-inner-style'><\/span><\/span><\/div><\/p>\n<div  class='av-social-sharing-box  avia-builder-el-7  el_after_av_hr  el_before_av_hr  '><div class='av-share-box'><h5 class='av-share-link-description av-no-toc '>Compartir esta noticia<\/h5><ul class='av-share-box-list noLightbox'><li class='av-share-link av-social-link-facebook' ><a target=\"_blank\" aria-label=\"Compartir en Facebook\" href='https:\/\/www.facebook.com\/sharer.php?u=https:\/\/radiorevelacionfm.cl\/?p=52467&#038;t=M%C3%A1s%20de%20%248%20mil%20millones%20se%20invertir%C3%A1n%20en%20proyecto%20Subtel%20%E2%80%93%20Gore%20%C2%AB%C3%9Altima%20Milla%C2%BB%20para%20despliegue%20de%20fibra%20%C3%B3ptica%20en%20Ays%C3%A9n' aria-hidden='false' data-av_icon='\ue8f3' data-av_iconfont='entypo-fontello' title='' data-avia-related-tooltip='Compartir en Facebook' rel=\"noopener\"><span class='avia_hidden_link_text'>Compartir en Facebook<\/span><\/a><\/li><li class='av-share-link av-social-link-twitter' ><a target=\"_blank\" aria-label=\"Compartir en Twitter\" href='https:\/\/twitter.com\/share?text=M%C3%A1s%20de%20%248%20mil%20millones%20se%20invertir%C3%A1n%20en%20proyecto%20Subtel%20%E2%80%93%20Gore%20%C2%AB%C3%9Altima%20Milla%C2%BB%20para%20despliegue%20de%20fibra%20%C3%B3ptica%20en%20Ays%C3%A9n&#038;url=https:\/\/radiorevelacionfm.cl\/?p=52467' aria-hidden='false' data-av_icon='\ue8f1' data-av_iconfont='entypo-fontello' title='' data-avia-related-tooltip='Compartir en Twitter' rel=\"noopener\"><span class='avia_hidden_link_text'>Compartir en Twitter<\/span><\/a><\/li><li class='av-share-link av-social-link-whatsapp' ><a target=\"_blank\" aria-label=\"Compartir en Whatsapp\" href='https:\/\/api.whatsapp.com\/send?text=https:\/\/radiorevelacionfm.cl\/?p=52467' aria-hidden='false' data-av_icon='\uf232' data-av_iconfont='entypo-fontello' title='' data-avia-related-tooltip='Compartir en Whatsapp' rel=\"noopener\"><span class='avia_hidden_link_text'>Compartir en Whatsapp<\/span><\/a><\/li><li class='av-share-link av-social-link-linkedin' ><a target=\"_blank\" aria-label=\"Compartir en LinkedIn\" href='https:\/\/linkedin.com\/shareArticle?mini=true&#038;title=M%C3%A1s%20de%20%248%20mil%20millones%20se%20invertir%C3%A1n%20en%20proyecto%20Subtel%20%E2%80%93%20Gore%20%C2%AB%C3%9Altima%20Milla%C2%BB%20para%20despliegue%20de%20fibra%20%C3%B3ptica%20en%20Ays%C3%A9n&#038;url=https:\/\/radiorevelacionfm.cl\/?p=52467' aria-hidden='false' data-av_icon='\ue8fc' data-av_iconfont='entypo-fontello' title='' data-avia-related-tooltip='Compartir en LinkedIn' rel=\"noopener\"><span class='avia_hidden_link_text'>Compartir en LinkedIn<\/span><\/a><\/li><li class='av-share-link av-social-link-mail' ><a  aria-label=\"Compartir por correo\" href='mailto:?subject=M%C3%A1s%20de%20%248%20mil%20millones%20se%20invertir%C3%A1n%20en%20proyecto%20Subtel%20%E2%80%93%20Gore%20%C2%AB%C3%9Altima%20Milla%C2%BB%20para%20despliegue%20de%20fibra%20%C3%B3ptica%20en%20Ays%C3%A9n&#038;body=https:\/\/radiorevelacionfm.cl\/?p=52467' aria-hidden='false' data-av_icon='\ue805' data-av_iconfont='entypo-fontello' title='' data-avia-related-tooltip='Compartir por correo'><span class='avia_hidden_link_text'>Compartir por correo<\/span><\/a><\/li><\/ul><\/div><\/div>\n<div  style='height:50px' class='hr hr-invisible   avia-builder-el-8  el_after_av_social_share  el_before_av_comments_list '><span class='hr-inner ' ><span class='hr-inner-style'><\/span><\/span><\/div>\n<div  class='av-buildercomment  av-blog-meta-html-info-disabled av-blog-meta-tag-disabled  '><\/div>\n","protected":false},"excerpt":{"rendered":"","protected":false},"author":1,"featured_media":52468,"comment_status":"closed","ping_status":"closed","sticky":false,"template":"","format":"standard","meta":{"footnotes":""},"categories":[38],"tags":[],"class_list":["post-52467","post","type-post","status-publish","format-standard","has-post-thumbnail","hentry","category-regional"],"jetpack_featured_media_url":"https:\/\/radiorevelacionfm.cl\/wp-content\/uploads\/2025\/04\/aprobacion-gore-2-1_optimized.jpeg","_links":{"self":[{"href":"https:\/\/radiorevelacionfm.cl\/index.php?rest_route=\/wp\/v2\/posts\/52467","targetHints":{"allow":["GET"]}}],"collection":[{"href":"https:\/\/radiorevelacionfm.cl\/index.php?rest_route=\/wp\/v2\/posts"}],"about":[{"href":"https:\/\/radiorevelacionfm.cl\/index.php?rest_route=\/wp\/v2\/types\/post"}],"author":[{"embeddable":true,"href":"https:\/\/radiorevelacionfm.cl\/index.php?rest_route=\/wp\/v2\/users\/1"}],"replies":[{"embeddable":true,"href":"https:\/\/radiorevelacionfm.cl\/index.php?rest_route=%2Fwp%2Fv2%2Fcomments&post=52467"}],"version-history":[{"count":2,"href":"https:\/\/radiorevelacionfm.cl\/index.php?rest_route=\/wp\/v2\/posts\/52467\/revisions"}],"predecessor-version":[{"id":52473,"href":"https:\/\/radiorevelacionfm.cl\/index.php?rest_route=\/wp\/v2\/posts\/52467\/revisions\/52473"}],"wp:featuredmedia":[{"embeddable":true,"href":"https:\/\/radiorevelacionfm.cl\/index.php?rest_route=\/wp\/v2\/media\/52468"}],"wp:attachment":[{"href":"https:\/\/radiorevelacionfm.cl\/index.php?rest_route=%2Fwp%2Fv2%2Fmedia&parent=52467"}],"wp:term":[{"taxonomy":"category","embeddable":true,"href":"https:\/\/radiorevelacionfm.cl\/index.php?rest_route=%2Fwp%2Fv2%2Fcategories&post=52467"},{"taxonomy":"post_tag","embeddable":true,"href":"https:\/\/radiorevelacionfm.cl\/index.php?rest_route=%2Fwp%2Fv2%2Ftags&post=52467"}],"curies":[{"name":"wp","href":"https:\/\/api.w.org\/{rel}","templated":true}]}}