{"id":52463,"date":"2025-04-09T18:51:15","date_gmt":"2025-04-09T21:51:15","guid":{"rendered":"https:\/\/radiorevelacionfm.cl\/?p=52463"},"modified":"2025-04-09T18:51:15","modified_gmt":"2025-04-09T21:51:15","slug":"inauguran-infraestructura-del-sendero-cueva-de-las-manos-en-el-parque-nacional-patagonia","status":"publish","type":"post","link":"https:\/\/radiorevelacionfm.cl\/?p=52463","title":{"rendered":"Inauguran infraestructura del sendero Cueva de las Manos en el Parque Nacional Patagonia"},"content":{"rendered":"<div class=\"flex_column av_one_full  flex_column_div av-zero-column-padding first  avia-builder-el-0  el_before_av_one_full  avia-builder-el-first  \" style='border-radius:0px; '><div  class='avia-image-container  av-styling-    avia-builder-el-1  avia-builder-el-no-sibling  avia-align-center '  itemprop=\"image\" itemscope=\"itemscope\" itemtype=\"https:\/\/schema.org\/ImageObject\"  ><div class='avia-image-container-inner'><div class='avia-image-overlay-wrap'><img decoding=\"async\" class='wp-image-52464 avia-img-lazy-loading-not-52464 avia_image' src=\"https:\/\/radiorevelacionfm.cl\/wp-content\/uploads\/2025\/04\/7-18-1-1.jpeg\" alt='' title='7 (18) (1) (1)' height=\"600\" width=\"800\"  itemprop=\"thumbnailUrl\" srcset=\"https:\/\/radiorevelacionfm.cl\/wp-content\/uploads\/2025\/04\/7-18-1-1.jpeg 800w, https:\/\/radiorevelacionfm.cl\/wp-content\/uploads\/2025\/04\/7-18-1-1-300x225.jpeg 300w, https:\/\/radiorevelacionfm.cl\/wp-content\/uploads\/2025\/04\/7-18-1-1-768x576.jpeg 768w, https:\/\/radiorevelacionfm.cl\/wp-content\/uploads\/2025\/04\/7-18-1-1-705x529.jpeg 705w, https:\/\/radiorevelacionfm.cl\/wp-content\/uploads\/2025\/04\/7-18-1-1-450x338.jpeg 450w, https:\/\/radiorevelacionfm.cl\/wp-content\/uploads\/2025\/04\/7-18-1-1-600x450.jpeg 600w\" sizes=\"(max-width: 800px) 100vw, 800px\" \/><\/div><\/div><\/div><\/div><div class=\"flex_column av_one_full  flex_column_div av-zero-column-padding first  avia-builder-el-2  el_after_av_one_full  el_before_av_one_full  column-top-margin\" style='border-radius:0px; '><section class=\"av_textblock_section \"  itemscope=\"itemscope\" itemtype=\"https:\/\/schema.org\/BlogPosting\" itemprop=\"blogPost\" ><div class='avia_textblock  '   itemprop=\"text\" ><p style=\"text-align: center;\"><span style=\"font-size: 18pt;\"><b>Inauguran infraestructura del sendero Cueva de las Manos en el Parque Nacional Patagonia<\/b><\/span><\/p>\n<div id=\"gtx-trans\" style=\"position: absolute; left: -50px; top: 4.31534px;\">\n<div class=\"gtx-trans-icon\"><\/div>\n<\/div>\n<\/div><\/section><\/div><div class=\"flex_column av_one_full  flex_column_div av-zero-column-padding first  avia-builder-el-4  el_after_av_one_full  el_before_av_hr  column-top-margin\" style='border-radius:0px; '><section class=\"av_textblock_section \"  itemscope=\"itemscope\" itemtype=\"https:\/\/schema.org\/BlogPosting\" itemprop=\"blogPost\" ><div class='avia_textblock  '   itemprop=\"text\" ><p style=\"text-align: justify;\"><em>El proyecto consider\u00f3 un circuito de m\u00e1s 7 kil\u00f3metros que incluye zonas de pasarelas, de descanso, puente, bancas, escalerines, estacionamientos, letreros gu\u00edas y otras estructuras.<\/em><\/p>\n<p style=\"text-align: justify;\">El martes se inaugur\u00f3 la primera etapa del proyecto \u201cConstrucci\u00f3n Infraestructura Cueva de las Manos, sector Jeinimeni del Parque Nacional Patagonia\u201d. Esta iniciativa, que comenz\u00f3 en 2024, \u00a0tiene como principal objetivo la conservaci\u00f3n del patrimonio cultural y arqueol\u00f3gico de la regi\u00f3n de Ays\u00e9n, junto con mejorar la experiencia de quienes visitan esta \u00e1rea protegida. El proyecto contempla una inversi\u00f3n total de $1.876.632.865, financiada por el Gobierno Regional de Ays\u00e9n.<\/p>\n<p style=\"text-align: justify;\">Esta primera fase ha contemplado la reposici\u00f3n de antiguas se\u00f1al\u00e9ticas y puentes situados en la red de senderos a lo largo del circuito de Cueva de las Manos con la habilitaci\u00f3n de\u00a0 m\u00e1s de 7 kil\u00f3metros de sendero; la instalaci\u00f3n de pasarelas, barandas, miradores y se\u00f1al\u00e9tica interpretativa; construcci\u00f3n de un puente y habilitaci\u00f3n de tramos accesibles, incluyendo 1.035 metros asfaltados en el Mirador del Valle para personas con movilidad reducida; infraestructura como cartel de bienvenida, 8 se\u00f1al\u00e9ticas de sendero, 5 t\u00f3tems direccionales, 10 se\u00f1al\u00e9ticas de acceso, bancas y otras estructuras asociadas.<\/p>\n<p style=\"text-align: justify;\">La ceremonia cont\u00f3 con la presencia de distintas autoridades regionales, entre ellas el delegado presidencial provincial de General Carrera, Crist\u00f3bal Barcel\u00f3; la seremi de Obras P\u00fablicas, Paloma Jara; el gobernador regional de Ays\u00e9n, Marcelo Santana y el director regional de CONAF Ays\u00e9n, Ronald Valenzuela, entre otros.<\/p>\n<p style=\"text-align: justify;\">El director regional, Ronald Valenzuela Campos, se\u00f1al\u00f3 que \u201cesta primera etapa es un avance en la protecci\u00f3n y conservaci\u00f3n del patrimonio ambiental y cultural del pa\u00eds. Contribuyendo al cumplimiento de la labor a la que incontables mujeres y hombres se han consagrado a lo largo de casi 55 a\u00f1os, la preservaci\u00f3n de la naturaleza para las presentes y futuras generaciones. Esta infraestructura permite, adem\u00e1s, acercar a la poblaci\u00f3n a este patrimonio, identificar y valorar, as\u00ed como apoyar el desarrollo econ\u00f3mico sustentable de la localidad; ya que el sendero permitir\u00e1 a los visitantes disfrutar del paisaje de manera m\u00e1s segura, con informaci\u00f3n detallada del lugar haciendo de esta una experiencia enriquecedora\u201d.<\/p>\n<p style=\"text-align: justify;\">Entre los objetivos del proyecto est\u00e1 la conservaci\u00f3n del patrimonio cultural y arqueol\u00f3gico del sector, considerando que la Cueva de las Manos es uno de los sitios mejor preservado en la regi\u00f3n. Esto permitir\u00e1 fortalecer el turismo arqueol\u00f3gico en la zona, generando mayores oportunidades para las comunidades de Ays\u00e9n.<\/p>\n<p style=\"text-align: justify;\">El proyecto \u201cConstrucci\u00f3n Infraestructura Cueva de las Manos, sector Jeinimeni del Parque Nacional Patagonia\u201d es ejecutado por la unidad t\u00e9cnica de la Direcci\u00f3n de Arquitectura del Ministerio de Obras P\u00fablicas, en colaboraci\u00f3n con CONAF, instituci\u00f3n encargada de la formulaci\u00f3n del proyecto orientado a la protecci\u00f3n y conservaci\u00f3n del patrimonio natural. La siguiente etapa del proyecto contempla la construcci\u00f3n del Centro de Educaci\u00f3n Ambiental.<\/p>\n<\/div><\/section><\/div><div  style='height:50px' class='hr hr-invisible   avia-builder-el-6  el_after_av_one_full  el_before_av_social_share '><span class='hr-inner ' ><span class='hr-inner-style'><\/span><\/span><\/div><\/p>\n<div  class='av-social-sharing-box  avia-builder-el-7  el_after_av_hr  el_before_av_hr  '><div class='av-share-box'><h5 class='av-share-link-description av-no-toc '>Compartir esta noticia<\/h5><ul class='av-share-box-list noLightbox'><li class='av-share-link av-social-link-facebook' ><a target=\"_blank\" aria-label=\"Compartir en Facebook\" href='https:\/\/www.facebook.com\/sharer.php?u=https:\/\/radiorevelacionfm.cl\/?p=52463&#038;t=Inauguran%20infraestructura%20del%20sendero%20Cueva%20de%20las%20Manos%20en%20el%20Parque%20Nacional%20Patagonia' aria-hidden='false' data-av_icon='\ue8f3' data-av_iconfont='entypo-fontello' title='' data-avia-related-tooltip='Compartir en Facebook' rel=\"noopener\"><span class='avia_hidden_link_text'>Compartir en Facebook<\/span><\/a><\/li><li class='av-share-link av-social-link-twitter' ><a target=\"_blank\" aria-label=\"Compartir en Twitter\" href='https:\/\/twitter.com\/share?text=Inauguran%20infraestructura%20del%20sendero%20Cueva%20de%20las%20Manos%20en%20el%20Parque%20Nacional%20Patagonia&#038;url=https:\/\/radiorevelacionfm.cl\/?p=52463' aria-hidden='false' data-av_icon='\ue8f1' data-av_iconfont='entypo-fontello' title='' data-avia-related-tooltip='Compartir en Twitter' rel=\"noopener\"><span class='avia_hidden_link_text'>Compartir en Twitter<\/span><\/a><\/li><li class='av-share-link av-social-link-whatsapp' ><a target=\"_blank\" aria-label=\"Compartir en Whatsapp\" href='https:\/\/api.whatsapp.com\/send?text=https:\/\/radiorevelacionfm.cl\/?p=52463' aria-hidden='false' data-av_icon='\uf232' data-av_iconfont='entypo-fontello' title='' data-avia-related-tooltip='Compartir en Whatsapp' rel=\"noopener\"><span class='avia_hidden_link_text'>Compartir en Whatsapp<\/span><\/a><\/li><li class='av-share-link av-social-link-linkedin' ><a target=\"_blank\" aria-label=\"Compartir en LinkedIn\" href='https:\/\/linkedin.com\/shareArticle?mini=true&#038;title=Inauguran%20infraestructura%20del%20sendero%20Cueva%20de%20las%20Manos%20en%20el%20Parque%20Nacional%20Patagonia&#038;url=https:\/\/radiorevelacionfm.cl\/?p=52463' aria-hidden='false' data-av_icon='\ue8fc' data-av_iconfont='entypo-fontello' title='' data-avia-related-tooltip='Compartir en LinkedIn' rel=\"noopener\"><span class='avia_hidden_link_text'>Compartir en LinkedIn<\/span><\/a><\/li><li class='av-share-link av-social-link-mail' ><a  aria-label=\"Compartir por correo\" href='mailto:?subject=Inauguran%20infraestructura%20del%20sendero%20Cueva%20de%20las%20Manos%20en%20el%20Parque%20Nacional%20Patagonia&#038;body=https:\/\/radiorevelacionfm.cl\/?p=52463' aria-hidden='false' data-av_icon='\ue805' data-av_iconfont='entypo-fontello' title='' data-avia-related-tooltip='Compartir por correo'><span class='avia_hidden_link_text'>Compartir por correo<\/span><\/a><\/li><\/ul><\/div><\/div>\n<div  style='height:50px' class='hr hr-invisible   avia-builder-el-8  el_after_av_social_share  el_before_av_comments_list '><span class='hr-inner ' ><span class='hr-inner-style'><\/span><\/span><\/div>\n<div  class='av-buildercomment  av-blog-meta-html-info-disabled av-blog-meta-tag-disabled  '><\/div>\n","protected":false},"excerpt":{"rendered":"","protected":false},"author":1,"featured_media":52464,"comment_status":"closed","ping_status":"closed","sticky":false,"template":"","format":"standard","meta":{"footnotes":""},"categories":[54],"tags":[],"class_list":["post-52463","post","type-post","status-publish","format-standard","has-post-thumbnail","hentry","category-turismo"],"jetpack_featured_media_url":"https:\/\/radiorevelacionfm.cl\/wp-content\/uploads\/2025\/04\/7-18-1-1.jpeg","_links":{"self":[{"href":"https:\/\/radiorevelacionfm.cl\/index.php?rest_route=\/wp\/v2\/posts\/52463","targetHints":{"allow":["GET"]}}],"collection":[{"href":"https:\/\/radiorevelacionfm.cl\/index.php?rest_route=\/wp\/v2\/posts"}],"about":[{"href":"https:\/\/radiorevelacionfm.cl\/index.php?rest_route=\/wp\/v2\/types\/post"}],"author":[{"embeddable":true,"href":"https:\/\/radiorevelacionfm.cl\/index.php?rest_route=\/wp\/v2\/users\/1"}],"replies":[{"embeddable":true,"href":"https:\/\/radiorevelacionfm.cl\/index.php?rest_route=%2Fwp%2Fv2%2Fcomments&post=52463"}],"version-history":[{"count":2,"href":"https:\/\/radiorevelacionfm.cl\/index.php?rest_route=\/wp\/v2\/posts\/52463\/revisions"}],"predecessor-version":[{"id":52466,"href":"https:\/\/radiorevelacionfm.cl\/index.php?rest_route=\/wp\/v2\/posts\/52463\/revisions\/52466"}],"wp:featuredmedia":[{"embeddable":true,"href":"https:\/\/radiorevelacionfm.cl\/index.php?rest_route=\/wp\/v2\/media\/52464"}],"wp:attachment":[{"href":"https:\/\/radiorevelacionfm.cl\/index.php?rest_route=%2Fwp%2Fv2%2Fmedia&parent=52463"}],"wp:term":[{"taxonomy":"category","embeddable":true,"href":"https:\/\/radiorevelacionfm.cl\/index.php?rest_route=%2Fwp%2Fv2%2Fcategories&post=52463"},{"taxonomy":"post_tag","embeddable":true,"href":"https:\/\/radiorevelacionfm.cl\/index.php?rest_route=%2Fwp%2Fv2%2Ftags&post=52463"}],"curies":[{"name":"wp","href":"https:\/\/api.w.org\/{rel}","templated":true}]}}