{"id":52460,"date":"2025-04-10T09:41:07","date_gmt":"2025-04-10T12:41:07","guid":{"rendered":"https:\/\/radiorevelacionfm.cl\/?p=52460"},"modified":"2025-04-10T09:41:07","modified_gmt":"2025-04-10T12:41:07","slug":"mas-de-71-millones-trae-el-fondo-nacional-de-senama-para-financiar-proyectos-de-organizaciones-de-personas-mayores-en-aysen","status":"publish","type":"post","link":"https:\/\/radiorevelacionfm.cl\/?p=52460","title":{"rendered":"M\u00e1s de $71 millones trae el Fondo Nacional de Senama para financiar proyectos de organizaciones de personas mayores en Ays\u00e9n"},"content":{"rendered":"<div class=\"flex_column av_one_full  flex_column_div av-zero-column-padding first  avia-builder-el-0  el_before_av_one_full  avia-builder-el-first  \" style='border-radius:0px; '><div  class='avia-image-container  av-styling-    avia-builder-el-1  avia-builder-el-no-sibling  avia-align-center '  itemprop=\"image\" itemscope=\"itemscope\" itemtype=\"https:\/\/schema.org\/ImageObject\"  ><div class='avia-image-container-inner'><div class='avia-image-overlay-wrap'><img decoding=\"async\" class='wp-image-52461 avia-img-lazy-loading-not-52461 avia_image' src=\"https:\/\/radiorevelacionfm.cl\/wp-content\/uploads\/2025\/04\/fondo1-2025-1-1_optimized-1.jpeg\" alt='' title='fondo1-2025-(1)-(1)_optimized (1)' height=\"600\" width=\"800\"  itemprop=\"thumbnailUrl\" srcset=\"https:\/\/radiorevelacionfm.cl\/wp-content\/uploads\/2025\/04\/fondo1-2025-1-1_optimized-1.jpeg 800w, https:\/\/radiorevelacionfm.cl\/wp-content\/uploads\/2025\/04\/fondo1-2025-1-1_optimized-1-300x225.jpeg 300w, https:\/\/radiorevelacionfm.cl\/wp-content\/uploads\/2025\/04\/fondo1-2025-1-1_optimized-1-768x576.jpeg 768w, https:\/\/radiorevelacionfm.cl\/wp-content\/uploads\/2025\/04\/fondo1-2025-1-1_optimized-1-705x529.jpeg 705w, https:\/\/radiorevelacionfm.cl\/wp-content\/uploads\/2025\/04\/fondo1-2025-1-1_optimized-1-450x338.jpeg 450w, https:\/\/radiorevelacionfm.cl\/wp-content\/uploads\/2025\/04\/fondo1-2025-1-1_optimized-1-600x450.jpeg 600w\" sizes=\"(max-width: 800px) 100vw, 800px\" \/><\/div><\/div><\/div><\/div>\n<div class=\"flex_column av_one_full  flex_column_div av-zero-column-padding first  avia-builder-el-2  el_after_av_one_full  el_before_av_one_full  column-top-margin\" style='border-radius:0px; '><section class=\"av_textblock_section \"  itemscope=\"itemscope\" itemtype=\"https:\/\/schema.org\/BlogPosting\" itemprop=\"blogPost\" ><div class='avia_textblock  '   itemprop=\"text\" ><p style=\"text-align: center;\"><strong><span style=\"font-size: 18pt;\">M\u00e1s de $71 millones trae el Fondo Nacional de Senama para financiar proyectos de organizaciones de personas mayores en Ays\u00e9n<\/span><\/strong><\/p>\n<div id=\"gtx-trans\" style=\"position: absolute; left: -50px; top: 4.31534px;\">\n<div class=\"gtx-trans-icon\"><\/div>\n<\/div>\n<\/div><\/section><\/div><div class=\"flex_column av_one_full  flex_column_div av-zero-column-padding first  avia-builder-el-4  el_after_av_one_full  el_before_av_hr  column-top-margin\" style='border-radius:0px; '><section class=\"av_textblock_section \"  itemscope=\"itemscope\" itemtype=\"https:\/\/schema.org\/BlogPosting\" itemprop=\"blogPost\" ><div class='avia_textblock  '   itemprop=\"text\" ><p style=\"text-align: justify;\"><em>Las organizaciones de personas mayores podr\u00e1n postular a contar del 31 de marzo y hasta el 9 de mayo de 2025, a trav\u00e9s de la p\u00e1gina web www.senama.gob.cl\u00a0<\/em><\/p>\n<p style=\"text-align: justify;\">Desarrollar actividades productivas, comprar nueva indumentaria o concretar ese esperado viaje son solo algunos de los proyectos que las organizaciones de personas mayores pueden postular este a\u00f1o al Fondo Nacional del Adulto Mayor, que impulsa el Servicio Nacional del Adulto Mayor (SENAMA), en su l\u00ednea Autogestionados.<\/p>\n<p style=\"text-align: justify;\">En la ceremonia de lanzamiento de este fondo concursable participaron este mi\u00e9rcoles, personas mayores y representantes del Comit\u00e9 Regional de Adulto Mayor- CRAM- \u00a0adem\u00e1s de las Seremis de Desarrollo Social y Familia Karina Acevedo, de Trabajo y Previsi\u00f3n Social Camila Covarrubias, de Gobierno \u00darsula Mix y el Delegado Presidencial Regional (S) Samuel Navarro quienes destacaron la importancia de estos recursos para promover la participaci\u00f3n, la autonom\u00eda y la mejora de su calidad de vida.<\/p>\n<p style=\"text-align: justify;\">Para este a\u00f1o, el Fondo Nacional del Adulto Mayor considera recursos a nivel regional por m\u00e1s de 71.000.000 millones de pesos, los que permitir\u00e1n financiar las iniciativas de las organizaciones y clubes de personas mayores en \u00e1mbitos como voluntariado, vida saludable, fortalecimiento institucional; habilitaci\u00f3n y \/o equipamiento, actividades que transforman vidas, inclusi\u00f3n digital y recreaci\u00f3n.<\/p>\n<p style=\"text-align: justify;\">La coordinadora regional de SENAMA Claudia Andaur destac\u00f3 que \u00abEl Fondo Nacional del Adulto Mayor forma parte de las pol\u00edticas del Gobierno del presidente Gabriel Boric y es muy esperado por las organizaciones porque permite desarrollar aquellas iniciativas en las distintas l\u00edneas, adem\u00e1s contribuye a la autonom\u00eda y al ejercicio en pleno de las personas mayores\u00bb.<\/p>\n<p style=\"text-align: justify;\">Los montos a financiar para las iniciativas van desde $1.100.000 si son clubes de personas mayores, $2.200.000 si es Uni\u00f3n Comunal, $4.000.000 si son federaciones UCAM y $6.000.000 si son Confederaciones. Lo que resalt\u00f3 la Seremi de Desarrollo Social y Familia Karina Acevedo aprovechando la instancia de invitar a participar \u00abeste Fondo para nosotros es tremendamente importante porque cada organizaci\u00f3n define en qu\u00e9 quieren usar el financiamiento, pero antes deben reunirse, debatir, organizarse y tener consensos es muy importante la autogesti\u00f3n y sabemos que esperan estos recursos as\u00ed que la invitaci\u00f3n es a informarse de los procesos de capacitaci\u00f3n para que postulen\u00bb.<\/p>\n<p style=\"text-align: justify;\">Desde el Comit\u00e9 Regional de Adulto Mayor, la vocera Ver\u00f3nica Contreras agreg\u00f3 \u00abInvito a las organizaciones a revisar las bases y animarse a postular porque incluso para los clubes que postulen no se necesitan los dos a\u00f1os de estar constituidos que les exigen en otros fondos, as\u00ed que ahora solo con su personer\u00eda jur\u00eddica vigente pueden postular sin ning\u00fan problema\u00bb. En tanto el Delegado Presidencial Regional (S) Samuel Navarro reforz\u00f3 \u00abEs importante participar, el objetivo siempre ser\u00e1 fortalecer a las organizaciones de personas mayores, que es tan relevante para nuestro gobierno sobre todo pensando que la poblaci\u00f3n mayor va en aumento\u00bb.<\/p>\n<p style=\"text-align: justify;\">Las organizaciones de mayores pueden descargar el material en la p\u00e1gina web de SENAMA, <a href=\"http:\/\/www.senama.gob.cl\/\">www.senama.gob.cl<\/a>. Asimismo, estar\u00e1 disponible el correo\u00a0<a href=\"mailto:fondo@senama.gob.cl\">fondo@senama.gob.cl<\/a>\u00a0y el whatsapp +56933680632 para responder dudas, consultas o entregar orientaci\u00f3n.<\/p>\n<\/div><\/section><\/div><\/p>\n<div  style='height:50px' class='hr hr-invisible   avia-builder-el-6  el_after_av_one_full  el_before_av_social_share '><span class='hr-inner ' ><span class='hr-inner-style'><\/span><\/span><\/div>\n<div  class='av-social-sharing-box  avia-builder-el-7  el_after_av_hr  el_before_av_hr  '><div class='av-share-box'><h5 class='av-share-link-description av-no-toc '>Compartir esta noticia<\/h5><ul class='av-share-box-list noLightbox'><li class='av-share-link av-social-link-facebook' ><a target=\"_blank\" aria-label=\"Compartir en Facebook\" href='https:\/\/www.facebook.com\/sharer.php?u=https:\/\/radiorevelacionfm.cl\/?p=52460&#038;t=M%C3%A1s%20de%20%2471%20millones%20trae%20el%20Fondo%20Nacional%20de%20Senama%20para%20financiar%20proyectos%20de%20organizaciones%20de%20personas%20mayores%20en%20Ays%C3%A9n' aria-hidden='false' data-av_icon='\ue8f3' data-av_iconfont='entypo-fontello' title='' data-avia-related-tooltip='Compartir en Facebook' rel=\"noopener\"><span class='avia_hidden_link_text'>Compartir en Facebook<\/span><\/a><\/li><li class='av-share-link av-social-link-twitter' ><a target=\"_blank\" aria-label=\"Compartir en Twitter\" href='https:\/\/twitter.com\/share?text=M%C3%A1s%20de%20%2471%20millones%20trae%20el%20Fondo%20Nacional%20de%20Senama%20para%20financiar%20proyectos%20de%20organizaciones%20de%20personas%20mayores%20en%20Ays%C3%A9n&#038;url=https:\/\/radiorevelacionfm.cl\/?p=52460' aria-hidden='false' data-av_icon='\ue8f1' data-av_iconfont='entypo-fontello' title='' data-avia-related-tooltip='Compartir en Twitter' rel=\"noopener\"><span class='avia_hidden_link_text'>Compartir en Twitter<\/span><\/a><\/li><li class='av-share-link av-social-link-whatsapp' ><a target=\"_blank\" aria-label=\"Compartir en Whatsapp\" href='https:\/\/api.whatsapp.com\/send?text=https:\/\/radiorevelacionfm.cl\/?p=52460' aria-hidden='false' data-av_icon='\uf232' data-av_iconfont='entypo-fontello' title='' data-avia-related-tooltip='Compartir en Whatsapp' rel=\"noopener\"><span class='avia_hidden_link_text'>Compartir en Whatsapp<\/span><\/a><\/li><li class='av-share-link av-social-link-linkedin' ><a target=\"_blank\" aria-label=\"Compartir en LinkedIn\" href='https:\/\/linkedin.com\/shareArticle?mini=true&#038;title=M%C3%A1s%20de%20%2471%20millones%20trae%20el%20Fondo%20Nacional%20de%20Senama%20para%20financiar%20proyectos%20de%20organizaciones%20de%20personas%20mayores%20en%20Ays%C3%A9n&#038;url=https:\/\/radiorevelacionfm.cl\/?p=52460' aria-hidden='false' data-av_icon='\ue8fc' data-av_iconfont='entypo-fontello' title='' data-avia-related-tooltip='Compartir en LinkedIn' rel=\"noopener\"><span class='avia_hidden_link_text'>Compartir en LinkedIn<\/span><\/a><\/li><li class='av-share-link av-social-link-mail' ><a  aria-label=\"Compartir por correo\" href='mailto:?subject=M%C3%A1s%20de%20%2471%20millones%20trae%20el%20Fondo%20Nacional%20de%20Senama%20para%20financiar%20proyectos%20de%20organizaciones%20de%20personas%20mayores%20en%20Ays%C3%A9n&#038;body=https:\/\/radiorevelacionfm.cl\/?p=52460' aria-hidden='false' data-av_icon='\ue805' data-av_iconfont='entypo-fontello' title='' data-avia-related-tooltip='Compartir por correo'><span class='avia_hidden_link_text'>Compartir por correo<\/span><\/a><\/li><\/ul><\/div><\/div>\n<div  style='height:50px' class='hr hr-invisible   avia-builder-el-8  el_after_av_social_share  el_before_av_comments_list '><span class='hr-inner ' ><span class='hr-inner-style'><\/span><\/span><\/div>\n<div  class='av-buildercomment  av-blog-meta-html-info-disabled av-blog-meta-tag-disabled  '><\/div>\n","protected":false},"excerpt":{"rendered":"","protected":false},"author":1,"featured_media":52461,"comment_status":"closed","ping_status":"closed","sticky":false,"template":"","format":"standard","meta":{"footnotes":""},"categories":[38],"tags":[],"class_list":["post-52460","post","type-post","status-publish","format-standard","has-post-thumbnail","hentry","category-regional"],"jetpack_featured_media_url":"https:\/\/radiorevelacionfm.cl\/wp-content\/uploads\/2025\/04\/fondo1-2025-1-1_optimized-1.jpeg","_links":{"self":[{"href":"https:\/\/radiorevelacionfm.cl\/index.php?rest_route=\/wp\/v2\/posts\/52460","targetHints":{"allow":["GET"]}}],"collection":[{"href":"https:\/\/radiorevelacionfm.cl\/index.php?rest_route=\/wp\/v2\/posts"}],"about":[{"href":"https:\/\/radiorevelacionfm.cl\/index.php?rest_route=\/wp\/v2\/types\/post"}],"author":[{"embeddable":true,"href":"https:\/\/radiorevelacionfm.cl\/index.php?rest_route=\/wp\/v2\/users\/1"}],"replies":[{"embeddable":true,"href":"https:\/\/radiorevelacionfm.cl\/index.php?rest_route=%2Fwp%2Fv2%2Fcomments&post=52460"}],"version-history":[{"count":3,"href":"https:\/\/radiorevelacionfm.cl\/index.php?rest_route=\/wp\/v2\/posts\/52460\/revisions"}],"predecessor-version":[{"id":52472,"href":"https:\/\/radiorevelacionfm.cl\/index.php?rest_route=\/wp\/v2\/posts\/52460\/revisions\/52472"}],"wp:featuredmedia":[{"embeddable":true,"href":"https:\/\/radiorevelacionfm.cl\/index.php?rest_route=\/wp\/v2\/media\/52461"}],"wp:attachment":[{"href":"https:\/\/radiorevelacionfm.cl\/index.php?rest_route=%2Fwp%2Fv2%2Fmedia&parent=52460"}],"wp:term":[{"taxonomy":"category","embeddable":true,"href":"https:\/\/radiorevelacionfm.cl\/index.php?rest_route=%2Fwp%2Fv2%2Fcategories&post=52460"},{"taxonomy":"post_tag","embeddable":true,"href":"https:\/\/radiorevelacionfm.cl\/index.php?rest_route=%2Fwp%2Fv2%2Ftags&post=52460"}],"curies":[{"name":"wp","href":"https:\/\/api.w.org\/{rel}","templated":true}]}}