{"id":5244,"date":"2021-06-14T18:16:51","date_gmt":"2021-06-14T21:16:51","guid":{"rendered":"https:\/\/radiorevelacionfm.cl\/?p=5244"},"modified":"2021-06-14T18:16:51","modified_gmt":"2021-06-14T21:16:51","slug":"alegria-en-balmaceda-68-familias-del-comite-los-colonos-abrieron-las-puertas-de-su-casa-propia","status":"publish","type":"post","link":"https:\/\/radiorevelacionfm.cl\/?p=5244","title":{"rendered":"Alegr\u00eda en Balmaceda 68 familias del comit\u00e9 Los Colonos abrieron las puertas de su casa propia"},"content":{"rendered":"<div class=\"flex_column av_one_full  flex_column_div av-zero-column-padding first  avia-builder-el-0  el_before_av_one_full  avia-builder-el-first  \" style='border-radius:0px; '><div  class='avia-image-container  av-styling-    avia-builder-el-1  avia-builder-el-no-sibling  avia-align-center '  itemprop=\"image\" itemscope=\"itemscope\" itemtype=\"https:\/\/schema.org\/ImageObject\"  ><div class='avia-image-container-inner'><div class='avia-image-overlay-wrap'><img decoding=\"async\" class='wp-image-5246 avia-img-lazy-loading-not-5246 avia_image' src=\"https:\/\/radiorevelacionfm.cl\/wp-content\/uploads\/2021\/06\/4.Entrega-casas-Comite-Los-Colonos-Balmaceda-1-1.jpeg\" alt='' title='4.Entrega casas Comit\u00e9 Los Colonos Balmaceda (1) (1)' height=\"600\" width=\"802\"  itemprop=\"thumbnailUrl\" srcset=\"https:\/\/radiorevelacionfm.cl\/wp-content\/uploads\/2021\/06\/4.Entrega-casas-Comite-Los-Colonos-Balmaceda-1-1.jpeg 802w, https:\/\/radiorevelacionfm.cl\/wp-content\/uploads\/2021\/06\/4.Entrega-casas-Comite-Los-Colonos-Balmaceda-1-1-300x224.jpeg 300w, https:\/\/radiorevelacionfm.cl\/wp-content\/uploads\/2021\/06\/4.Entrega-casas-Comite-Los-Colonos-Balmaceda-1-1-768x575.jpeg 768w, https:\/\/radiorevelacionfm.cl\/wp-content\/uploads\/2021\/06\/4.Entrega-casas-Comite-Los-Colonos-Balmaceda-1-1-705x527.jpeg 705w, https:\/\/radiorevelacionfm.cl\/wp-content\/uploads\/2021\/06\/4.Entrega-casas-Comite-Los-Colonos-Balmaceda-1-1-600x449.jpeg 600w\" sizes=\"(max-width: 802px) 100vw, 802px\" \/><\/div><\/div><\/div><\/div><div class=\"flex_column av_one_full  flex_column_div av-zero-column-padding first  avia-builder-el-2  el_after_av_one_full  el_before_av_one_full  column-top-margin\" style='border-radius:0px; '><section class=\"av_textblock_section \"  itemscope=\"itemscope\" itemtype=\"https:\/\/schema.org\/BlogPosting\" itemprop=\"blogPost\" ><div class='avia_textblock  '   itemprop=\"text\" ><p style=\"text-align: center;\"><strong><span style=\"font-size: 18pt;\">Alegr\u00eda en Balmaceda 68 familias del comit\u00e9 Los Colonos abrieron las puertas de su casa propia<\/span><\/strong><\/p>\n<div id=\"gtx-trans\" style=\"position: absolute; left: -50px; top: 4.31534px;\">\n<div class=\"gtx-trans-icon\"><\/div>\n<\/div>\n<\/div><\/section><\/div><div class=\"flex_column av_one_full  flex_column_div av-zero-column-padding first  avia-builder-el-4  el_after_av_one_full  el_before_av_hr  column-top-margin\" style='border-radius:0px; '><section class=\"av_textblock_section \"  itemscope=\"itemscope\" itemtype=\"https:\/\/schema.org\/BlogPosting\" itemprop=\"blogPost\" ><div class='avia_textblock  '   itemprop=\"text\" ><p style=\"text-align: justify;\">En un ambiente de gran alegr\u00eda y acompa\u00f1ados por autoridades locales y regionales este lunes las 68 familias del comit\u00e9 Los Colonos de Balmaceda abrieron por fin las puertas de su anhelada casa propia, un sue\u00f1o hecho realidad tras varios a\u00f1os de organizaci\u00f3n, trabajo y perseverancia.<\/p>\n<p style=\"text-align: justify;\">Con la finalidad de proteger la salud de los beneficiarios en el contexto de la actual pandemia por Covid 19, la entrega del conjunto no se hizo en una ceremonia tradicional sino que las autoridades se desplazaron hasta cada vivienda para entregar all\u00ed las llaves a las felices familias, las que esperaban con ansias este hist\u00f3rico e inolvidable momento de sus vidas.<\/p>\n<p style=\"text-align: justify;\">A trav\u00e9s de una video llamada la Intendenta Margarita Ossa se comunic\u00f3 con las dirigentes del comit\u00e9 Los Colonos a quienes hizo llegar un gran saludo para todo el grupo y las felicitaciones por el decisivo paso que han dado para su presente y su futuro. La primera autoridad regional expres\u00f3 su satisfacci\u00f3n al ver que las pol\u00edticas y programas del Gobierno se traducen en obras concretas que mejoran para siempre la vida de nuestras familias en toda la regi\u00f3n.<\/p>\n<p style=\"text-align: justify;\">De igual forma el Seremi de Vivienda, Diego Silva, felicit\u00f3 a las familias y destac\u00f3 la calidad de las viviendas que se est\u00e1n entregando en la regi\u00f3n, consolidando barrios integrados y seguros. \u201cEstamos muy felices de compartir este momento con las familias y sus dirigentes, que hicieron un gran trabajo. Esto demuestra una vez m\u00e1s que a pesar de las complicaciones que ha tra\u00eddo la pandemia, el Gobierno, a trav\u00e9s del Minvu, sigue dando continuidad a todas sus obras en la regi\u00f3n, destacando cientos de viviendas como estas, pero tambi\u00e9n pavimentos y espacios p\u00fablicos que mejoran para siempre la calidad de vida de nuestros vecinos y vecinas. Y tal como lo ha dicho nuestro Ministro Felipe Ward estos cientos de proyectos terminados o en marcha, permiten impulsar con mucha fuerza la recuperaci\u00f3n econ\u00f3mica y social que tanto necesitamos para ganar esta dura lucha contra la pandemia\u201d, precis\u00f3.<\/p>\n<p style=\"text-align: justify;\">La Presidenta del Comit\u00e9 Los Colonos, Fernanda D\u00edaz, se mostr\u00f3 feliz junto a su directiva y socios por ver que el trabajo conjunto con las autoridades ha dado sus frutos y hoy pueden ya habitar sus casas y consolidar sus hogares, un sue\u00f1o que hasta hace alg\u00fan tiempo parec\u00eda lejano, pero hoy es una feliz realidad que les permite mayor seguridad, tranquilidad y sobre todo una mejor calidad de vida.<\/p>\n<p style=\"text-align: justify;\">Tambi\u00e9n el Gobernador de Coyhaique, V\u00edctor Oyarzun, valor\u00f3 la posibilidad de compartir el importante momento con las familias, al que solo se llega con el trabajo mancomunado de diferentes actores p\u00fablicos y privados. \u201cAgradecer a todos los que de manera colaborativa participaron en la construcci\u00f3n de estas hermosas viviendas, con un tremendo est\u00e1ndar. A pesar de los tiempos dif\u00edciles como Gobierno seguimos adelante. En Balmaceda hace muchos a\u00f1os que no se hac\u00edan obras como esta, lo que demuestra el f\u00e9rreo compromiso que tenemos para seguir trabajando con las familias que est\u00e1n esperando el sue\u00f1o de su casa propia\u201d, manifest\u00f3.<\/p>\n<p style=\"text-align: justify;\">Cabe recordar que las familias del comit\u00e9 Los Colonos recibieron sus subsidios habitacionales en mayo de 2020 y en su mayor\u00eda estaban arrendando o en situaci\u00f3n de allegados. La Entidad Patrocinante del grupo fue Cornejo y Alert Consultores, en tanto que la empresa constructora Entre R\u00edos estuvo a cargo de la ejecuci\u00f3n del proyecto que implic\u00f3 una inversi\u00f3n que bordea los 3 mil 800 millones de pesos, sumando los subsidios del Minvu, el ahorro de las familias y el aporte complementario del Gobierno Regional de Ays\u00e9n para la habilitaci\u00f3n de terrenos. El proyecto contempl\u00f3 la construcci\u00f3n de 64 viviendas de 47,32 m2 y 4 viviendas de 64,78 m2, equipamiento, \u00e1reas verdes y obras complementarias.<\/p>\n<p style=\"text-align: justify;\">Otro punto relevante es que esta gran obra colinda con otro importante proyecto habitacional en marcha, como es la construcci\u00f3n de 50 viviendas para las familias del Comit\u00e9 Huilli Ruka (integrado por familias de Coyhaique y Balmaceda), lo que consolidar\u00e1 un gran conjunto habitacional (118 familias en total) lo que sin duda marcar\u00e1 positiva y significativamente la vida y el futuro de la comunidad local.<\/p>\n<\/div><\/section><\/div><div  style='height:50px' class='hr hr-invisible   avia-builder-el-6  el_after_av_one_full  el_before_av_social_share '><span class='hr-inner ' ><span class='hr-inner-style'><\/span><\/span><\/div><\/p>\n<div  class='av-social-sharing-box  avia-builder-el-7  el_after_av_hr  el_before_av_hr  '><div class='av-share-box'><h5 class='av-share-link-description av-no-toc '>Compartir esta noticia<\/h5><ul class='av-share-box-list noLightbox'><li class='av-share-link av-social-link-facebook' ><a target=\"_blank\" aria-label=\"Compartir en Facebook\" href='https:\/\/www.facebook.com\/sharer.php?u=https:\/\/radiorevelacionfm.cl\/?p=5244&#038;t=Alegr%C3%ADa%20en%20Balmaceda%2068%20familias%20del%20comit%C3%A9%20Los%20Colonos%20abrieron%20las%20puertas%20de%20su%20casa%20propia' aria-hidden='false' data-av_icon='\ue8f3' data-av_iconfont='entypo-fontello' title='' data-avia-related-tooltip='Compartir en Facebook' rel=\"noopener\"><span class='avia_hidden_link_text'>Compartir en Facebook<\/span><\/a><\/li><li class='av-share-link av-social-link-twitter' ><a target=\"_blank\" aria-label=\"Compartir en Twitter\" href='https:\/\/twitter.com\/share?text=Alegr%C3%ADa%20en%20Balmaceda%2068%20familias%20del%20comit%C3%A9%20Los%20Colonos%20abrieron%20las%20puertas%20de%20su%20casa%20propia&#038;url=https:\/\/radiorevelacionfm.cl\/?p=5244' aria-hidden='false' data-av_icon='\ue8f1' data-av_iconfont='entypo-fontello' title='' data-avia-related-tooltip='Compartir en Twitter' rel=\"noopener\"><span class='avia_hidden_link_text'>Compartir en Twitter<\/span><\/a><\/li><li class='av-share-link av-social-link-whatsapp' ><a target=\"_blank\" aria-label=\"Compartir en Whatsapp\" href='https:\/\/api.whatsapp.com\/send?text=https:\/\/radiorevelacionfm.cl\/?p=5244' aria-hidden='false' data-av_icon='\uf232' data-av_iconfont='entypo-fontello' title='' data-avia-related-tooltip='Compartir en Whatsapp' rel=\"noopener\"><span class='avia_hidden_link_text'>Compartir en Whatsapp<\/span><\/a><\/li><li class='av-share-link av-social-link-linkedin' ><a target=\"_blank\" aria-label=\"Compartir en LinkedIn\" href='https:\/\/linkedin.com\/shareArticle?mini=true&#038;title=Alegr%C3%ADa%20en%20Balmaceda%2068%20familias%20del%20comit%C3%A9%20Los%20Colonos%20abrieron%20las%20puertas%20de%20su%20casa%20propia&#038;url=https:\/\/radiorevelacionfm.cl\/?p=5244' aria-hidden='false' data-av_icon='\ue8fc' data-av_iconfont='entypo-fontello' title='' data-avia-related-tooltip='Compartir en LinkedIn' rel=\"noopener\"><span class='avia_hidden_link_text'>Compartir en LinkedIn<\/span><\/a><\/li><li class='av-share-link av-social-link-mail' ><a  aria-label=\"Compartir por correo\" href='mailto:?subject=Alegr%C3%ADa%20en%20Balmaceda%2068%20familias%20del%20comit%C3%A9%20Los%20Colonos%20abrieron%20las%20puertas%20de%20su%20casa%20propia&#038;body=https:\/\/radiorevelacionfm.cl\/?p=5244' aria-hidden='false' data-av_icon='\ue805' data-av_iconfont='entypo-fontello' title='' data-avia-related-tooltip='Compartir por correo'><span class='avia_hidden_link_text'>Compartir por correo<\/span><\/a><\/li><\/ul><\/div><\/div>\n<div  style='height:50px' class='hr hr-invisible   avia-builder-el-8  el_after_av_social_share  el_before_av_comments_list '><span class='hr-inner ' ><span class='hr-inner-style'><\/span><\/span><\/div>\n<div  class='av-buildercomment  av-blog-meta-html-info-disabled av-blog-meta-tag-disabled  '><\/div>\n","protected":false},"excerpt":{"rendered":"","protected":false},"author":1,"featured_media":5246,"comment_status":"open","ping_status":"open","sticky":false,"template":"","format":"standard","meta":{"footnotes":""},"categories":[57],"tags":[],"class_list":["post-5244","post","type-post","status-publish","format-standard","has-post-thumbnail","hentry","category-vivienda"],"jetpack_featured_media_url":"https:\/\/radiorevelacionfm.cl\/wp-content\/uploads\/2021\/06\/4.Entrega-casas-Comite-Los-Colonos-Balmaceda-1-1.jpeg","_links":{"self":[{"href":"https:\/\/radiorevelacionfm.cl\/index.php?rest_route=\/wp\/v2\/posts\/5244","targetHints":{"allow":["GET"]}}],"collection":[{"href":"https:\/\/radiorevelacionfm.cl\/index.php?rest_route=\/wp\/v2\/posts"}],"about":[{"href":"https:\/\/radiorevelacionfm.cl\/index.php?rest_route=\/wp\/v2\/types\/post"}],"author":[{"embeddable":true,"href":"https:\/\/radiorevelacionfm.cl\/index.php?rest_route=\/wp\/v2\/users\/1"}],"replies":[{"embeddable":true,"href":"https:\/\/radiorevelacionfm.cl\/index.php?rest_route=%2Fwp%2Fv2%2Fcomments&post=5244"}],"version-history":[{"count":1,"href":"https:\/\/radiorevelacionfm.cl\/index.php?rest_route=\/wp\/v2\/posts\/5244\/revisions"}],"predecessor-version":[{"id":5247,"href":"https:\/\/radiorevelacionfm.cl\/index.php?rest_route=\/wp\/v2\/posts\/5244\/revisions\/5247"}],"wp:featuredmedia":[{"embeddable":true,"href":"https:\/\/radiorevelacionfm.cl\/index.php?rest_route=\/wp\/v2\/media\/5246"}],"wp:attachment":[{"href":"https:\/\/radiorevelacionfm.cl\/index.php?rest_route=%2Fwp%2Fv2%2Fmedia&parent=5244"}],"wp:term":[{"taxonomy":"category","embeddable":true,"href":"https:\/\/radiorevelacionfm.cl\/index.php?rest_route=%2Fwp%2Fv2%2Fcategories&post=5244"},{"taxonomy":"post_tag","embeddable":true,"href":"https:\/\/radiorevelacionfm.cl\/index.php?rest_route=%2Fwp%2Fv2%2Ftags&post=5244"}],"curies":[{"name":"wp","href":"https:\/\/api.w.org\/{rel}","templated":true}]}}