{"id":52434,"date":"2025-04-09T10:29:43","date_gmt":"2025-04-09T13:29:43","guid":{"rendered":"https:\/\/radiorevelacionfm.cl\/?p=52434"},"modified":"2025-04-09T10:29:43","modified_gmt":"2025-04-09T13:29:43","slug":"archi-destaca-trayectoria-de-sergio-campos-quien-tras-47-anos-deja-radio-cooperativa","status":"publish","type":"post","link":"https:\/\/radiorevelacionfm.cl\/?p=52434","title":{"rendered":"ARCHI destaca trayectoria de Sergio Campos, quien tras 47 a\u00f1os deja Radio Cooperativa"},"content":{"rendered":"<div class=\"flex_column av_one_full  flex_column_div av-zero-column-padding first  avia-builder-el-0  el_before_av_one_full  avia-builder-el-first  \" style='border-radius:0px; '><div  class='avia-image-container  av-styling-    avia-builder-el-1  avia-builder-el-no-sibling  avia-align-center '  itemprop=\"image\" itemscope=\"itemscope\" itemtype=\"https:\/\/schema.org\/ImageObject\"  ><div class='avia-image-container-inner'><div class='avia-image-overlay-wrap'><img decoding=\"async\" class='wp-image-52435 avia-img-lazy-loading-not-52435 avia_image' src=\"https:\/\/radiorevelacionfm.cl\/wp-content\/uploads\/2025\/04\/Sergio-Campos-1-1.jpg\" alt='' title='Sergio Campos (1) (1)' height=\"600\" width=\"894\"  itemprop=\"thumbnailUrl\" srcset=\"https:\/\/radiorevelacionfm.cl\/wp-content\/uploads\/2025\/04\/Sergio-Campos-1-1.jpg 894w, https:\/\/radiorevelacionfm.cl\/wp-content\/uploads\/2025\/04\/Sergio-Campos-1-1-300x201.jpg 300w, https:\/\/radiorevelacionfm.cl\/wp-content\/uploads\/2025\/04\/Sergio-Campos-1-1-768x515.jpg 768w, https:\/\/radiorevelacionfm.cl\/wp-content\/uploads\/2025\/04\/Sergio-Campos-1-1-705x473.jpg 705w, https:\/\/radiorevelacionfm.cl\/wp-content\/uploads\/2025\/04\/Sergio-Campos-1-1-450x302.jpg 450w, https:\/\/radiorevelacionfm.cl\/wp-content\/uploads\/2025\/04\/Sergio-Campos-1-1-600x403.jpg 600w\" sizes=\"(max-width: 894px) 100vw, 894px\" \/><\/div><\/div><\/div><\/div><div class=\"flex_column av_one_full  flex_column_div av-zero-column-padding first  avia-builder-el-2  el_after_av_one_full  el_before_av_one_full  column-top-margin\" style='border-radius:0px; '><section class=\"av_textblock_section \"  itemscope=\"itemscope\" itemtype=\"https:\/\/schema.org\/BlogPosting\" itemprop=\"blogPost\" ><div class='avia_textblock  '   itemprop=\"text\" ><p style=\"text-align: center;\"><strong><span style=\"font-size: 18pt;\">ARCHI destaca trayectoria de Sergio Campos, quien tras 47 a\u00f1os deja Radio Cooperativa<\/span><\/strong><\/p>\n<div id=\"gtx-trans\" style=\"position: absolute; left: -50px; top: 4.31534px;\">\n<div class=\"gtx-trans-icon\"><\/div>\n<\/div>\n<\/div><\/section><\/div><div class=\"flex_column av_one_full  flex_column_div av-zero-column-padding first  avia-builder-el-4  el_after_av_one_full  el_before_av_hr  column-top-margin\" style='border-radius:0px; '><section class=\"av_textblock_section \"  itemscope=\"itemscope\" itemtype=\"https:\/\/schema.org\/BlogPosting\" itemprop=\"blogPost\" ><div class='avia_textblock  '   itemprop=\"text\" ><p style=\"text-align: justify;\">La Asociaci\u00f3n de Radiodifusores de Chile ARCHI, expresa su reconocimiento a la destacada trayectoria radial del periodista Sergio Campos, quien luego de 47 a\u00f1os de trabajo ininterrumpido en Radio Cooperativa deja esta prestigiosa emisora.<\/p>\n<p style=\"text-align: justify;\">Sergio Campos fue galardonado en 2003 como \u00abPersonaje radial del a\u00f1o\u00bb, premio otorgado por la Asociaci\u00f3n de Radiodifusores de Chile (ARCHI). En 2010 recibi\u00f3 la Orden al M\u00e9rito Docente y Cultural Gabriela Mistral y en 2011 el Premio Nacional de Periodismo.<\/p>\n<p style=\"text-align: justify;\">El a\u00f1o 2016 Sergio Campos present\u00f3 el libro \u00abLa voz de la radio est\u00e1 llamando\u00bb, publicaci\u00f3n autobiogr\u00e1fica que relata su experiencia en la cobertura de importantes hechos de la historia nacional como el terremoto de 1960, el Golpe de Estado de 1973 y la vuelta a la democracia.<\/p>\n<p style=\"text-align: justify;\">Desde 1969 se hab\u00eda desempe\u00f1\u00f3 como lector de noticias en Radio Cooperativa. Fue despedido en 1974 cuando la emisora hab\u00eda sido expropiada por el r\u00e9gimen militar. Se exili\u00f3 en Argentina donde trabaj\u00f3 en la Agencia de Noticias Argentinas y fue corresponsal de la Agencia Latinoamericana de Informaci\u00f3n (ALAI) en Buenos Aires.<\/p>\n<p style=\"text-align: justify;\">De vuelta en Chile se incorpor\u00f3 a la edici\u00f3n matinal de El Diario de Cooperativa (1981) hasta hoy, convirti\u00e9ndose en una de las voces radiales m\u00e1s reconocidas y confiables del dial.<\/p>\n<p style=\"text-align: justify;\">Desde ARCHI agradecemos la invaluable contribuci\u00f3n de Sergio Campos al engrandecimiento de la Radio en Chile, cincuenta a\u00f1os tras los micr\u00f3fonos, siendo pieza fundamental de la gran credibilidad con que goza nuestro medio.<\/p>\n<\/div><\/section><\/div><div  style='height:50px' class='hr hr-invisible   avia-builder-el-6  el_after_av_one_full  el_before_av_social_share '><span class='hr-inner ' ><span class='hr-inner-style'><\/span><\/span><\/div><\/p>\n<div  class='av-social-sharing-box  avia-builder-el-7  el_after_av_hr  el_before_av_hr  '><div class='av-share-box'><h5 class='av-share-link-description av-no-toc '>Compartir esta noticia<\/h5><ul class='av-share-box-list noLightbox'><li class='av-share-link av-social-link-facebook' ><a target=\"_blank\" aria-label=\"Compartir en Facebook\" href='https:\/\/www.facebook.com\/sharer.php?u=https:\/\/radiorevelacionfm.cl\/?p=52434&#038;t=ARCHI%20destaca%20trayectoria%20de%20Sergio%20Campos%2C%20quien%20tras%2047%20a%C3%B1os%20deja%20Radio%20Cooperativa' aria-hidden='false' data-av_icon='\ue8f3' data-av_iconfont='entypo-fontello' title='' data-avia-related-tooltip='Compartir en Facebook' rel=\"noopener\"><span class='avia_hidden_link_text'>Compartir en Facebook<\/span><\/a><\/li><li class='av-share-link av-social-link-twitter' ><a target=\"_blank\" aria-label=\"Compartir en Twitter\" href='https:\/\/twitter.com\/share?text=ARCHI%20destaca%20trayectoria%20de%20Sergio%20Campos%2C%20quien%20tras%2047%20a%C3%B1os%20deja%20Radio%20Cooperativa&#038;url=https:\/\/radiorevelacionfm.cl\/?p=52434' aria-hidden='false' data-av_icon='\ue8f1' data-av_iconfont='entypo-fontello' title='' data-avia-related-tooltip='Compartir en Twitter' rel=\"noopener\"><span class='avia_hidden_link_text'>Compartir en Twitter<\/span><\/a><\/li><li class='av-share-link av-social-link-whatsapp' ><a target=\"_blank\" aria-label=\"Compartir en Whatsapp\" href='https:\/\/api.whatsapp.com\/send?text=https:\/\/radiorevelacionfm.cl\/?p=52434' aria-hidden='false' data-av_icon='\uf232' data-av_iconfont='entypo-fontello' title='' data-avia-related-tooltip='Compartir en Whatsapp' rel=\"noopener\"><span class='avia_hidden_link_text'>Compartir en Whatsapp<\/span><\/a><\/li><li class='av-share-link av-social-link-linkedin' ><a target=\"_blank\" aria-label=\"Compartir en LinkedIn\" href='https:\/\/linkedin.com\/shareArticle?mini=true&#038;title=ARCHI%20destaca%20trayectoria%20de%20Sergio%20Campos%2C%20quien%20tras%2047%20a%C3%B1os%20deja%20Radio%20Cooperativa&#038;url=https:\/\/radiorevelacionfm.cl\/?p=52434' aria-hidden='false' data-av_icon='\ue8fc' data-av_iconfont='entypo-fontello' title='' data-avia-related-tooltip='Compartir en LinkedIn' rel=\"noopener\"><span class='avia_hidden_link_text'>Compartir en LinkedIn<\/span><\/a><\/li><li class='av-share-link av-social-link-mail' ><a  aria-label=\"Compartir por correo\" href='mailto:?subject=ARCHI%20destaca%20trayectoria%20de%20Sergio%20Campos%2C%20quien%20tras%2047%20a%C3%B1os%20deja%20Radio%20Cooperativa&#038;body=https:\/\/radiorevelacionfm.cl\/?p=52434' aria-hidden='false' data-av_icon='\ue805' data-av_iconfont='entypo-fontello' title='' data-avia-related-tooltip='Compartir por correo'><span class='avia_hidden_link_text'>Compartir por correo<\/span><\/a><\/li><\/ul><\/div><\/div>\n<div  style='height:50px' class='hr hr-invisible   avia-builder-el-8  el_after_av_social_share  el_before_av_comments_list '><span class='hr-inner ' ><span class='hr-inner-style'><\/span><\/span><\/div>\n<div  class='av-buildercomment  av-blog-meta-html-info-disabled av-blog-meta-tag-disabled  '><\/div>\n","protected":false},"excerpt":{"rendered":"","protected":false},"author":1,"featured_media":52435,"comment_status":"closed","ping_status":"closed","sticky":false,"template":"","format":"standard","meta":{"footnotes":""},"categories":[61],"tags":[],"class_list":["post-52434","post","type-post","status-publish","format-standard","has-post-thumbnail","hentry","category-nacional"],"jetpack_featured_media_url":"https:\/\/radiorevelacionfm.cl\/wp-content\/uploads\/2025\/04\/Sergio-Campos-1-1.jpg","_links":{"self":[{"href":"https:\/\/radiorevelacionfm.cl\/index.php?rest_route=\/wp\/v2\/posts\/52434","targetHints":{"allow":["GET"]}}],"collection":[{"href":"https:\/\/radiorevelacionfm.cl\/index.php?rest_route=\/wp\/v2\/posts"}],"about":[{"href":"https:\/\/radiorevelacionfm.cl\/index.php?rest_route=\/wp\/v2\/types\/post"}],"author":[{"embeddable":true,"href":"https:\/\/radiorevelacionfm.cl\/index.php?rest_route=\/wp\/v2\/users\/1"}],"replies":[{"embeddable":true,"href":"https:\/\/radiorevelacionfm.cl\/index.php?rest_route=%2Fwp%2Fv2%2Fcomments&post=52434"}],"version-history":[{"count":2,"href":"https:\/\/radiorevelacionfm.cl\/index.php?rest_route=\/wp\/v2\/posts\/52434\/revisions"}],"predecessor-version":[{"id":52437,"href":"https:\/\/radiorevelacionfm.cl\/index.php?rest_route=\/wp\/v2\/posts\/52434\/revisions\/52437"}],"wp:featuredmedia":[{"embeddable":true,"href":"https:\/\/radiorevelacionfm.cl\/index.php?rest_route=\/wp\/v2\/media\/52435"}],"wp:attachment":[{"href":"https:\/\/radiorevelacionfm.cl\/index.php?rest_route=%2Fwp%2Fv2%2Fmedia&parent=52434"}],"wp:term":[{"taxonomy":"category","embeddable":true,"href":"https:\/\/radiorevelacionfm.cl\/index.php?rest_route=%2Fwp%2Fv2%2Fcategories&post=52434"},{"taxonomy":"post_tag","embeddable":true,"href":"https:\/\/radiorevelacionfm.cl\/index.php?rest_route=%2Fwp%2Fv2%2Ftags&post=52434"}],"curies":[{"name":"wp","href":"https:\/\/api.w.org\/{rel}","templated":true}]}}