{"id":52425,"date":"2025-04-12T12:56:07","date_gmt":"2025-04-12T15:56:07","guid":{"rendered":"https:\/\/radiorevelacionfm.cl\/?p=52425"},"modified":"2025-04-12T12:56:07","modified_gmt":"2025-04-12T15:56:07","slug":"tribunal-realizo-audiencia-en-reclamaciones-contra-la-sma-por-proyecto-fundo-lago-elizalde-en-aysen","status":"publish","type":"post","link":"https:\/\/radiorevelacionfm.cl\/?p=52425","title":{"rendered":"Tribunal realiz\u00f3 audiencia en reclamaciones contra la SMA por proyecto \u201cFundo Lago Elizalde\u201d en Ays\u00e9n"},"content":{"rendered":"<div class=\"flex_column av_one_full  flex_column_div av-zero-column-padding first  avia-builder-el-0  el_before_av_one_full  avia-builder-el-first  \" style='border-radius:0px; '><div  class='avia-image-container  av-styling-    avia-builder-el-1  avia-builder-el-no-sibling  avia-align-center '  itemprop=\"image\" itemscope=\"itemscope\" itemtype=\"https:\/\/schema.org\/ImageObject\"  ><div class='avia-image-container-inner'><div class='avia-image-overlay-wrap'><img decoding=\"async\" class='wp-image-52427 avia-img-lazy-loading-not-52427 avia_image' src=\"https:\/\/radiorevelacionfm.cl\/wp-content\/uploads\/2025\/04\/lago-elizalde-1_optimized-1-1_optimized.jpg\" alt='' title='lago-elizalde-(1)_optimized-(1)-(1)_optimized' height=\"600\" width=\"986\"  itemprop=\"thumbnailUrl\" srcset=\"https:\/\/radiorevelacionfm.cl\/wp-content\/uploads\/2025\/04\/lago-elizalde-1_optimized-1-1_optimized.jpg 986w, https:\/\/radiorevelacionfm.cl\/wp-content\/uploads\/2025\/04\/lago-elizalde-1_optimized-1-1_optimized-300x183.jpg 300w, https:\/\/radiorevelacionfm.cl\/wp-content\/uploads\/2025\/04\/lago-elizalde-1_optimized-1-1_optimized-768x467.jpg 768w, https:\/\/radiorevelacionfm.cl\/wp-content\/uploads\/2025\/04\/lago-elizalde-1_optimized-1-1_optimized-705x429.jpg 705w, https:\/\/radiorevelacionfm.cl\/wp-content\/uploads\/2025\/04\/lago-elizalde-1_optimized-1-1_optimized-450x274.jpg 450w, https:\/\/radiorevelacionfm.cl\/wp-content\/uploads\/2025\/04\/lago-elizalde-1_optimized-1-1_optimized-600x365.jpg 600w\" sizes=\"(max-width: 986px) 100vw, 986px\" \/><\/div><\/div><\/div><\/div><div class=\"flex_column av_one_full  flex_column_div av-zero-column-padding first  avia-builder-el-2  el_after_av_one_full  el_before_av_one_full  column-top-margin\" style='border-radius:0px; '><section class=\"av_textblock_section \"  itemscope=\"itemscope\" itemtype=\"https:\/\/schema.org\/BlogPosting\" itemprop=\"blogPost\" ><div class='avia_textblock  '   itemprop=\"text\" ><p style=\"text-align: center;\"><strong><span style=\"font-size: 18pt;\">Tribunal realiz\u00f3 audiencia en reclamaciones contra la SMA por proyecto \u201cFundo Lago Elizalde\u201d en Ays\u00e9n<\/span><\/strong><\/p>\n<div id=\"gtx-trans\" style=\"position: absolute; left: -50px; top: 4.31534px;\">\n<div class=\"gtx-trans-icon\"><\/div>\n<\/div>\n<\/div><\/section><\/div><div class=\"flex_column av_one_full  flex_column_div av-zero-column-padding first  avia-builder-el-4  el_after_av_one_full  el_before_av_hr  column-top-margin\" style='border-radius:0px; '><section class=\"av_textblock_section \"  itemscope=\"itemscope\" itemtype=\"https:\/\/schema.org\/BlogPosting\" itemprop=\"blogPost\" ><div class='avia_textblock  '   itemprop=\"text\" ><p style=\"text-align: justify;\"><em>La SMA, en el procedimiento administrativo seguido contra el titular, resolvi\u00f3 no requerir el ingreso del proyecto al Sistema de Evaluaci\u00f3n de Impacto Ambiental (SEIA).<\/em><\/p>\n<p style=\"text-align: justify;\">Dos reclamaciones fueron presentadas ante el\u00a0<a href=\"http:\/\/www.3ta.cl\/\">Tercer Tribunal Ambiental<\/a>\u00a0en contra de la resoluci\u00f3n de la Superintendencia del Medio Ambiente (SMA), por medio de la cual resolvi\u00f3 no requerir el ingreso del proyecto \u00abFundo Lago Elizalde\u00bb al\u00a0<a href=\"http:\/\/www.sea.gob.cl\/\">Sistema de Evaluaci\u00f3n de Impacto Ambiental (SEIA)<\/a>. Lo anterior, a partir de dos denuncias por elusi\u00f3n al SEIA realizadas en el a\u00f1o 2020 por las partes reclamantes.<\/p>\n<p style=\"text-align: justify;\"><strong>Reclamante de la R-25-2024<\/strong><\/p>\n<p style=\"text-align: justify;\">En la audiencia de alegatos del 1 de abril, la reclamante de la R-25-2024, argument\u00f3 que se trata de un proyecto de desarrollo urbano, que implica m\u00e1s de 80 viviendas, en una zona ubicada al margen de la planificaci\u00f3n territorial y que adem\u00e1s implica obras dentro del Parque Nacional Cerro Castillo. Se\u00f1al\u00f3 que este no corresponde a un loteo rural, sino a un proyecto inmobiliario que ha sido publicitado por la empresa para vender las viviendas. Expres\u00f3 que es necesario que la empresa cumpla la Ley y pidi\u00f3 al Tribunal que se pronuncie en el sentido de que es un proyecto que debe ingresar a evaluaci\u00f3n.<\/p>\n<p style=\"text-align: justify;\"><strong>Reclamante de la R-28-2024<\/strong><\/p>\n<p style=\"text-align: justify;\">Por otro lado, en la causa acumulada, R-28-2024, la parte reclamante se refiri\u00f3 a las normas asociadas a urbanismo y parcelaciones, que en este caso, a su juicio, no se cumplen. Argument\u00f3 que se trata de un proyecto inmobiliario que incluye 79 lotes que podr\u00edan sobrepasar la construcci\u00f3n de m\u00e1s de 80 viviendas; la habilitaci\u00f3n de un puente, caminos e infraestructura como acceso a agua y luz. Destac\u00f3 que una de las especies presentes en la zona es el huemul, uno de los objetos de conservaci\u00f3n del PN Cerro Castillo. Argument\u00f3, adem\u00e1s, que los art\u00edculos 10 y 11 de la Ley N\u00b0 19.300 indican que este tipo de proyecto debe ingresar al SEIA.<\/p>\n<p style=\"text-align: justify;\"><strong>Superintendencia del Medio Ambiente<\/strong><\/p>\n<p style=\"text-align: justify;\">Para la SMA, la resoluci\u00f3n reclamada se dict\u00f3 en el marco de un procedimiento administrativo de requerimiento de ingreso al SEIA y se\u00f1al\u00f3 que en este \u00faltimo, la SMA tiene como objeto determinar si un proyecto debe o no ingresar al SEIA, pero no especificar la v\u00eda de ingreso. Adem\u00e1s, agreg\u00f3 que la SMA ha reconocido que se trata de un proyecto de desarrollo urbano con caracter\u00edsticas habitacionales y que se ubica parcialmente dentro del PN Cerro Castillo, por lo tanto, solicito que estos aspectos no se consideren, por no ser controvertidos en el proceso judicial. En cuanto a la construcci\u00f3n del proyecto, indic\u00f3 que la decisi\u00f3n de la SMA se bas\u00f3 en el an\u00e1lisis del estado actual del mismo verificado en una inspecci\u00f3n del a\u00f1o 2024, en la que se pudo observar que diversas obras hab\u00edan sido abandonadas. Se\u00f1al\u00f3 que la SMA no se desentendi\u00f3 de la fiscalizaci\u00f3n de este proyecto, que se requiri\u00f3 de informaci\u00f3n al titular y se le advirti\u00f3 que en caso de implementar alguna modificaci\u00f3n que implique la elusi\u00f3n al SEIA se podr\u00e1 iniciar un procedimiento sancionatorio en su contra. Agreg\u00f3 que se orden\u00f3 expresamente a la oficina regional de la SMA continuar con la fiscalizaci\u00f3n.<\/p>\n<p style=\"text-align: justify;\">Tambi\u00e9n intervino en la audiencia, el tercero independiente de Lago Elizalde SpA quien se refiri\u00f3 a la incompetencia del Tercer Tribunal Ambiental de pronunciarse frente a la reclamaci\u00f3n presentada dado que no se trata de un procedimiento sancionatorio, como lo indica la Ley referente a las competencias del Tribunal. Agreg\u00f3 que tampoco se configuran los art\u00edculos de la Ley N\u00b0 19.300 para requerir su ingreso al SEIA.<\/p>\n<p style=\"text-align: justify;\">M\u00e1s antecedentes de la causa en el expediente electr\u00f3nico\u00a0<a href=\"https:\/\/causas.3ta.cl\/causes\/1943\/expedient\/47351\/books\/1673\/?attachmentId=65362\">R-25-2024<\/a><\/p>\n<\/div><\/section><\/div><div  style='height:50px' class='hr hr-invisible   avia-builder-el-6  el_after_av_one_full  el_before_av_social_share '><span class='hr-inner ' ><span class='hr-inner-style'><\/span><\/span><\/div><\/p>\n<div  class='av-social-sharing-box  avia-builder-el-7  el_after_av_hr  el_before_av_hr  '><div class='av-share-box'><h5 class='av-share-link-description av-no-toc '>Compartir esta noticia<\/h5><ul class='av-share-box-list noLightbox'><li class='av-share-link av-social-link-facebook' ><a target=\"_blank\" aria-label=\"Compartir en Facebook\" href='https:\/\/www.facebook.com\/sharer.php?u=https:\/\/radiorevelacionfm.cl\/?p=52425&#038;t=Tribunal%20realiz%C3%B3%20audiencia%20en%20reclamaciones%20contra%20la%20SMA%20por%20proyecto%20%E2%80%9CFundo%20Lago%20Elizalde%E2%80%9D%20en%20Ays%C3%A9n' aria-hidden='false' data-av_icon='\ue8f3' data-av_iconfont='entypo-fontello' title='' data-avia-related-tooltip='Compartir en Facebook' rel=\"noopener\"><span class='avia_hidden_link_text'>Compartir en Facebook<\/span><\/a><\/li><li class='av-share-link av-social-link-twitter' ><a target=\"_blank\" aria-label=\"Compartir en Twitter\" href='https:\/\/twitter.com\/share?text=Tribunal%20realiz%C3%B3%20audiencia%20en%20reclamaciones%20contra%20la%20SMA%20por%20proyecto%20%E2%80%9CFundo%20Lago%20Elizalde%E2%80%9D%20en%20Ays%C3%A9n&#038;url=https:\/\/radiorevelacionfm.cl\/?p=52425' aria-hidden='false' data-av_icon='\ue8f1' data-av_iconfont='entypo-fontello' title='' data-avia-related-tooltip='Compartir en Twitter' rel=\"noopener\"><span class='avia_hidden_link_text'>Compartir en Twitter<\/span><\/a><\/li><li class='av-share-link av-social-link-whatsapp' ><a target=\"_blank\" aria-label=\"Compartir en Whatsapp\" href='https:\/\/api.whatsapp.com\/send?text=https:\/\/radiorevelacionfm.cl\/?p=52425' aria-hidden='false' data-av_icon='\uf232' data-av_iconfont='entypo-fontello' title='' data-avia-related-tooltip='Compartir en Whatsapp' rel=\"noopener\"><span class='avia_hidden_link_text'>Compartir en Whatsapp<\/span><\/a><\/li><li class='av-share-link av-social-link-linkedin' ><a target=\"_blank\" aria-label=\"Compartir en LinkedIn\" href='https:\/\/linkedin.com\/shareArticle?mini=true&#038;title=Tribunal%20realiz%C3%B3%20audiencia%20en%20reclamaciones%20contra%20la%20SMA%20por%20proyecto%20%E2%80%9CFundo%20Lago%20Elizalde%E2%80%9D%20en%20Ays%C3%A9n&#038;url=https:\/\/radiorevelacionfm.cl\/?p=52425' aria-hidden='false' data-av_icon='\ue8fc' data-av_iconfont='entypo-fontello' title='' data-avia-related-tooltip='Compartir en LinkedIn' rel=\"noopener\"><span class='avia_hidden_link_text'>Compartir en LinkedIn<\/span><\/a><\/li><li class='av-share-link av-social-link-mail' ><a  aria-label=\"Compartir por correo\" href='mailto:?subject=Tribunal%20realiz%C3%B3%20audiencia%20en%20reclamaciones%20contra%20la%20SMA%20por%20proyecto%20%E2%80%9CFundo%20Lago%20Elizalde%E2%80%9D%20en%20Ays%C3%A9n&#038;body=https:\/\/radiorevelacionfm.cl\/?p=52425' aria-hidden='false' data-av_icon='\ue805' data-av_iconfont='entypo-fontello' title='' data-avia-related-tooltip='Compartir por correo'><span class='avia_hidden_link_text'>Compartir por correo<\/span><\/a><\/li><\/ul><\/div><\/div>\n<div  style='height:50px' class='hr hr-invisible   avia-builder-el-8  el_after_av_social_share  el_before_av_comments_list '><span class='hr-inner ' ><span class='hr-inner-style'><\/span><\/span><\/div>\n<div  class='av-buildercomment  av-blog-meta-html-info-disabled av-blog-meta-tag-disabled  '><\/div>\n","protected":false},"excerpt":{"rendered":"","protected":false},"author":1,"featured_media":52427,"comment_status":"closed","ping_status":"closed","sticky":false,"template":"","format":"standard","meta":{"footnotes":""},"categories":[39],"tags":[],"class_list":["post-52425","post","type-post","status-publish","format-standard","has-post-thumbnail","hentry","category-medio-ambiente"],"jetpack_featured_media_url":"https:\/\/radiorevelacionfm.cl\/wp-content\/uploads\/2025\/04\/lago-elizalde-1_optimized-1-1_optimized.jpg","_links":{"self":[{"href":"https:\/\/radiorevelacionfm.cl\/index.php?rest_route=\/wp\/v2\/posts\/52425","targetHints":{"allow":["GET"]}}],"collection":[{"href":"https:\/\/radiorevelacionfm.cl\/index.php?rest_route=\/wp\/v2\/posts"}],"about":[{"href":"https:\/\/radiorevelacionfm.cl\/index.php?rest_route=\/wp\/v2\/types\/post"}],"author":[{"embeddable":true,"href":"https:\/\/radiorevelacionfm.cl\/index.php?rest_route=\/wp\/v2\/users\/1"}],"replies":[{"embeddable":true,"href":"https:\/\/radiorevelacionfm.cl\/index.php?rest_route=%2Fwp%2Fv2%2Fcomments&post=52425"}],"version-history":[{"count":2,"href":"https:\/\/radiorevelacionfm.cl\/index.php?rest_route=\/wp\/v2\/posts\/52425\/revisions"}],"predecessor-version":[{"id":52590,"href":"https:\/\/radiorevelacionfm.cl\/index.php?rest_route=\/wp\/v2\/posts\/52425\/revisions\/52590"}],"wp:featuredmedia":[{"embeddable":true,"href":"https:\/\/radiorevelacionfm.cl\/index.php?rest_route=\/wp\/v2\/media\/52427"}],"wp:attachment":[{"href":"https:\/\/radiorevelacionfm.cl\/index.php?rest_route=%2Fwp%2Fv2%2Fmedia&parent=52425"}],"wp:term":[{"taxonomy":"category","embeddable":true,"href":"https:\/\/radiorevelacionfm.cl\/index.php?rest_route=%2Fwp%2Fv2%2Fcategories&post=52425"},{"taxonomy":"post_tag","embeddable":true,"href":"https:\/\/radiorevelacionfm.cl\/index.php?rest_route=%2Fwp%2Fv2%2Ftags&post=52425"}],"curies":[{"name":"wp","href":"https:\/\/api.w.org\/{rel}","templated":true}]}}