{"id":52420,"date":"2025-04-09T15:37:00","date_gmt":"2025-04-09T18:37:00","guid":{"rendered":"https:\/\/radiorevelacionfm.cl\/?p=52420"},"modified":"2025-04-09T15:37:00","modified_gmt":"2025-04-09T18:37:00","slug":"mop-realizo-5-sesion-de-la-mesa-estrategica-del-recurso-hidrico","status":"publish","type":"post","link":"https:\/\/radiorevelacionfm.cl\/?p=52420","title":{"rendered":"MOP realiz\u00f3 5\u00b0 sesi\u00f3n de la Mesa Estrat\u00e9gica del Recurso H\u00eddrico"},"content":{"rendered":"<div class=\"flex_column av_one_full  flex_column_div av-zero-column-padding first  avia-builder-el-0  el_before_av_one_full  avia-builder-el-first  \" style='border-radius:0px; '><div  class='avia-image-container  av-styling-    avia-builder-el-1  avia-builder-el-no-sibling  avia-align-center '  itemprop=\"image\" itemscope=\"itemscope\" itemtype=\"https:\/\/schema.org\/ImageObject\"  ><div class='avia-image-container-inner'><div class='avia-image-overlay-wrap'><img decoding=\"async\" class='wp-image-52421 avia-img-lazy-loading-not-52421 avia_image' src=\"https:\/\/radiorevelacionfm.cl\/wp-content\/uploads\/2025\/04\/IMG-20250408-WA0016-1-1.jpg\" alt='' title='IMG-20250408-WA0016 (1) (1)' height=\"600\" width=\"800\"  itemprop=\"thumbnailUrl\" srcset=\"https:\/\/radiorevelacionfm.cl\/wp-content\/uploads\/2025\/04\/IMG-20250408-WA0016-1-1.jpg 800w, https:\/\/radiorevelacionfm.cl\/wp-content\/uploads\/2025\/04\/IMG-20250408-WA0016-1-1-300x225.jpg 300w, https:\/\/radiorevelacionfm.cl\/wp-content\/uploads\/2025\/04\/IMG-20250408-WA0016-1-1-768x576.jpg 768w, https:\/\/radiorevelacionfm.cl\/wp-content\/uploads\/2025\/04\/IMG-20250408-WA0016-1-1-705x529.jpg 705w, https:\/\/radiorevelacionfm.cl\/wp-content\/uploads\/2025\/04\/IMG-20250408-WA0016-1-1-450x338.jpg 450w, https:\/\/radiorevelacionfm.cl\/wp-content\/uploads\/2025\/04\/IMG-20250408-WA0016-1-1-600x450.jpg 600w\" sizes=\"(max-width: 800px) 100vw, 800px\" \/><\/div><\/div><\/div><\/div><div class=\"flex_column av_one_full  flex_column_div av-zero-column-padding first  avia-builder-el-2  el_after_av_one_full  el_before_av_one_full  column-top-margin\" style='border-radius:0px; '><section class=\"av_textblock_section \"  itemscope=\"itemscope\" itemtype=\"https:\/\/schema.org\/BlogPosting\" itemprop=\"blogPost\" ><div class='avia_textblock  '   itemprop=\"text\" ><p style=\"text-align: center;\"><strong><span style=\"font-size: 18pt;\">MOP realiz\u00f3 5\u00b0 sesi\u00f3n de la Mesa Estrat\u00e9gica del Recurso H\u00eddrico<\/span><\/strong><\/p>\n<div id=\"gtx-trans\" style=\"position: absolute; left: -50px; top: 4.31534px;\">\n<div class=\"gtx-trans-icon\"><\/div>\n<\/div>\n<\/div><\/section><\/div><div class=\"flex_column av_one_full  flex_column_div av-zero-column-padding first  avia-builder-el-4  el_after_av_one_full  el_before_av_hr  column-top-margin\" style='border-radius:0px; '><section class=\"av_textblock_section \"  itemscope=\"itemscope\" itemtype=\"https:\/\/schema.org\/BlogPosting\" itemprop=\"blogPost\" ><div class='avia_textblock  '   itemprop=\"text\" ><ul>\n<li style=\"text-align: justify;\"><em>Subdirector de la direcci\u00f3n General de Aguas del MOP lider\u00f3 trabajo junto a equipo de la DGA en la regi\u00f3n de Ays\u00e9n.<\/em><\/li>\n<\/ul>\n<p style=\"text-align: justify;\">El Subdirector de la Direcci\u00f3n General de Aguas del MOP Cristian N\u00fa\u00f1ez Riveros lleg\u00f3 a la regi\u00f3n de Ays\u00e9n para liderar la quinta sesi\u00f3n de la Mesa Estrat\u00e9gica del Recurso H\u00eddrico junto a la Secretaria Regional Ministerial de Obras P\u00fablicas, Paloma Jara Vald\u00e9s, el Director de Aguas del MOP en la regi\u00f3n de Ays\u00e9n H\u00e9ctor Cort\u00e9s Gaete y todo el equipo de la Direcci\u00f3n General de Aguas del Ministerio de Obras P\u00fablicas quienes organizaron esta importante actividad en la que participaron representantes del mundo p\u00fablico como privado.<\/p>\n<p style=\"text-align: justify;\">\u201cHoy d\u00eda estamos desarrollando la quinta sesi\u00f3n de la Mesa Estrat\u00e9gica del Recurso H\u00eddrico de la Cuenca del r\u00edo Ays\u00e9n, una cuenca que priorizamos principalmente por las caracter\u00edsticas que tiene, y en donde se dan diferentes actividades productivas, constituy\u00e9ndose como un ejemplo para seguir desarrollando en el futuro los Planes Estrat\u00e9gicos de Recursos H\u00eddricos dentro del marco en el que se establecen estas mesas. La idea de estas Mesas es analizar las situaciones que se dan en el territorio a trav\u00e9s de sus actores relevantes y los Servicios P\u00fablicos colaboradores en la conformaci\u00f3n de los Planes Estrat\u00e9gicos de Recursos H\u00eddricos con el fin de que todos conozcan y tengan claridad lo que pueden y no pueden hacer dentro de una cuenca y a partir de ah\u00ed poder gestionar cambios. Agradecer a todos los y las participantes en esta sesi\u00f3n\u201d, se\u00f1al\u00f3 H\u00e9ctor Cort\u00e9s Gaete.<\/p>\n<p style=\"text-align: justify;\">Las Mesas Estrat\u00e9gicas de Recursos H\u00eddricos son instancias lideradas por la Direcci\u00f3n General de Aguas del MOP, que se constituyen en el marco de lo dispuesto en el art\u00edculo 293 bis del C\u00f3digo de Aguas, y que est\u00e1n compuestas por representantes acreditados de diversos sectores, quienes colaborar\u00e1n en las fases de desarrollo de los Planes Estrat\u00e9gicos de Recursos H\u00eddricos de Cuencas (PERHC), en este caso, de la Cuenca del R\u00edo Ays\u00e9n la que abarca Coyhaique, Ays\u00e9n y Puerto Chacabuco, y tienen como responsabilidad colaborar en las distintas fases y actividades que consideren los Planes Estrat\u00e9gicos de Recursos H\u00eddricos de esta Cuenca para identificar brechas, establecer balances, diagnosticar el estado e informaci\u00f3n e infraestructuras, promover acuerdos y compromisos entre los organismos del Estado y los actores privados para proponer acciones, prioridades y enfrentar efectos adversos asociados al cambio clim\u00e1tico sobre el recurso h\u00eddrico, as\u00ed como tambi\u00e9n realizar seguimiento y evaluaci\u00f3n a los compromisos adquiridos en el trabajo de la Mesa y colaborar en las actividades de participaci\u00f3n ciudadana requeridas durante las fases de elaboraci\u00f3n, revisi\u00f3n y actualizaci\u00f3n de los PERHC.<\/p>\n<p style=\"text-align: justify;\">Acerca de este trabajo consultamos al Subdirector General de Aguas del MOP Cristian N\u00fa\u00f1ez, oportunidad en la que expres\u00f3: \u201cDestacamos la visi\u00f3n y compromiso que hay en la Regi\u00f3n respecto de los recursos h\u00eddricos. \u00a0Hoy despu\u00e9s de 1 a\u00f1o de trabajo estamos abocados a identificar las principales problem\u00e1ticas que son las preocupaciones de los distintos Servicios P\u00fablicos, de las actividades productivas de la Regi\u00f3n, del mundo de la Academia y la ciencia, de las ONG que trabajan dentro de esta Cuenca, entre otros porque\u00a0 es muy importante que tengamos esa mirada integral. C\u00f3mo avanzar, c\u00f3mo implementamos las soluciones a estos problemas, es la etapa que viene ahora; tambi\u00e9n contamos hoy d\u00eda con una organizaci\u00f3n internacional que nos est\u00e1 apoyando en acelerar este proceso de gesti\u00f3n integrada de los recursos h\u00eddricos y ha tomado a esta Mesa dentro de las que va a considerar en una an\u00e1lisis de la experiencia de c\u00f3mo se est\u00e1n relacionando los distintos actores y c\u00f3mo nos articulamos los organismos del Estado para hacer esta gesti\u00f3n del recurso h\u00eddrico y por cierto, c\u00f3mo se van a financiar las futuras iniciativas. Aqu\u00ed es importante entender los cambios al C\u00f3digo de Aguas efectuados el a\u00f1o 2022 y la Ley marco de Cambio Clim\u00e1tico que establece ministerios responsables y encargados de realizar la gesti\u00f3n integrada de los recursos h\u00eddricos como son el Ministerio de Obras P\u00fablicas, el Ministerio de Agricultura, Ministerio de Ciencia y Tecnolog\u00eda, Canciller\u00eda y el Consejo Regional de Cambio Clim\u00e1tico que releva c\u00f3mo la regi\u00f3n va a enfrentar estos desaf\u00edos\u201d.<\/p>\n<p style=\"text-align: justify;\">La Mesa Estrat\u00e9gica de Recursos H\u00eddricos de la Cuenca del R\u00edo Ays\u00e9n considera la forma de gobernanza desde la Cuenca, donde participan todos los actores que ah\u00ed se desenvuelven para formular sus puntos de vistas, dialogar y tomar las mejores decisiones para su desarrollo, siendo un ejercicio efectivo de participaci\u00f3n, con el fin de trabajar juntos el Plan Estrat\u00e9gico de Recursos H\u00eddricos para esta Cuenca y avanzar hacia la gesti\u00f3n integrada de las aguas en un escenario de cambio clim\u00e1tico, priorizando el consumo humano en armon\u00eda con las funciones ecosist\u00e9micas y productivas.<\/p>\n<p style=\"text-align: justify;\">Para trabajar cuatro dimensiones de la seguridad h\u00eddrica, los participantes en la Mesa Estrat\u00e9gica del Recurso H\u00eddrico se reunieron en cuatro \u00e1reas de trabajo, como son consumo humano, salud y subsistencia, actividades productivas, conservaci\u00f3n y preservaci\u00f3n de los ecosistemas y resiliencia ante amenazas. Miguel Soto Mart\u00ednez presidente de la Comunidad de Aguas de Ruta la 7 camino a Villa Ortega y tambi\u00e9n Director de la Asociaci\u00f3n Gremial Ogana, particip\u00f3 en el grupo de actividades productivas, destacando que ve una Mesa Estrat\u00e9gica que va a dar sus frutos y que es necesaria. \u201cHay que cuidar el agua. Si bien es cierto no nos falta, pero va a llegar el momento en que s\u00ed puede faltar as\u00ed que va a haber que hacer un ordenamiento y sobretodo insistir en la cultura h\u00eddrica que debi\u00e9ramos tener toda la gente que hoy d\u00eda estamos habitando la Regi\u00f3n para poder atacar los distintos problemas, ya sea el turismo, la piscicultura, la ganader\u00eda y el consumo humano que es muy importante\u201d<\/p>\n<p style=\"text-align: justify;\">Otra de las asistentes a esta quinta sesi\u00f3n, fue Ver\u00f3nica Venegas Quintana, quien integra la directiva de la Corporaci\u00f3n Privada para el Desarrollo de Ays\u00e9n (CODESA), y que hoy trabaj\u00f3\u00a0 en el \u00e1rea de conservaci\u00f3n y preservaci\u00f3n de los ecosistemas dentro de la Mesa: \u201cMe parece sustancial que las organizaciones de la sociedad civil estemos presentes en estas Mesas de an\u00e1lisis y de planificaci\u00f3n de los recursos h\u00eddricos \u2013en particular de la cuenca del r\u00edo Ays\u00e9n- que es gran parte del lugar que estamos habitando y que se pueda visualizar cu\u00e1les son las problem\u00e1ticas como por ejemplo las contaminaciones mineras por relave, las pisciculturas, la extracci\u00f3n de le\u00f1a, las parcelaciones, la actividad humana y las medidas que se toman, las decisiones que se toman van afectando el equilibrio en las cuencas h\u00eddricas y c\u00f3mo esto impacta en la vida de todas aquellas personas que habitamos este hermoso territorio. Nosotros estamos presentes desde que se empez\u00f3 a trabajar en esta y otras mesas de planificaci\u00f3n y estamos planteando o poniendo el acento en las tem\u00e1ticas medio ambientales que son las m\u00e1s relevantes para nosotros y su asociaci\u00f3n con los derechos humanos y con los objetivos de desarrollo sostenible, poniendo la priorizaci\u00f3n porque a veces la pr\u00e1ctica sectorial suele al parcelar los problemas o minimizarlos se pierde un poco la mirada integral. Yo pienso que las organizaciones de la sociedad civil somos las llamadas tambi\u00e9n a dar el \u00e9nfasis en una mirada m\u00e1s amplia\u201d<\/p>\n<p style=\"text-align: justify;\">En tanto, Miguel \u00c1ngel Obanos, representante de la C\u00e1mara Chilena de la Construcci\u00f3n en Coyhaique estuvo trabajando en el \u00e1rea de resiliencia y amenazas dentro de la Mesa, agradeci\u00f3 la consideraci\u00f3n de haberlos invitado como gremio. Adem\u00e1s, agreg\u00f3: \u201cEstamos muy interesados en participar en cada una de estas Mesas y as\u00ed lo hemos hecho en las cinco intervenciones que llevamos hasta el d\u00eda de hoy, creo que se ha hecho un esfuerzo enorme por considerar a todos los actores relevantes, no solamente a los Servicios P\u00fablicos y privados, tambi\u00e9n al mundo civil. Creo que las tem\u00e1ticas est\u00e1n orient\u00e1ndose de manera adecuada y estamos ansiosos ya de poder ir viendo ya cuales son las conclusiones y finalmente el plan de trabajo que esta gran mesa deber\u00eda concluir, y esperamos que para la regi\u00f3n sea extremadamente beneficioso. El tema lo dice todo, esta es una Mesa Estrat\u00e9gica para el Recurso H\u00eddrico y adelantarnos a lo que son los cambios clim\u00e1ticos que sabemos que en otras regiones ha sido tan complicado y grave y esperamos no llegar tarde con la soluci\u00f3n\u201d<\/p>\n<p style=\"text-align: justify;\">Invitamos a la comunidad a interiorizarse en detalle acerca de las funciones y alcances de las Mesas Estrat\u00e9gicas del Recurso H\u00eddrico, en la Direcci\u00f3n de Aguas del MOP a trav\u00e9s de nuestras oficinas que se ubican en calle Riquelme 465, Block B-3\u00b0piso, de 09:00 a 14:00 horas o a trav\u00e9s de nuestra p\u00e1gina web <a href=\"http:\/\/www.dga.mop.gob.cl\">www.dga.mop.gob.cl<\/a>\u00a0 secci\u00f3n Mesas Estrat\u00e9gicas del Recurso H\u00eddrico.<\/p>\n<\/div><\/section><\/div><div  style='height:50px' class='hr hr-invisible   avia-builder-el-6  el_after_av_one_full  el_before_av_social_share '><span class='hr-inner ' ><span class='hr-inner-style'><\/span><\/span><\/div><\/p>\n<div  class='av-social-sharing-box  avia-builder-el-7  el_after_av_hr  el_before_av_hr  '><div class='av-share-box'><h5 class='av-share-link-description av-no-toc '>Compartir esta noticia<\/h5><ul class='av-share-box-list noLightbox'><li class='av-share-link av-social-link-facebook' ><a target=\"_blank\" aria-label=\"Compartir en Facebook\" href='https:\/\/www.facebook.com\/sharer.php?u=https:\/\/radiorevelacionfm.cl\/?p=52420&#038;t=MOP%20realiz%C3%B3%205%C2%B0%20sesi%C3%B3n%20de%20la%20Mesa%20Estrat%C3%A9gica%20del%20Recurso%20H%C3%ADdrico' aria-hidden='false' data-av_icon='\ue8f3' data-av_iconfont='entypo-fontello' title='' data-avia-related-tooltip='Compartir en Facebook' rel=\"noopener\"><span class='avia_hidden_link_text'>Compartir en Facebook<\/span><\/a><\/li><li class='av-share-link av-social-link-twitter' ><a target=\"_blank\" aria-label=\"Compartir en Twitter\" href='https:\/\/twitter.com\/share?text=MOP%20realiz%C3%B3%205%C2%B0%20sesi%C3%B3n%20de%20la%20Mesa%20Estrat%C3%A9gica%20del%20Recurso%20H%C3%ADdrico&#038;url=https:\/\/radiorevelacionfm.cl\/?p=52420' aria-hidden='false' data-av_icon='\ue8f1' data-av_iconfont='entypo-fontello' title='' data-avia-related-tooltip='Compartir en Twitter' rel=\"noopener\"><span class='avia_hidden_link_text'>Compartir en Twitter<\/span><\/a><\/li><li class='av-share-link av-social-link-whatsapp' ><a target=\"_blank\" aria-label=\"Compartir en Whatsapp\" href='https:\/\/api.whatsapp.com\/send?text=https:\/\/radiorevelacionfm.cl\/?p=52420' aria-hidden='false' data-av_icon='\uf232' data-av_iconfont='entypo-fontello' title='' data-avia-related-tooltip='Compartir en Whatsapp' rel=\"noopener\"><span class='avia_hidden_link_text'>Compartir en Whatsapp<\/span><\/a><\/li><li class='av-share-link av-social-link-linkedin' ><a target=\"_blank\" aria-label=\"Compartir en LinkedIn\" href='https:\/\/linkedin.com\/shareArticle?mini=true&#038;title=MOP%20realiz%C3%B3%205%C2%B0%20sesi%C3%B3n%20de%20la%20Mesa%20Estrat%C3%A9gica%20del%20Recurso%20H%C3%ADdrico&#038;url=https:\/\/radiorevelacionfm.cl\/?p=52420' aria-hidden='false' data-av_icon='\ue8fc' data-av_iconfont='entypo-fontello' title='' data-avia-related-tooltip='Compartir en LinkedIn' rel=\"noopener\"><span class='avia_hidden_link_text'>Compartir en LinkedIn<\/span><\/a><\/li><li class='av-share-link av-social-link-mail' ><a  aria-label=\"Compartir por correo\" href='mailto:?subject=MOP%20realiz%C3%B3%205%C2%B0%20sesi%C3%B3n%20de%20la%20Mesa%20Estrat%C3%A9gica%20del%20Recurso%20H%C3%ADdrico&#038;body=https:\/\/radiorevelacionfm.cl\/?p=52420' aria-hidden='false' data-av_icon='\ue805' data-av_iconfont='entypo-fontello' title='' data-avia-related-tooltip='Compartir por correo'><span class='avia_hidden_link_text'>Compartir por correo<\/span><\/a><\/li><\/ul><\/div><\/div>\n<div  style='height:50px' class='hr hr-invisible   avia-builder-el-8  el_after_av_social_share  el_before_av_comments_list '><span class='hr-inner ' ><span class='hr-inner-style'><\/span><\/span><\/div>\n<div  class='av-buildercomment  av-blog-meta-html-info-disabled av-blog-meta-tag-disabled  '><\/div>\n","protected":false},"excerpt":{"rendered":"","protected":false},"author":1,"featured_media":52421,"comment_status":"closed","ping_status":"closed","sticky":false,"template":"","format":"standard","meta":{"footnotes":""},"categories":[38],"tags":[],"class_list":["post-52420","post","type-post","status-publish","format-standard","has-post-thumbnail","hentry","category-regional"],"jetpack_featured_media_url":"https:\/\/radiorevelacionfm.cl\/wp-content\/uploads\/2025\/04\/IMG-20250408-WA0016-1-1.jpg","_links":{"self":[{"href":"https:\/\/radiorevelacionfm.cl\/index.php?rest_route=\/wp\/v2\/posts\/52420","targetHints":{"allow":["GET"]}}],"collection":[{"href":"https:\/\/radiorevelacionfm.cl\/index.php?rest_route=\/wp\/v2\/posts"}],"about":[{"href":"https:\/\/radiorevelacionfm.cl\/index.php?rest_route=\/wp\/v2\/types\/post"}],"author":[{"embeddable":true,"href":"https:\/\/radiorevelacionfm.cl\/index.php?rest_route=\/wp\/v2\/users\/1"}],"replies":[{"embeddable":true,"href":"https:\/\/radiorevelacionfm.cl\/index.php?rest_route=%2Fwp%2Fv2%2Fcomments&post=52420"}],"version-history":[{"count":2,"href":"https:\/\/radiorevelacionfm.cl\/index.php?rest_route=\/wp\/v2\/posts\/52420\/revisions"}],"predecessor-version":[{"id":52449,"href":"https:\/\/radiorevelacionfm.cl\/index.php?rest_route=\/wp\/v2\/posts\/52420\/revisions\/52449"}],"wp:featuredmedia":[{"embeddable":true,"href":"https:\/\/radiorevelacionfm.cl\/index.php?rest_route=\/wp\/v2\/media\/52421"}],"wp:attachment":[{"href":"https:\/\/radiorevelacionfm.cl\/index.php?rest_route=%2Fwp%2Fv2%2Fmedia&parent=52420"}],"wp:term":[{"taxonomy":"category","embeddable":true,"href":"https:\/\/radiorevelacionfm.cl\/index.php?rest_route=%2Fwp%2Fv2%2Fcategories&post=52420"},{"taxonomy":"post_tag","embeddable":true,"href":"https:\/\/radiorevelacionfm.cl\/index.php?rest_route=%2Fwp%2Fv2%2Ftags&post=52420"}],"curies":[{"name":"wp","href":"https:\/\/api.w.org\/{rel}","templated":true}]}}