{"id":52411,"date":"2025-04-08T19:09:12","date_gmt":"2025-04-08T22:09:12","guid":{"rendered":"https:\/\/radiorevelacionfm.cl\/?p=52411"},"modified":"2025-04-08T19:09:12","modified_gmt":"2025-04-08T22:09:12","slug":"archi-lamenta-incendio-de-radio-el-conquistador-y-envia-toda-su-solidaridad-a-sus-propietarios-y-trabajadores","status":"publish","type":"post","link":"https:\/\/radiorevelacionfm.cl\/?p=52411","title":{"rendered":"ARCHI lamenta incendio de Radio El Conquistador y env\u00eda toda su solidaridad a sus propietarios y trabajadores"},"content":{"rendered":"<div class=\"flex_column av_one_full  flex_column_div av-zero-column-padding first  avia-builder-el-0  el_before_av_one_full  avia-builder-el-first  \" style='border-radius:0px; '><div  class='avia-image-container  av-styling-    avia-builder-el-1  avia-builder-el-no-sibling  avia-align-center '  itemprop=\"image\" itemscope=\"itemscope\" itemtype=\"https:\/\/schema.org\/ImageObject\"  ><div class='avia-image-container-inner'><div class='avia-image-overlay-wrap'><img decoding=\"async\" class='wp-image-52412 avia-img-lazy-loading-not-52412 avia_image' src=\"https:\/\/radiorevelacionfm.cl\/wp-content\/uploads\/2025\/04\/Radio-El-Conquistador-1.jpg\" alt='' title='Radio El Conquistador (1)' height=\"598\" width=\"894\"  itemprop=\"thumbnailUrl\" srcset=\"https:\/\/radiorevelacionfm.cl\/wp-content\/uploads\/2025\/04\/Radio-El-Conquistador-1.jpg 894w, https:\/\/radiorevelacionfm.cl\/wp-content\/uploads\/2025\/04\/Radio-El-Conquistador-1-300x201.jpg 300w, https:\/\/radiorevelacionfm.cl\/wp-content\/uploads\/2025\/04\/Radio-El-Conquistador-1-768x514.jpg 768w, https:\/\/radiorevelacionfm.cl\/wp-content\/uploads\/2025\/04\/Radio-El-Conquistador-1-705x472.jpg 705w, https:\/\/radiorevelacionfm.cl\/wp-content\/uploads\/2025\/04\/Radio-El-Conquistador-1-450x301.jpg 450w, https:\/\/radiorevelacionfm.cl\/wp-content\/uploads\/2025\/04\/Radio-El-Conquistador-1-600x401.jpg 600w\" sizes=\"(max-width: 894px) 100vw, 894px\" \/><\/div><\/div><\/div><\/div><div class=\"flex_column av_one_full  flex_column_div av-zero-column-padding first  avia-builder-el-2  el_after_av_one_full  el_before_av_one_full  column-top-margin\" style='border-radius:0px; '><section class=\"av_textblock_section \"  itemscope=\"itemscope\" itemtype=\"https:\/\/schema.org\/BlogPosting\" itemprop=\"blogPost\" ><div class='avia_textblock  '   itemprop=\"text\" ><p style=\"text-align: center;\"><strong><span style=\"font-size: 18pt;\">ARCHI lamenta incendio de Radio El Conquistador y env\u00eda toda su solidaridad a sus propietarios y trabajadores<\/span><\/strong><\/p>\n<div id=\"gtx-trans\" style=\"position: absolute; left: -50px; top: 4.31534px;\">\n<div class=\"gtx-trans-icon\"><\/div>\n<\/div>\n<\/div><\/section><\/div><div class=\"flex_column av_one_full  flex_column_div av-zero-column-padding first  avia-builder-el-4  el_after_av_one_full  el_before_av_hr  column-top-margin\" style='border-radius:0px; '><section class=\"av_textblock_section \"  itemscope=\"itemscope\" itemtype=\"https:\/\/schema.org\/BlogPosting\" itemprop=\"blogPost\" ><div class='avia_textblock  '   itemprop=\"text\" ><p style=\"text-align: justify;\">La Asociaci\u00f3n de Radiodifusores de Chile, ARCHI, lamenta profundamente el incendio que afect\u00f3 en horas de esta madrugada las instalaciones de Radio El Conquistador, tradicional emisora de nuestro pa\u00eds perteneciente a la familia Molfino, socios fundadores de nuestra asociaci\u00f3n gremial.<\/p>\n<p style=\"text-align: justify;\">El presidente de ARCHI, Cristi\u00e1n G\u00e1lvez, se\u00f1al\u00f3 que \u00abnos enteramos de esta triste noticia a primera hora de la ma\u00f1ana y en nombre de todos los socios que componen la Asociaci\u00f3n de Radiodifusores a lo largo de todo el pa\u00eds, enviamos toda nuestra solidaridad a la familia Molfino y a todos los trabajadores, periodistas y locutores que forman parte de este prestigioso medio de comunicaci\u00f3n\u00bb.<\/p>\n<p style=\"text-align: justify;\">Agreg\u00f3 que \u00abestamos seguros que saldr\u00e1n adelante r\u00e1pido de esta situaci\u00f3n, ya que de hecho hemos constatado que contin\u00faan con sus transmisiones pese a este desafortunado evento\u00bb.<\/p>\n<p style=\"text-align: justify;\">Cabe se\u00f1alar que Radio El conquistador fue una de las primeras radios FM en ser socias de ARCHI, y que, durante algunos a\u00f1os, C\u00e9sar Molfino fue presidente de la Asociaci\u00f3n de Radiodifusores.<\/p>\n<\/div><\/section><\/div><div  style='height:50px' class='hr hr-invisible   avia-builder-el-6  el_after_av_one_full  el_before_av_social_share '><span class='hr-inner ' ><span class='hr-inner-style'><\/span><\/span><\/div><\/p>\n<div  class='av-social-sharing-box  avia-builder-el-7  el_after_av_hr  el_before_av_hr  '><div class='av-share-box'><h5 class='av-share-link-description av-no-toc '>Compartir esta noticia<\/h5><ul class='av-share-box-list noLightbox'><li class='av-share-link av-social-link-facebook' ><a target=\"_blank\" aria-label=\"Compartir en Facebook\" href='https:\/\/www.facebook.com\/sharer.php?u=https:\/\/radiorevelacionfm.cl\/?p=52411&#038;t=ARCHI%20lamenta%20incendio%20de%20Radio%20El%20Conquistador%20y%20env%C3%ADa%20toda%20su%20solidaridad%20a%20sus%20propietarios%20y%20trabajadores' aria-hidden='false' data-av_icon='\ue8f3' data-av_iconfont='entypo-fontello' title='' data-avia-related-tooltip='Compartir en Facebook' rel=\"noopener\"><span class='avia_hidden_link_text'>Compartir en Facebook<\/span><\/a><\/li><li class='av-share-link av-social-link-twitter' ><a target=\"_blank\" aria-label=\"Compartir en Twitter\" href='https:\/\/twitter.com\/share?text=ARCHI%20lamenta%20incendio%20de%20Radio%20El%20Conquistador%20y%20env%C3%ADa%20toda%20su%20solidaridad%20a%20sus%20propietarios%20y%20trabajadores&#038;url=https:\/\/radiorevelacionfm.cl\/?p=52411' aria-hidden='false' data-av_icon='\ue8f1' data-av_iconfont='entypo-fontello' title='' data-avia-related-tooltip='Compartir en Twitter' rel=\"noopener\"><span class='avia_hidden_link_text'>Compartir en Twitter<\/span><\/a><\/li><li class='av-share-link av-social-link-whatsapp' ><a target=\"_blank\" aria-label=\"Compartir en Whatsapp\" href='https:\/\/api.whatsapp.com\/send?text=https:\/\/radiorevelacionfm.cl\/?p=52411' aria-hidden='false' data-av_icon='\uf232' data-av_iconfont='entypo-fontello' title='' data-avia-related-tooltip='Compartir en Whatsapp' rel=\"noopener\"><span class='avia_hidden_link_text'>Compartir en Whatsapp<\/span><\/a><\/li><li class='av-share-link av-social-link-linkedin' ><a target=\"_blank\" aria-label=\"Compartir en LinkedIn\" href='https:\/\/linkedin.com\/shareArticle?mini=true&#038;title=ARCHI%20lamenta%20incendio%20de%20Radio%20El%20Conquistador%20y%20env%C3%ADa%20toda%20su%20solidaridad%20a%20sus%20propietarios%20y%20trabajadores&#038;url=https:\/\/radiorevelacionfm.cl\/?p=52411' aria-hidden='false' data-av_icon='\ue8fc' data-av_iconfont='entypo-fontello' title='' data-avia-related-tooltip='Compartir en LinkedIn' rel=\"noopener\"><span class='avia_hidden_link_text'>Compartir en LinkedIn<\/span><\/a><\/li><li class='av-share-link av-social-link-mail' ><a  aria-label=\"Compartir por correo\" href='mailto:?subject=ARCHI%20lamenta%20incendio%20de%20Radio%20El%20Conquistador%20y%20env%C3%ADa%20toda%20su%20solidaridad%20a%20sus%20propietarios%20y%20trabajadores&#038;body=https:\/\/radiorevelacionfm.cl\/?p=52411' aria-hidden='false' data-av_icon='\ue805' data-av_iconfont='entypo-fontello' title='' data-avia-related-tooltip='Compartir por correo'><span class='avia_hidden_link_text'>Compartir por correo<\/span><\/a><\/li><\/ul><\/div><\/div>\n<div  style='height:50px' class='hr hr-invisible   avia-builder-el-8  el_after_av_social_share  el_before_av_comments_list '><span class='hr-inner ' ><span class='hr-inner-style'><\/span><\/span><\/div>\n<div  class='av-buildercomment  av-blog-meta-html-info-disabled av-blog-meta-tag-disabled  '><\/div>\n","protected":false},"excerpt":{"rendered":"","protected":false},"author":1,"featured_media":52412,"comment_status":"closed","ping_status":"closed","sticky":false,"template":"","format":"standard","meta":{"footnotes":""},"categories":[61],"tags":[],"class_list":["post-52411","post","type-post","status-publish","format-standard","has-post-thumbnail","hentry","category-nacional"],"jetpack_featured_media_url":"https:\/\/radiorevelacionfm.cl\/wp-content\/uploads\/2025\/04\/Radio-El-Conquistador-1.jpg","_links":{"self":[{"href":"https:\/\/radiorevelacionfm.cl\/index.php?rest_route=\/wp\/v2\/posts\/52411","targetHints":{"allow":["GET"]}}],"collection":[{"href":"https:\/\/radiorevelacionfm.cl\/index.php?rest_route=\/wp\/v2\/posts"}],"about":[{"href":"https:\/\/radiorevelacionfm.cl\/index.php?rest_route=\/wp\/v2\/types\/post"}],"author":[{"embeddable":true,"href":"https:\/\/radiorevelacionfm.cl\/index.php?rest_route=\/wp\/v2\/users\/1"}],"replies":[{"embeddable":true,"href":"https:\/\/radiorevelacionfm.cl\/index.php?rest_route=%2Fwp%2Fv2%2Fcomments&post=52411"}],"version-history":[{"count":2,"href":"https:\/\/radiorevelacionfm.cl\/index.php?rest_route=\/wp\/v2\/posts\/52411\/revisions"}],"predecessor-version":[{"id":52415,"href":"https:\/\/radiorevelacionfm.cl\/index.php?rest_route=\/wp\/v2\/posts\/52411\/revisions\/52415"}],"wp:featuredmedia":[{"embeddable":true,"href":"https:\/\/radiorevelacionfm.cl\/index.php?rest_route=\/wp\/v2\/media\/52412"}],"wp:attachment":[{"href":"https:\/\/radiorevelacionfm.cl\/index.php?rest_route=%2Fwp%2Fv2%2Fmedia&parent=52411"}],"wp:term":[{"taxonomy":"category","embeddable":true,"href":"https:\/\/radiorevelacionfm.cl\/index.php?rest_route=%2Fwp%2Fv2%2Fcategories&post=52411"},{"taxonomy":"post_tag","embeddable":true,"href":"https:\/\/radiorevelacionfm.cl\/index.php?rest_route=%2Fwp%2Fv2%2Ftags&post=52411"}],"curies":[{"name":"wp","href":"https:\/\/api.w.org\/{rel}","templated":true}]}}