{"id":52408,"date":"2025-04-09T16:09:14","date_gmt":"2025-04-09T19:09:14","guid":{"rendered":"https:\/\/radiorevelacionfm.cl\/?p=52408"},"modified":"2025-04-09T16:09:14","modified_gmt":"2025-04-09T19:09:14","slug":"concejal-vera-exige-explicaciones-al-alcalde-de-coyhaique-tras-fallo-que-ordena-retirar-barras-de-seguridad","status":"publish","type":"post","link":"https:\/\/radiorevelacionfm.cl\/?p=52408","title":{"rendered":"Concejal Vera exige explicaciones al alcalde de Coyhaique tras fallo que ordena retirar barras de seguridad"},"content":{"rendered":"<div class=\"flex_column av_one_full  flex_column_div av-zero-column-padding first  avia-builder-el-0  el_before_av_one_full  avia-builder-el-first  \" style='border-radius:0px; '><div  class='avia-image-container  av-styling-    avia-builder-el-1  avia-builder-el-no-sibling  avia-align-center '  itemprop=\"image\" itemscope=\"itemscope\" itemtype=\"https:\/\/schema.org\/ImageObject\"  ><div class='avia-image-container-inner'><div class='avia-image-overlay-wrap'><img decoding=\"async\" class='wp-image-52409 avia-img-lazy-loading-not-52409 avia_image' src=\"https:\/\/radiorevelacionfm.cl\/wp-content\/uploads\/2025\/04\/img-referencial-1_optimized.jpeg\" alt='' title='img-referencial-(1)_optimized' height=\"600\" width=\"800\"  itemprop=\"thumbnailUrl\" srcset=\"https:\/\/radiorevelacionfm.cl\/wp-content\/uploads\/2025\/04\/img-referencial-1_optimized.jpeg 800w, https:\/\/radiorevelacionfm.cl\/wp-content\/uploads\/2025\/04\/img-referencial-1_optimized-300x225.jpeg 300w, https:\/\/radiorevelacionfm.cl\/wp-content\/uploads\/2025\/04\/img-referencial-1_optimized-768x576.jpeg 768w, https:\/\/radiorevelacionfm.cl\/wp-content\/uploads\/2025\/04\/img-referencial-1_optimized-705x529.jpeg 705w, https:\/\/radiorevelacionfm.cl\/wp-content\/uploads\/2025\/04\/img-referencial-1_optimized-450x338.jpeg 450w, https:\/\/radiorevelacionfm.cl\/wp-content\/uploads\/2025\/04\/img-referencial-1_optimized-600x450.jpeg 600w\" sizes=\"(max-width: 800px) 100vw, 800px\" \/><\/div><\/div><\/div><\/div><div class=\"flex_column av_one_full  flex_column_div av-zero-column-padding first  avia-builder-el-2  el_after_av_one_full  el_before_av_one_full  column-top-margin\" style='border-radius:0px; '><section class=\"av_textblock_section \"  itemscope=\"itemscope\" itemtype=\"https:\/\/schema.org\/BlogPosting\" itemprop=\"blogPost\" ><div class='avia_textblock  '   itemprop=\"text\" ><p style=\"text-align: center;\"><strong><span style=\"font-size: 18pt;\">Concejal Vera exige explicaciones al alcalde de Coyhaique tras fallo que ordena retirar barras de seguridad<\/span><\/strong><\/p>\n<div id=\"gtx-trans\" style=\"position: absolute; left: -50px; top: 4.31534px;\">\n<div class=\"gtx-trans-icon\"><\/div>\n<\/div>\n<\/div><\/section><\/div><div class=\"flex_column av_one_full  flex_column_div av-zero-column-padding first  avia-builder-el-4  el_after_av_one_full  el_before_av_hr  column-top-margin\" style='border-radius:0px; '><section class=\"av_textblock_section \"  itemscope=\"itemscope\" itemtype=\"https:\/\/schema.org\/BlogPosting\" itemprop=\"blogPost\" ><div class='avia_textblock  '   itemprop=\"text\" ><p dir=\"ltr\" style=\"text-align: justify;\">El Concejal Sebasti\u00e1n Vera se ha pronunciado tras el fallo un\u00e1nime de la Corte de Apelaciones de Coyhaique, que orden\u00f3 la remoci\u00f3n inmediata de las barras de seguridad instaladas en la intersecci\u00f3n de las calles Col\u00f3n y Lautaro. La Corte determin\u00f3 que el Municipio de Coyhaique no present\u00f3 una justificaci\u00f3n t\u00e9cnica ni legal adecuada para la instalaci\u00f3n de estas estructuras, que afectan la calzada vehicular y el flujo normal del tr\u00e1nsito en la ciudad.<\/p>\n<p dir=\"ltr\" style=\"text-align: justify;\">El fallo surge despu\u00e9s de que un vecino, propietario del reconocido local \u00abPromar\u00bb en la intersecci\u00f3n de Lautaro con Col\u00f3n, interpusiera un recurso de protecci\u00f3n. Este vecino argument\u00f3 que las barras de seguridad reduc\u00edan la calzada y alteraban el tr\u00e1nsito de manera innecesaria. En su decisi\u00f3n, la Corte inst\u00f3 al municipio a devolver el eje izquierdo de la calzada a su estado original y retirar las estructuras de manera inmediata.<\/p>\n<p dir=\"ltr\" style=\"text-align: justify;\">El Concejal Vera, quien ha estado fiscalizando el proyecto desde febrero, expres\u00f3 su preocupaci\u00f3n por las implicaciones que este fallo pueda tener en otros puntos de la ciudad. En varias ocasiones, durante las sesiones del Concejo Municipal, Vera solicit\u00f3 la presencia del SEREMI de Transporte y Telecomunicaciones para que nos presente el titulado \u00abAn\u00e1lisis de Puntos Congestionados en las Comunas de Ays\u00e9n y Coyhaique\u00bb (2022). Este informe, realizado en pleno contexto de pandemia, resulta clave para entender el impacto de las medidas de seguridad en el tr\u00e1fico local.<\/p>\n<p dir=\"ltr\" style=\"text-align: justify;\">\u00abEste fallo genera muchas dudas sobre la legalidad y el sustento t\u00e9cnico de todo el proyecto\u00bb, se\u00f1al\u00f3 Vera. \u00abSi otros vecinos presentan recursos similares en otras intersecciones, \u00bftendremos que retirar todas las estructuras? Esto podr\u00eda convertirse en un precedente problem\u00e1tico para la ciudad\u00bb, a\u00f1adi\u00f3.<\/p>\n<p dir=\"ltr\" style=\"text-align: justify;\">El concejal tambi\u00e9n alert\u00f3 sobre el posible riesgo de que la falta de justificaci\u00f3n t\u00e9cnica adecuada para el proyecto pueda derivar en situaciones de inseguridad vial y aumentar los accidentes de tr\u00e1nsito en la ciudad. \u00abEs preocupante que un proyecto de esta magnitud no cuente con los estudios y justificaciones necesarias. Esto podr\u00eda poner en riesgo la seguridad de nuestros vecinos\u00bb, advirti\u00f3.<\/p>\n<p dir=\"ltr\" style=\"text-align: justify;\">Vera tambi\u00e9n cuestion\u00f3 el elevado costo que ha generado la implementaci\u00f3n de las barras de seguridad y los posibles gastos adicionales de la remoci\u00f3n. \u00abEste proyecto no ha sido bien ejecutado y ahora enfrentamos incertidumbres econ\u00f3micas y de seguridad. Necesitamos una explicaci\u00f3n clara sobre c\u00f3mo se resolver\u00e1 esta situaci\u00f3n\u00bb, concluy\u00f3.<\/p>\n<p dir=\"ltr\" style=\"text-align: justify;\">Finalmente, el Concejal Sebasti\u00e1n Vera emplaz\u00f3 al alcalde Carlos Gatica para que entregue a la comunidad una explicaci\u00f3n detallada sobre el pasado, presente y futuro del proyecto de los hitos verticales. \u00abEs hora de que las autoridades informen de manera transparente sobre los fundamentos de esta medida y las consecuencias que este fallo podr\u00eda tener para la seguridad y el tr\u00e1nsito de nuestra ciudad\u00bb, concluy\u00f3 Vera.<\/p>\n<\/div><\/section><\/div><div  style='height:50px' class='hr hr-invisible   avia-builder-el-6  el_after_av_one_full  el_before_av_social_share '><span class='hr-inner ' ><span class='hr-inner-style'><\/span><\/span><\/div><\/p>\n<div  class='av-social-sharing-box  avia-builder-el-7  el_after_av_hr  el_before_av_hr  '><div class='av-share-box'><h5 class='av-share-link-description av-no-toc '>Compartir esta noticia<\/h5><ul class='av-share-box-list noLightbox'><li class='av-share-link av-social-link-facebook' ><a target=\"_blank\" aria-label=\"Compartir en Facebook\" href='https:\/\/www.facebook.com\/sharer.php?u=https:\/\/radiorevelacionfm.cl\/?p=52408&#038;t=Concejal%20Vera%20exige%20explicaciones%20al%20alcalde%20de%20Coyhaique%20tras%20fallo%20que%20ordena%20retirar%20barras%20de%20seguridad' aria-hidden='false' data-av_icon='\ue8f3' data-av_iconfont='entypo-fontello' title='' data-avia-related-tooltip='Compartir en Facebook' rel=\"noopener\"><span class='avia_hidden_link_text'>Compartir en Facebook<\/span><\/a><\/li><li class='av-share-link av-social-link-twitter' ><a target=\"_blank\" aria-label=\"Compartir en Twitter\" href='https:\/\/twitter.com\/share?text=Concejal%20Vera%20exige%20explicaciones%20al%20alcalde%20de%20Coyhaique%20tras%20fallo%20que%20ordena%20retirar%20barras%20de%20seguridad&#038;url=https:\/\/radiorevelacionfm.cl\/?p=52408' aria-hidden='false' data-av_icon='\ue8f1' data-av_iconfont='entypo-fontello' title='' data-avia-related-tooltip='Compartir en Twitter' rel=\"noopener\"><span class='avia_hidden_link_text'>Compartir en Twitter<\/span><\/a><\/li><li class='av-share-link av-social-link-whatsapp' ><a target=\"_blank\" aria-label=\"Compartir en Whatsapp\" href='https:\/\/api.whatsapp.com\/send?text=https:\/\/radiorevelacionfm.cl\/?p=52408' aria-hidden='false' data-av_icon='\uf232' data-av_iconfont='entypo-fontello' title='' data-avia-related-tooltip='Compartir en Whatsapp' rel=\"noopener\"><span class='avia_hidden_link_text'>Compartir en Whatsapp<\/span><\/a><\/li><li class='av-share-link av-social-link-linkedin' ><a target=\"_blank\" aria-label=\"Compartir en LinkedIn\" href='https:\/\/linkedin.com\/shareArticle?mini=true&#038;title=Concejal%20Vera%20exige%20explicaciones%20al%20alcalde%20de%20Coyhaique%20tras%20fallo%20que%20ordena%20retirar%20barras%20de%20seguridad&#038;url=https:\/\/radiorevelacionfm.cl\/?p=52408' aria-hidden='false' data-av_icon='\ue8fc' data-av_iconfont='entypo-fontello' title='' data-avia-related-tooltip='Compartir en LinkedIn' rel=\"noopener\"><span class='avia_hidden_link_text'>Compartir en LinkedIn<\/span><\/a><\/li><li class='av-share-link av-social-link-mail' ><a  aria-label=\"Compartir por correo\" href='mailto:?subject=Concejal%20Vera%20exige%20explicaciones%20al%20alcalde%20de%20Coyhaique%20tras%20fallo%20que%20ordena%20retirar%20barras%20de%20seguridad&#038;body=https:\/\/radiorevelacionfm.cl\/?p=52408' aria-hidden='false' data-av_icon='\ue805' data-av_iconfont='entypo-fontello' title='' data-avia-related-tooltip='Compartir por correo'><span class='avia_hidden_link_text'>Compartir por correo<\/span><\/a><\/li><\/ul><\/div><\/div>\n<div  style='height:50px' class='hr hr-invisible   avia-builder-el-8  el_after_av_social_share  el_before_av_comments_list '><span class='hr-inner ' ><span class='hr-inner-style'><\/span><\/span><\/div>\n<div  class='av-buildercomment  av-blog-meta-html-info-disabled av-blog-meta-tag-disabled  '><\/div>\n","protected":false},"excerpt":{"rendered":"","protected":false},"author":1,"featured_media":52409,"comment_status":"closed","ping_status":"closed","sticky":false,"template":"","format":"standard","meta":{"footnotes":""},"categories":[35],"tags":[],"class_list":["post-52408","post","type-post","status-publish","format-standard","has-post-thumbnail","hentry","category-politica"],"jetpack_featured_media_url":"https:\/\/radiorevelacionfm.cl\/wp-content\/uploads\/2025\/04\/img-referencial-1_optimized.jpeg","_links":{"self":[{"href":"https:\/\/radiorevelacionfm.cl\/index.php?rest_route=\/wp\/v2\/posts\/52408","targetHints":{"allow":["GET"]}}],"collection":[{"href":"https:\/\/radiorevelacionfm.cl\/index.php?rest_route=\/wp\/v2\/posts"}],"about":[{"href":"https:\/\/radiorevelacionfm.cl\/index.php?rest_route=\/wp\/v2\/types\/post"}],"author":[{"embeddable":true,"href":"https:\/\/radiorevelacionfm.cl\/index.php?rest_route=\/wp\/v2\/users\/1"}],"replies":[{"embeddable":true,"href":"https:\/\/radiorevelacionfm.cl\/index.php?rest_route=%2Fwp%2Fv2%2Fcomments&post=52408"}],"version-history":[{"count":2,"href":"https:\/\/radiorevelacionfm.cl\/index.php?rest_route=\/wp\/v2\/posts\/52408\/revisions"}],"predecessor-version":[{"id":52453,"href":"https:\/\/radiorevelacionfm.cl\/index.php?rest_route=\/wp\/v2\/posts\/52408\/revisions\/52453"}],"wp:featuredmedia":[{"embeddable":true,"href":"https:\/\/radiorevelacionfm.cl\/index.php?rest_route=\/wp\/v2\/media\/52409"}],"wp:attachment":[{"href":"https:\/\/radiorevelacionfm.cl\/index.php?rest_route=%2Fwp%2Fv2%2Fmedia&parent=52408"}],"wp:term":[{"taxonomy":"category","embeddable":true,"href":"https:\/\/radiorevelacionfm.cl\/index.php?rest_route=%2Fwp%2Fv2%2Fcategories&post=52408"},{"taxonomy":"post_tag","embeddable":true,"href":"https:\/\/radiorevelacionfm.cl\/index.php?rest_route=%2Fwp%2Fv2%2Ftags&post=52408"}],"curies":[{"name":"wp","href":"https:\/\/api.w.org\/{rel}","templated":true}]}}