{"id":52406,"date":"2025-04-08T20:17:59","date_gmt":"2025-04-08T23:17:59","guid":{"rendered":"https:\/\/radiorevelacionfm.cl\/?p=52406"},"modified":"2025-04-08T20:17:59","modified_gmt":"2025-04-08T23:17:59","slug":"corte-declara-admisible-querella-de-capitulos-contra-fiscal-regional-de-aysen-carlos-palma","status":"publish","type":"post","link":"https:\/\/radiorevelacionfm.cl\/?p=52406","title":{"rendered":"Corte declara admisible querella de cap\u00edtulos contra Fiscal Regional de Ays\u00e9n, Carlos Palma"},"content":{"rendered":"<div class=\"flex_column av_one_full  flex_column_div av-zero-column-padding first  avia-builder-el-0  el_before_av_one_full  avia-builder-el-first  \" style='border-radius:0px; '><div  class='avia-image-container  av-styling-    avia-builder-el-1  avia-builder-el-no-sibling  avia-align-center '  itemprop=\"image\" itemscope=\"itemscope\" itemtype=\"https:\/\/schema.org\/ImageObject\"  ><div class='avia-image-container-inner'><div class='avia-image-overlay-wrap'><img decoding=\"async\" class='wp-image-52164 avia-img-lazy-loading-not-52164 avia_image' src=\"https:\/\/radiorevelacionfm.cl\/wp-content\/uploads\/2025\/04\/foto-6-13-1_optimized.jpg\" alt='' title='foto-6-(13)-(1)_optimized' height=\"600\" width=\"900\"  itemprop=\"thumbnailUrl\" srcset=\"https:\/\/radiorevelacionfm.cl\/wp-content\/uploads\/2025\/04\/foto-6-13-1_optimized.jpg 900w, https:\/\/radiorevelacionfm.cl\/wp-content\/uploads\/2025\/04\/foto-6-13-1_optimized-300x200.jpg 300w, https:\/\/radiorevelacionfm.cl\/wp-content\/uploads\/2025\/04\/foto-6-13-1_optimized-768x512.jpg 768w, https:\/\/radiorevelacionfm.cl\/wp-content\/uploads\/2025\/04\/foto-6-13-1_optimized-705x470.jpg 705w, https:\/\/radiorevelacionfm.cl\/wp-content\/uploads\/2025\/04\/foto-6-13-1_optimized-450x300.jpg 450w, https:\/\/radiorevelacionfm.cl\/wp-content\/uploads\/2025\/04\/foto-6-13-1_optimized-600x400.jpg 600w\" sizes=\"(max-width: 900px) 100vw, 900px\" \/><\/div><\/div><\/div><\/div><div class=\"flex_column av_one_full  flex_column_div av-zero-column-padding first  avia-builder-el-2  el_after_av_one_full  el_before_av_one_full  column-top-margin\" style='border-radius:0px; '><section class=\"av_textblock_section \"  itemscope=\"itemscope\" itemtype=\"https:\/\/schema.org\/BlogPosting\" itemprop=\"blogPost\" ><div class='avia_textblock  '   itemprop=\"text\" ><p style=\"text-align: center;\"><strong><span style=\"font-size: 18pt;\">Corte declara admisible querella de cap\u00edtulos contra Fiscal Regional de Ays\u00e9n, Carlos Palma<\/span><\/strong><\/p>\n<div id=\"gtx-trans\" style=\"position: absolute; left: -50px; top: 4.31534px;\">\n<div class=\"gtx-trans-icon\"><\/div>\n<\/div>\n<\/div><\/section><\/div><\/p>\n<div class=\"flex_column av_one_full  flex_column_div av-zero-column-padding first  avia-builder-el-4  el_after_av_one_full  el_before_av_hr  column-top-margin\" style='border-radius:0px; '><section class=\"av_textblock_section \"  itemscope=\"itemscope\" itemtype=\"https:\/\/schema.org\/BlogPosting\" itemprop=\"blogPost\" ><div class='avia_textblock  '   itemprop=\"text\" ><p class=\"v1MsoNormal\" style=\"text-align: justify;\">La Corte de Apelaciones de Coyhaique declar\u00f3 admisible la querella de cap\u00edtulos presentada por el Ministerio P\u00fablico en contra del fiscal regional de Ays\u00e9n, Carlos Alberto Palma Guerra, por cap\u00edtulo infraccional, quedando suspendido de sus funciones.<\/p>\n<p class=\"v1MsoNormal\" style=\"text-align: justify;\">En el fallo (causa rol 68-2025), la Sala \u00danica del tribunal de alzada \u2013integrada por los ministros Pedro Castro Espinoza, Luis Aedo Mora y Natalia Rencoret Oliva\u2013 consider\u00f3 que el hecho que amerit\u00f3 este antejuicio tiene fundamento para declarar su admisibilidad.<\/p>\n<p class=\"v1MsoNormal\" style=\"text-align: justify;\">El fallo sostiene que: \u00aben lo tocante a las defensas opuestas en contra del fondo de la querella de cap\u00edtulos. En primer lugar, en cuanto se refiri\u00f3 que resulta desproporcionada la persecuci\u00f3n penal de los hechos denunciados, y se afecta el principio \u00abnon bis in \u00eddem\u00bb, en cuanto est\u00e1 en curso un procedimiento disciplinario interno ante el Ministerio P\u00fablico que persigue la responsabilidad administrativa del capitulado, por el cual ya se encuentra suspendido en el cargo hace m\u00e1s de seis meses, esta Corte estima que, en torno a los planos expuestos, se hace alusi\u00f3n a diferentes tipos de responsabilidad a que est\u00e1 sujeto un agente p\u00fablico como el capitulado, frente a un hecho dotado de diversas repercusiones en el orden jur\u00eddico, no siendo excluyentes entre s\u00ed, pudiendo dilucidarse por cuerdas separadas, como se pretende hacer por el ente persecutor, el que, adem\u00e1s, es el superior jer\u00e1rquico del querellado. M\u00e1xime si, la propia defensa refiri\u00f3 que dicho procedimiento disciplinario se encuentra en curso, con diligencias pendientes, sin que se haya arribado a una decisi\u00f3n final, no existiendo a la fecha sanci\u00f3n de ning\u00fan tipo respecto de los hechos que aqu\u00ed se conocen\u00bb.<\/p>\n<p class=\"v1MsoNormal\" style=\"text-align: justify;\">Agrega la resoluci\u00f3n que: \u00abEn segundo lugar, en relaci\u00f3n a que la conducta desplegada por el capitulado no es constitutiva de crimen o simple delito alguno, tal como se apunt\u00f3 en el considerando D\u00e9cimo Tercero, los hechos que se conocen resultan plausibles de ser subsumidos, a lo menos, en alguna de las figuras delictuales que invoca la querella de cap\u00edtulos, teniendo en consideraci\u00f3n que la querellante, en estrados, hizo hincapi\u00e9 en que no comparte la interpretaci\u00f3n que la defensa p\u00fablica otorga al inciso primero del art\u00edculo 38, de la Ley 20.000, distinguiendo que en este caso habr\u00eda que dilucidar primeramente si se estaba o no ante una causa preliminar, en tanto la Fiscal Regional de Los Lagos, abog\u00f3 por qu\u00e9 no se trata de la reserva especial que debe solicitarse respecto de los intervinientes de la causa, sino que debe estarse a lo dispuesto en la primera parte del inciso primero de dicha norma, que refiere que la investigaci\u00f3n de los delitos contenidos en la Ley 20.000, ser\u00e1 siempre secreta para los terceros ajenos al procedimiento, situaci\u00f3n en la que se encontraba el abogado Hermosilla Osorio, sin que el Legislador haya realizado alguna otra diferenciaci\u00f3n en esa parte de la disposici\u00f3n legal\u00bb.<\/p>\n<p class=\"v1MsoNormal\" style=\"text-align: justify;\">\u00abPor \u00faltimo -prosigue la resoluci\u00f3n- ante el argumento ligado a que no se habr\u00eda causado perjuicio en la causa penal por el delito de tr\u00e1ficos de drogas, cabe destacar que el il\u00edcito de revelaci\u00f3n de secreto se sit\u00faa como uno de mera actividad, entendido como el que se consuma con la sola realizaci\u00f3n de la acci\u00f3n, sin que sea necesario que se produzca un resultado, por lo que no debiese ser una consideraci\u00f3n apreciable a nivel del tipo penal objeto de la querella de cap\u00edtulos, oportuna de realizar en esta instancia previa al juicio oral propiamente tal\u00bb.<\/p>\n<p class=\"v1MsoNormal\" style=\"text-align: justify;\">En consecuencia \u00ab&#8230;debido a que las defensas esgrimidas no logran desvirtuar lo que se viene razonando por esta Corte y no obstante lo ya se\u00f1alado en los\u00a0 motivos precedentes, conviene tener presente, nuevamente, que la decisi\u00f3n que se adoptar\u00e1 en lo resolutivo, en ning\u00fan caso dice relaci\u00f3n con una cabal constataci\u00f3n de los il\u00edcitos que constituyen la infracci\u00f3n esgrimida en la querella de cap\u00edtulos, ni de la irrefutable participaci\u00f3n del capitulado en \u00e9stos, sino s\u00f3lo que alcanzan m\u00e9rito bastante para considerar que los hechos por los cuales se busca procesar al mencionado Fiscal Regional de estos autos, no son acusaciones ligeras ni sin fundamentos, sino m\u00e1s bien se cuenta con evidencias serias sobre la infracci\u00f3n que amerit\u00f3 este antejuicio y que, en caso alguno, lesionan la presunci\u00f3n de inocencia de la que es portador y que le asiste conforme a derecho\u00bb.<\/p>\n<p class=\"v1MsoNormal\" style=\"text-align: justify;\">Por tanto, \u00abse declara\u00a0<b>ADMISIBLE<\/b>\u00a0la querella de cap\u00edtulos interpuesta por la Fiscal Regional de Los Lagos, Carmen Gloria Wittwer Opitz, en contra del Fiscal Regional de Ays\u00e9n, Carlos Alberto Palma Guerra, quedando \u00e9ste suspendido de sus funciones, por esta causa, una vez ejecutoriada que sea la presente sentencia\u00bb.<\/p>\n<\/div><\/section><\/div>\n<div  style='height:50px' class='hr hr-invisible   avia-builder-el-6  el_after_av_one_full  el_before_av_social_share '><span class='hr-inner ' ><span class='hr-inner-style'><\/span><\/span><\/div>\n<div  class='av-social-sharing-box  avia-builder-el-7  el_after_av_hr  el_before_av_hr  '><div class='av-share-box'><h5 class='av-share-link-description av-no-toc '>Compartir esta noticia<\/h5><ul class='av-share-box-list noLightbox'><li class='av-share-link av-social-link-facebook' ><a target=\"_blank\" aria-label=\"Compartir en Facebook\" href='https:\/\/www.facebook.com\/sharer.php?u=https:\/\/radiorevelacionfm.cl\/?p=52406&#038;t=Corte%20declara%20admisible%20querella%20de%20cap%C3%ADtulos%20contra%20Fiscal%20Regional%20de%20Ays%C3%A9n%2C%20Carlos%20Palma' aria-hidden='false' data-av_icon='\ue8f3' data-av_iconfont='entypo-fontello' title='' data-avia-related-tooltip='Compartir en Facebook' rel=\"noopener\"><span class='avia_hidden_link_text'>Compartir en Facebook<\/span><\/a><\/li><li class='av-share-link av-social-link-twitter' ><a target=\"_blank\" aria-label=\"Compartir en Twitter\" href='https:\/\/twitter.com\/share?text=Corte%20declara%20admisible%20querella%20de%20cap%C3%ADtulos%20contra%20Fiscal%20Regional%20de%20Ays%C3%A9n%2C%20Carlos%20Palma&#038;url=https:\/\/radiorevelacionfm.cl\/?p=52406' aria-hidden='false' data-av_icon='\ue8f1' data-av_iconfont='entypo-fontello' title='' data-avia-related-tooltip='Compartir en Twitter' rel=\"noopener\"><span class='avia_hidden_link_text'>Compartir en Twitter<\/span><\/a><\/li><li class='av-share-link av-social-link-whatsapp' ><a target=\"_blank\" aria-label=\"Compartir en Whatsapp\" href='https:\/\/api.whatsapp.com\/send?text=https:\/\/radiorevelacionfm.cl\/?p=52406' aria-hidden='false' data-av_icon='\uf232' data-av_iconfont='entypo-fontello' title='' data-avia-related-tooltip='Compartir en Whatsapp' rel=\"noopener\"><span class='avia_hidden_link_text'>Compartir en Whatsapp<\/span><\/a><\/li><li class='av-share-link av-social-link-linkedin' ><a target=\"_blank\" aria-label=\"Compartir en LinkedIn\" href='https:\/\/linkedin.com\/shareArticle?mini=true&#038;title=Corte%20declara%20admisible%20querella%20de%20cap%C3%ADtulos%20contra%20Fiscal%20Regional%20de%20Ays%C3%A9n%2C%20Carlos%20Palma&#038;url=https:\/\/radiorevelacionfm.cl\/?p=52406' aria-hidden='false' data-av_icon='\ue8fc' data-av_iconfont='entypo-fontello' title='' data-avia-related-tooltip='Compartir en LinkedIn' rel=\"noopener\"><span class='avia_hidden_link_text'>Compartir en LinkedIn<\/span><\/a><\/li><li class='av-share-link av-social-link-mail' ><a  aria-label=\"Compartir por correo\" href='mailto:?subject=Corte%20declara%20admisible%20querella%20de%20cap%C3%ADtulos%20contra%20Fiscal%20Regional%20de%20Ays%C3%A9n%2C%20Carlos%20Palma&#038;body=https:\/\/radiorevelacionfm.cl\/?p=52406' aria-hidden='false' data-av_icon='\ue805' data-av_iconfont='entypo-fontello' title='' data-avia-related-tooltip='Compartir por correo'><span class='avia_hidden_link_text'>Compartir por correo<\/span><\/a><\/li><\/ul><\/div><\/div>\n<div  style='height:50px' class='hr hr-invisible   avia-builder-el-8  el_after_av_social_share  el_before_av_comments_list '><span class='hr-inner ' ><span class='hr-inner-style'><\/span><\/span><\/div>\n<div  class='av-buildercomment  av-blog-meta-html-info-disabled av-blog-meta-tag-disabled  '><\/div>\n","protected":false},"excerpt":{"rendered":"","protected":false},"author":1,"featured_media":52164,"comment_status":"closed","ping_status":"closed","sticky":false,"template":"","format":"standard","meta":{"footnotes":""},"categories":[55],"tags":[],"class_list":["post-52406","post","type-post","status-publish","format-standard","has-post-thumbnail","hentry","category-justicia"],"jetpack_featured_media_url":"https:\/\/radiorevelacionfm.cl\/wp-content\/uploads\/2025\/04\/foto-6-13-1_optimized.jpg","_links":{"self":[{"href":"https:\/\/radiorevelacionfm.cl\/index.php?rest_route=\/wp\/v2\/posts\/52406","targetHints":{"allow":["GET"]}}],"collection":[{"href":"https:\/\/radiorevelacionfm.cl\/index.php?rest_route=\/wp\/v2\/posts"}],"about":[{"href":"https:\/\/radiorevelacionfm.cl\/index.php?rest_route=\/wp\/v2\/types\/post"}],"author":[{"embeddable":true,"href":"https:\/\/radiorevelacionfm.cl\/index.php?rest_route=\/wp\/v2\/users\/1"}],"replies":[{"embeddable":true,"href":"https:\/\/radiorevelacionfm.cl\/index.php?rest_route=%2Fwp%2Fv2%2Fcomments&post=52406"}],"version-history":[{"count":3,"href":"https:\/\/radiorevelacionfm.cl\/index.php?rest_route=\/wp\/v2\/posts\/52406\/revisions"}],"predecessor-version":[{"id":52417,"href":"https:\/\/radiorevelacionfm.cl\/index.php?rest_route=\/wp\/v2\/posts\/52406\/revisions\/52417"}],"wp:featuredmedia":[{"embeddable":true,"href":"https:\/\/radiorevelacionfm.cl\/index.php?rest_route=\/wp\/v2\/media\/52164"}],"wp:attachment":[{"href":"https:\/\/radiorevelacionfm.cl\/index.php?rest_route=%2Fwp%2Fv2%2Fmedia&parent=52406"}],"wp:term":[{"taxonomy":"category","embeddable":true,"href":"https:\/\/radiorevelacionfm.cl\/index.php?rest_route=%2Fwp%2Fv2%2Fcategories&post=52406"},{"taxonomy":"post_tag","embeddable":true,"href":"https:\/\/radiorevelacionfm.cl\/index.php?rest_route=%2Fwp%2Fv2%2Ftags&post=52406"}],"curies":[{"name":"wp","href":"https:\/\/api.w.org\/{rel}","templated":true}]}}