{"id":52398,"date":"2025-04-09T09:58:25","date_gmt":"2025-04-09T12:58:25","guid":{"rendered":"https:\/\/radiorevelacionfm.cl\/?p=52398"},"modified":"2025-04-09T09:58:25","modified_gmt":"2025-04-09T12:58:25","slug":"una-marcha-silenciosa-por-sargento-aldea-aysen-conmemora-el-dia-del-autismo","status":"publish","type":"post","link":"https:\/\/radiorevelacionfm.cl\/?p=52398","title":{"rendered":"Una marcha silenciosa por Sargento Aldea: Ays\u00e9n conmemora el D\u00eda del Autismo"},"content":{"rendered":"<div class=\"flex_column av_one_full  flex_column_div av-zero-column-padding first  avia-builder-el-0  el_before_av_one_full  avia-builder-el-first  \" style='border-radius:0px; '><div  class='avia-image-container  av-styling-    avia-builder-el-1  avia-builder-el-no-sibling  avia-align-center '  itemprop=\"image\" itemscope=\"itemscope\" itemtype=\"https:\/\/schema.org\/ImageObject\"  ><div class='avia-image-container-inner'><div class='avia-image-overlay-wrap'><img decoding=\"async\" class='wp-image-52399 avia-img-lazy-loading-not-52399 avia_image' src=\"https:\/\/radiorevelacionfm.cl\/wp-content\/uploads\/2025\/04\/dia-mundial-del-autismo-2025-2-2_optimized-1.jpg\" alt='' title='d\u00eda-mundial-del-autismo-2025-2-(2)_optimized (1)' height=\"600\" width=\"899\"  itemprop=\"thumbnailUrl\" srcset=\"https:\/\/radiorevelacionfm.cl\/wp-content\/uploads\/2025\/04\/dia-mundial-del-autismo-2025-2-2_optimized-1.jpg 899w, https:\/\/radiorevelacionfm.cl\/wp-content\/uploads\/2025\/04\/dia-mundial-del-autismo-2025-2-2_optimized-1-300x200.jpg 300w, https:\/\/radiorevelacionfm.cl\/wp-content\/uploads\/2025\/04\/dia-mundial-del-autismo-2025-2-2_optimized-1-768x513.jpg 768w, https:\/\/radiorevelacionfm.cl\/wp-content\/uploads\/2025\/04\/dia-mundial-del-autismo-2025-2-2_optimized-1-705x471.jpg 705w, https:\/\/radiorevelacionfm.cl\/wp-content\/uploads\/2025\/04\/dia-mundial-del-autismo-2025-2-2_optimized-1-450x300.jpg 450w, https:\/\/radiorevelacionfm.cl\/wp-content\/uploads\/2025\/04\/dia-mundial-del-autismo-2025-2-2_optimized-1-600x400.jpg 600w\" sizes=\"(max-width: 899px) 100vw, 899px\" \/><\/div><\/div><\/div><\/div><div class=\"flex_column av_one_full  flex_column_div av-zero-column-padding first  avia-builder-el-2  el_after_av_one_full  el_before_av_one_full  column-top-margin\" style='border-radius:0px; '><section class=\"av_textblock_section \"  itemscope=\"itemscope\" itemtype=\"https:\/\/schema.org\/BlogPosting\" itemprop=\"blogPost\" ><div class='avia_textblock  '   itemprop=\"text\" ><p style=\"text-align: center;\"><strong><span style=\"font-size: 18pt;\">Una marcha silenciosa por Sargento Aldea: Ays\u00e9n conmemora el D\u00eda del Autismo<\/span><\/strong><\/p>\n<div id=\"gtx-trans\" style=\"position: absolute; left: -50px; top: 4.31534px;\">\n<div class=\"gtx-trans-icon\"><\/div>\n<\/div>\n<\/div><\/section><\/div><div class=\"flex_column av_one_full  flex_column_div av-zero-column-padding first  avia-builder-el-4  el_after_av_one_full  el_before_av_hr  column-top-margin\" style='border-radius:0px; '><section class=\"av_textblock_section \"  itemscope=\"itemscope\" itemtype=\"https:\/\/schema.org\/BlogPosting\" itemprop=\"blogPost\" ><div class='avia_textblock  '   itemprop=\"text\" ><p style=\"text-align: justify;\">Al igual que en a\u00f1os anteriores, la agrupaci\u00f3n CEA Ays\u00e9n, creada para apoyar, concientizar, difundir y visibilizar la condici\u00f3n de espectro autista en la comuna, congreg\u00f3 a sus integrantes y al p\u00fablico general, a una actividad para conmemorar el D\u00eda Mundial del Autismo.<\/p>\n<p style=\"text-align: justify;\">Este evento, realizado junto con el equipo de la Oficina de Discapacidad de la Municipalidad de Ays\u00e9n, consisti\u00f3 en una marcha pac\u00edfica y en silencio desde el sector Paseo Mahuen hasta la Casa de la Cultura, esto para generar una intervenci\u00f3n en el centro de la ciudad sin molestar a nadie, pero que despert\u00f3 el inter\u00e9s de la gente que paseaba por la calle Sargento Aldea.<\/p>\n<p style=\"text-align: justify;\">Andrea Paillacar, presidenta de la agrupaci\u00f3n CEA, expres\u00f3 que \u201cno quisimos estar ausentes, para conmemorar a todas las personas autistas que viven y nos rodean diariamente en la comuna, as\u00ed que hacemos esto para visibilizarlos y conmemorarlos\u201d. La dirigente es madre de un ni\u00f1o con autismo y es por eso que constantemente busca hablar con autoridades para que se tenga consideraci\u00f3n con las personas con esta condici\u00f3n en las obras y compromisos p\u00fablicos.<\/p>\n<p style=\"text-align: justify;\">\u201cCreemos que deber\u00edamos todos entender que vivimos en un mundo donde las personas son distintas, t\u00fa y yo no somos iguales; ese es el objetivo de la marcha. Como padres lo vivimos todos los d\u00edas, para nosotros el autismo es una vida, una familia azul (color que identifica al autismo) y por lo mismo creo que ha tomado harta relevancia la agrupaci\u00f3n y nos hemos apoyado tanto en la comunidad educativa, de salud y social\u201d, concluy\u00f3 la presidenta.<\/p>\n<p style=\"text-align: justify;\">Despu\u00e9s de cruzar por el centro de Puerto Ays\u00e9n, el grupo se reuni\u00f3 en la Casa de la Cultura, lugar en el que se realiz\u00f3 un conversatorio sobre el autismo, al igual que se dio un momento para que personas con esta condici\u00f3n puedan contar su historia, en lo que fue un emotivo encuentro. La actividad termin\u00f3 con una joven artista local que interpret\u00f3 unas canciones para el p\u00fablico presente.<\/p>\n<p style=\"text-align: justify;\">El alcalde de Ays\u00e9n, Luis Mart\u00ednez, coment\u00f3 sentirse \u201cmuy honrado de participar con esta agrupaci\u00f3n que se ha creado para concientizar sobre el trastorno del espectro autista, que es una condici\u00f3n que nosotros la entendemos y tambi\u00e9n la hemos estado trabajando con ellos. As\u00ed que, tal como le dije en el conversatorio, m\u00e1s que conmemorar un d\u00eda, tenemos que celebrar de tener esta agrupaci\u00f3n en Ays\u00e9n y que sigan avanzando. Pero lo m\u00e1s importante, por lo menos de parte de nuestro municipio, es poder incluirlos en cada una de las actividades que hacemos, para que nuestra ciudad sea inclusiva para todas las personas\u201d.<\/p>\n<\/div><\/section><\/div><div  style='height:50px' class='hr hr-invisible   avia-builder-el-6  el_after_av_one_full  el_before_av_social_share '><span class='hr-inner ' ><span class='hr-inner-style'><\/span><\/span><\/div><\/p>\n<div  class='av-social-sharing-box  avia-builder-el-7  el_after_av_hr  el_before_av_hr  '><div class='av-share-box'><h5 class='av-share-link-description av-no-toc '>Compartir esta noticia<\/h5><ul class='av-share-box-list noLightbox'><li class='av-share-link av-social-link-facebook' ><a target=\"_blank\" aria-label=\"Compartir en Facebook\" href='https:\/\/www.facebook.com\/sharer.php?u=https:\/\/radiorevelacionfm.cl\/?p=52398&#038;t=Una%20marcha%20silenciosa%20por%20Sargento%20Aldea%3A%20Ays%C3%A9n%20conmemora%20el%20D%C3%ADa%20del%20Autismo' aria-hidden='false' data-av_icon='\ue8f3' data-av_iconfont='entypo-fontello' title='' data-avia-related-tooltip='Compartir en Facebook' rel=\"noopener\"><span class='avia_hidden_link_text'>Compartir en Facebook<\/span><\/a><\/li><li class='av-share-link av-social-link-twitter' ><a target=\"_blank\" aria-label=\"Compartir en Twitter\" href='https:\/\/twitter.com\/share?text=Una%20marcha%20silenciosa%20por%20Sargento%20Aldea%3A%20Ays%C3%A9n%20conmemora%20el%20D%C3%ADa%20del%20Autismo&#038;url=https:\/\/radiorevelacionfm.cl\/?p=52398' aria-hidden='false' data-av_icon='\ue8f1' data-av_iconfont='entypo-fontello' title='' data-avia-related-tooltip='Compartir en Twitter' rel=\"noopener\"><span class='avia_hidden_link_text'>Compartir en Twitter<\/span><\/a><\/li><li class='av-share-link av-social-link-whatsapp' ><a target=\"_blank\" aria-label=\"Compartir en Whatsapp\" href='https:\/\/api.whatsapp.com\/send?text=https:\/\/radiorevelacionfm.cl\/?p=52398' aria-hidden='false' data-av_icon='\uf232' data-av_iconfont='entypo-fontello' title='' data-avia-related-tooltip='Compartir en Whatsapp' rel=\"noopener\"><span class='avia_hidden_link_text'>Compartir en Whatsapp<\/span><\/a><\/li><li class='av-share-link av-social-link-linkedin' ><a target=\"_blank\" aria-label=\"Compartir en LinkedIn\" href='https:\/\/linkedin.com\/shareArticle?mini=true&#038;title=Una%20marcha%20silenciosa%20por%20Sargento%20Aldea%3A%20Ays%C3%A9n%20conmemora%20el%20D%C3%ADa%20del%20Autismo&#038;url=https:\/\/radiorevelacionfm.cl\/?p=52398' aria-hidden='false' data-av_icon='\ue8fc' data-av_iconfont='entypo-fontello' title='' data-avia-related-tooltip='Compartir en LinkedIn' rel=\"noopener\"><span class='avia_hidden_link_text'>Compartir en LinkedIn<\/span><\/a><\/li><li class='av-share-link av-social-link-mail' ><a  aria-label=\"Compartir por correo\" href='mailto:?subject=Una%20marcha%20silenciosa%20por%20Sargento%20Aldea%3A%20Ays%C3%A9n%20conmemora%20el%20D%C3%ADa%20del%20Autismo&#038;body=https:\/\/radiorevelacionfm.cl\/?p=52398' aria-hidden='false' data-av_icon='\ue805' data-av_iconfont='entypo-fontello' title='' data-avia-related-tooltip='Compartir por correo'><span class='avia_hidden_link_text'>Compartir por correo<\/span><\/a><\/li><\/ul><\/div><\/div>\n<div  style='height:50px' class='hr hr-invisible   avia-builder-el-8  el_after_av_social_share  el_before_av_comments_list '><span class='hr-inner ' ><span class='hr-inner-style'><\/span><\/span><\/div>\n<div  class='av-buildercomment  av-blog-meta-html-info-disabled av-blog-meta-tag-disabled  '><\/div>\n","protected":false},"excerpt":{"rendered":"","protected":false},"author":1,"featured_media":52399,"comment_status":"closed","ping_status":"closed","sticky":false,"template":"","format":"standard","meta":{"footnotes":""},"categories":[38],"tags":[],"class_list":["post-52398","post","type-post","status-publish","format-standard","has-post-thumbnail","hentry","category-regional"],"jetpack_featured_media_url":"https:\/\/radiorevelacionfm.cl\/wp-content\/uploads\/2025\/04\/dia-mundial-del-autismo-2025-2-2_optimized-1.jpg","_links":{"self":[{"href":"https:\/\/radiorevelacionfm.cl\/index.php?rest_route=\/wp\/v2\/posts\/52398","targetHints":{"allow":["GET"]}}],"collection":[{"href":"https:\/\/radiorevelacionfm.cl\/index.php?rest_route=\/wp\/v2\/posts"}],"about":[{"href":"https:\/\/radiorevelacionfm.cl\/index.php?rest_route=\/wp\/v2\/types\/post"}],"author":[{"embeddable":true,"href":"https:\/\/radiorevelacionfm.cl\/index.php?rest_route=\/wp\/v2\/users\/1"}],"replies":[{"embeddable":true,"href":"https:\/\/radiorevelacionfm.cl\/index.php?rest_route=%2Fwp%2Fv2%2Fcomments&post=52398"}],"version-history":[{"count":2,"href":"https:\/\/radiorevelacionfm.cl\/index.php?rest_route=\/wp\/v2\/posts\/52398\/revisions"}],"predecessor-version":[{"id":52432,"href":"https:\/\/radiorevelacionfm.cl\/index.php?rest_route=\/wp\/v2\/posts\/52398\/revisions\/52432"}],"wp:featuredmedia":[{"embeddable":true,"href":"https:\/\/radiorevelacionfm.cl\/index.php?rest_route=\/wp\/v2\/media\/52399"}],"wp:attachment":[{"href":"https:\/\/radiorevelacionfm.cl\/index.php?rest_route=%2Fwp%2Fv2%2Fmedia&parent=52398"}],"wp:term":[{"taxonomy":"category","embeddable":true,"href":"https:\/\/radiorevelacionfm.cl\/index.php?rest_route=%2Fwp%2Fv2%2Fcategories&post=52398"},{"taxonomy":"post_tag","embeddable":true,"href":"https:\/\/radiorevelacionfm.cl\/index.php?rest_route=%2Fwp%2Fv2%2Ftags&post=52398"}],"curies":[{"name":"wp","href":"https:\/\/api.w.org\/{rel}","templated":true}]}}