{"id":52384,"date":"2025-04-08T16:57:41","date_gmt":"2025-04-08T19:57:41","guid":{"rendered":"https:\/\/radiorevelacionfm.cl\/?p=52384"},"modified":"2025-04-08T16:57:41","modified_gmt":"2025-04-08T19:57:41","slug":"litoral-de-aysen-cuenta-con-nuevos-puntos-de-extraccion-de-mariscos-ante-la-demanda-en-semana-santa","status":"publish","type":"post","link":"https:\/\/radiorevelacionfm.cl\/?p=52384","title":{"rendered":"Litoral de Ays\u00e9n cuenta con nuevos puntos de extracci\u00f3n de mariscos ante la demanda en Semana Santa"},"content":{"rendered":"<div class=\"flex_column av_one_full  flex_column_div av-zero-column-padding first  avia-builder-el-0  el_before_av_one_full  avia-builder-el-first  \" style='border-radius:0px; '><div  class='avia-image-container  av-styling-    avia-builder-el-1  avia-builder-el-no-sibling  avia-align-center '  itemprop=\"image\" itemscope=\"itemscope\" itemtype=\"https:\/\/schema.org\/ImageObject\"  ><div class='avia-image-container-inner'><div class='avia-image-overlay-wrap'><img decoding=\"async\" class='wp-image-52385 avia-img-lazy-loading-not-52385 avia_image' src=\"https:\/\/radiorevelacionfm.cl\/wp-content\/uploads\/2025\/04\/mariscos-2-1_optimized.jpg\" alt='' title='mariscos-(2)-(1)_optimized' height=\"600\" width=\"887\"  itemprop=\"thumbnailUrl\" srcset=\"https:\/\/radiorevelacionfm.cl\/wp-content\/uploads\/2025\/04\/mariscos-2-1_optimized.jpg 887w, https:\/\/radiorevelacionfm.cl\/wp-content\/uploads\/2025\/04\/mariscos-2-1_optimized-300x203.jpg 300w, https:\/\/radiorevelacionfm.cl\/wp-content\/uploads\/2025\/04\/mariscos-2-1_optimized-768x520.jpg 768w, https:\/\/radiorevelacionfm.cl\/wp-content\/uploads\/2025\/04\/mariscos-2-1_optimized-705x477.jpg 705w, https:\/\/radiorevelacionfm.cl\/wp-content\/uploads\/2025\/04\/mariscos-2-1_optimized-450x304.jpg 450w, https:\/\/radiorevelacionfm.cl\/wp-content\/uploads\/2025\/04\/mariscos-2-1_optimized-600x406.jpg 600w\" sizes=\"(max-width: 887px) 100vw, 887px\" \/><\/div><\/div><\/div><\/div><div class=\"flex_column av_one_full  flex_column_div av-zero-column-padding first  avia-builder-el-2  el_after_av_one_full  el_before_av_one_full  column-top-margin\" style='border-radius:0px; '><section class=\"av_textblock_section \"  itemscope=\"itemscope\" itemtype=\"https:\/\/schema.org\/BlogPosting\" itemprop=\"blogPost\" ><div class='avia_textblock  '   itemprop=\"text\" ><p style=\"text-align: center;\"><strong><span style=\"font-size: 18pt;\">Litoral de Ays\u00e9n cuenta con nuevos puntos de extracci\u00f3n de mariscos ante la demanda en Semana Santa<\/span><\/strong><\/p>\n<div id=\"gtx-trans\" style=\"position: absolute; left: -50px; top: 4.31534px;\">\n<div class=\"gtx-trans-icon\"><\/div>\n<\/div>\n<\/div><\/section><\/div><div class=\"flex_column av_one_full  flex_column_div av-zero-column-padding first  avia-builder-el-4  el_after_av_one_full  el_before_av_hr  column-top-margin\" style='border-radius:0px; '><section class=\"av_textblock_section \"  itemscope=\"itemscope\" itemtype=\"https:\/\/schema.org\/BlogPosting\" itemprop=\"blogPost\" ><div class='avia_textblock  '   itemprop=\"text\" ><p style=\"text-align: justify;\">El Comit\u00e9 de Marea Roja, donde convergen la Delegaci\u00f3n Presidencial Provincial de Ays\u00e9n, Seremi de Econom\u00eda, Salud y actores que intervienen en la materia, tuvo como primera urgencia poner atenci\u00f3n en el foco sanitario, para entregar certeza a la comunidad con relaci\u00f3n al consumo seguro de mariscos, especialmente en Semana Santa, donde la venta y consumo de este tipo de productos se incrementa.<\/p>\n<p style=\"text-align: justify;\">A solicitud de la AG de Pescadores de Puerto Aguirre, se realiz\u00f3 un trabajo intersectorial entre la Delegaci\u00f3n Provincial de Ays\u00e9n, la Seremi de Econom\u00eda, la Armada, la Seremi de Salud, SUBPESCA, SERNAPESCA y Gobernaci\u00f3n Mar\u00edtima, que permiti\u00f3 \u2013 despu\u00e9s de muestreos y an\u00e1lisis realizados en estos sectores- la apertura de cuatro nuevas zonas de extracci\u00f3n de mariscos en la Regi\u00f3n de Ays\u00e9n.<\/p>\n<p style=\"text-align: justify;\">El Delegado Presidencial Provincial de Ays\u00e9n, Rodrigo Moreno Rivera,\u00a0 se\u00f1al\u00f3 que: \u201cTenemos una buena noticia para los habitantes de Islas Huichas, a trav\u00e9s del Comit\u00e9 de Marea Roja, en conjunto con dirigentes de la pesca artesanal, hemos realizado un operativo, para poder revisar algunos puntos que no estaban habilitados, donde a trav\u00e9s de distintas instituciones como la Armada, la Seremi Salud, el Seremi de Econom\u00eda, el Director Zonal de Pesca, logramos realizar un operativo que\u00a0 nos brindara buenas noticias para la pesca artesanal para estas fiestas\u201d.<\/p>\n<p style=\"text-align: justify;\">Esta acci\u00f3n, permiti\u00f3 autorizar nuevas zonas por la Seremi de Salud, permitir\u00e1 a los sectores productivos del litoral acceder a la extracci\u00f3n de mariscos de manera de segura, de tal modo que la comunidad pueda adquirirlos en locales establecidos y con resoluci\u00f3n sanitaria, previo a Semana Santa.<\/p>\n<p style=\"text-align: justify;\">\u201cDesde la Seremi de Salud nuestro primer compromiso es proteger la salud de las comunidades, y tambi\u00e9n de los productos hidrobiol\u00f3gicos, en este caso de los mariscos. Nuestro rol fundamental es proteger a la comunidad de la intoxicaci\u00f3n de veneno diarreico y veneno paralizante que es algo que est\u00e1 presente en nuestro litoral y que puede afectar gravemente a la vida de las personas. En ese contexto nuestras acciones de fiscalizaci\u00f3n se enmarcan en resguardar que los productos sean aptos para el consumo y tambi\u00e9n definir \u00e1reas que est\u00e1n o no autorizadas para la extracci\u00f3n de mariscos. A trav\u00e9s de esta articulaci\u00f3n intersectorial y a una demanda puntual que nace de un dirigente de puerto Aguirre hemos logrado identificar nuevos puntos de extracci\u00f3n, lo que se traduce en una fuente laboral estable\u201d, afirm\u00f3 Carmen Monsalve.<\/p>\n<p style=\"text-align: justify;\">Este hecho in\u00e9dito nos permite proyectar un trabajo de mediano y largo plazo con el fin de sumar nuevas \u00e1reas de muestreo y otras acciones al alero del Comit\u00e9 de Marea Roja, en donde el inter\u00e9s es invitar a nuevos actores regionales y locales, como el Gobierno Regional y Municipio.<\/p>\n<p style=\"text-align: justify;\">Felipe Rojas, Seremi de Econom\u00eda, Fomento y Turismo, indic\u00f3 que \u201cen esta conversaci\u00f3n que tuvimos con servicios para buscar una soluci\u00f3n, nuestro primer foco fue lo sanitario, luego vimos distintas alternativas y entre ellas estaba el muestreo de nuevas \u00e1reas; esto permiti\u00f3 una soluci\u00f3n positiva para la comunidad, lo que significa que desde ahora con la resoluci\u00f3n que emite la Seremi de Salud es posible abastecer la Regi\u00f3n de Ays\u00e9n con productos del litoral\u201d.<\/p>\n<p style=\"text-align: justify;\">Blas Quiroga, director Zonal Pesca, coment\u00f3 que, \u201ccomo Direcci\u00f3n Zonal de Pesca de la Regi\u00f3n de Ays\u00e9n estamos muy contentos de poder entregar una soluci\u00f3n concreta a la pesca artesanal de Islas Huichas. Agradecer, igualmente, el trabajo mancomunado con las instituciones a ra\u00edz de una petici\u00f3n formal de la pesca artesanal, en este caso quiero agradecer a do\u00f1a Blanca Huent\u00e9n y Cristian Ch\u00e1vez, quienes se preocuparon por llevar esta demanda y por primera vez la autoridad se hace cargo de aquello y abre nuevos puntos de extracci\u00f3n para que la comunidad pueda disfrutar de una semana santa segura y junto a sus familias\u201d.<\/p>\n<\/div><\/section><\/div><div  style='height:50px' class='hr hr-invisible   avia-builder-el-6  el_after_av_one_full  el_before_av_social_share '><span class='hr-inner ' ><span class='hr-inner-style'><\/span><\/span><\/div><\/p>\n<div  class='av-social-sharing-box  avia-builder-el-7  el_after_av_hr  el_before_av_hr  '><div class='av-share-box'><h5 class='av-share-link-description av-no-toc '>Compartir esta noticia<\/h5><ul class='av-share-box-list noLightbox'><li class='av-share-link av-social-link-facebook' ><a target=\"_blank\" aria-label=\"Compartir en Facebook\" href='https:\/\/www.facebook.com\/sharer.php?u=https:\/\/radiorevelacionfm.cl\/?p=52384&#038;t=Litoral%20de%20Ays%C3%A9n%20cuenta%20con%20nuevos%20puntos%20de%20extracci%C3%B3n%20de%20mariscos%20ante%20la%20demanda%20en%20Semana%20Santa' aria-hidden='false' data-av_icon='\ue8f3' data-av_iconfont='entypo-fontello' title='' data-avia-related-tooltip='Compartir en Facebook' rel=\"noopener\"><span class='avia_hidden_link_text'>Compartir en Facebook<\/span><\/a><\/li><li class='av-share-link av-social-link-twitter' ><a target=\"_blank\" aria-label=\"Compartir en Twitter\" href='https:\/\/twitter.com\/share?text=Litoral%20de%20Ays%C3%A9n%20cuenta%20con%20nuevos%20puntos%20de%20extracci%C3%B3n%20de%20mariscos%20ante%20la%20demanda%20en%20Semana%20Santa&#038;url=https:\/\/radiorevelacionfm.cl\/?p=52384' aria-hidden='false' data-av_icon='\ue8f1' data-av_iconfont='entypo-fontello' title='' data-avia-related-tooltip='Compartir en Twitter' rel=\"noopener\"><span class='avia_hidden_link_text'>Compartir en Twitter<\/span><\/a><\/li><li class='av-share-link av-social-link-whatsapp' ><a target=\"_blank\" aria-label=\"Compartir en Whatsapp\" href='https:\/\/api.whatsapp.com\/send?text=https:\/\/radiorevelacionfm.cl\/?p=52384' aria-hidden='false' data-av_icon='\uf232' data-av_iconfont='entypo-fontello' title='' data-avia-related-tooltip='Compartir en Whatsapp' rel=\"noopener\"><span class='avia_hidden_link_text'>Compartir en Whatsapp<\/span><\/a><\/li><li class='av-share-link av-social-link-linkedin' ><a target=\"_blank\" aria-label=\"Compartir en LinkedIn\" href='https:\/\/linkedin.com\/shareArticle?mini=true&#038;title=Litoral%20de%20Ays%C3%A9n%20cuenta%20con%20nuevos%20puntos%20de%20extracci%C3%B3n%20de%20mariscos%20ante%20la%20demanda%20en%20Semana%20Santa&#038;url=https:\/\/radiorevelacionfm.cl\/?p=52384' aria-hidden='false' data-av_icon='\ue8fc' data-av_iconfont='entypo-fontello' title='' data-avia-related-tooltip='Compartir en LinkedIn' rel=\"noopener\"><span class='avia_hidden_link_text'>Compartir en LinkedIn<\/span><\/a><\/li><li class='av-share-link av-social-link-mail' ><a  aria-label=\"Compartir por correo\" href='mailto:?subject=Litoral%20de%20Ays%C3%A9n%20cuenta%20con%20nuevos%20puntos%20de%20extracci%C3%B3n%20de%20mariscos%20ante%20la%20demanda%20en%20Semana%20Santa&#038;body=https:\/\/radiorevelacionfm.cl\/?p=52384' aria-hidden='false' data-av_icon='\ue805' data-av_iconfont='entypo-fontello' title='' data-avia-related-tooltip='Compartir por correo'><span class='avia_hidden_link_text'>Compartir por correo<\/span><\/a><\/li><\/ul><\/div><\/div>\n<div  style='height:50px' class='hr hr-invisible   avia-builder-el-8  el_after_av_social_share  el_before_av_comments_list '><span class='hr-inner ' ><span class='hr-inner-style'><\/span><\/span><\/div>\n<div  class='av-buildercomment  av-blog-meta-html-info-disabled av-blog-meta-tag-disabled  '><\/div>\n","protected":false},"excerpt":{"rendered":"","protected":false},"author":1,"featured_media":52385,"comment_status":"closed","ping_status":"closed","sticky":false,"template":"","format":"standard","meta":{"footnotes":""},"categories":[60],"tags":[],"class_list":["post-52384","post","type-post","status-publish","format-standard","has-post-thumbnail","hentry","category-pesca"],"jetpack_featured_media_url":"https:\/\/radiorevelacionfm.cl\/wp-content\/uploads\/2025\/04\/mariscos-2-1_optimized.jpg","_links":{"self":[{"href":"https:\/\/radiorevelacionfm.cl\/index.php?rest_route=\/wp\/v2\/posts\/52384","targetHints":{"allow":["GET"]}}],"collection":[{"href":"https:\/\/radiorevelacionfm.cl\/index.php?rest_route=\/wp\/v2\/posts"}],"about":[{"href":"https:\/\/radiorevelacionfm.cl\/index.php?rest_route=\/wp\/v2\/types\/post"}],"author":[{"embeddable":true,"href":"https:\/\/radiorevelacionfm.cl\/index.php?rest_route=\/wp\/v2\/users\/1"}],"replies":[{"embeddable":true,"href":"https:\/\/radiorevelacionfm.cl\/index.php?rest_route=%2Fwp%2Fv2%2Fcomments&post=52384"}],"version-history":[{"count":2,"href":"https:\/\/radiorevelacionfm.cl\/index.php?rest_route=\/wp\/v2\/posts\/52384\/revisions"}],"predecessor-version":[{"id":52387,"href":"https:\/\/radiorevelacionfm.cl\/index.php?rest_route=\/wp\/v2\/posts\/52384\/revisions\/52387"}],"wp:featuredmedia":[{"embeddable":true,"href":"https:\/\/radiorevelacionfm.cl\/index.php?rest_route=\/wp\/v2\/media\/52385"}],"wp:attachment":[{"href":"https:\/\/radiorevelacionfm.cl\/index.php?rest_route=%2Fwp%2Fv2%2Fmedia&parent=52384"}],"wp:term":[{"taxonomy":"category","embeddable":true,"href":"https:\/\/radiorevelacionfm.cl\/index.php?rest_route=%2Fwp%2Fv2%2Fcategories&post=52384"},{"taxonomy":"post_tag","embeddable":true,"href":"https:\/\/radiorevelacionfm.cl\/index.php?rest_route=%2Fwp%2Fv2%2Ftags&post=52384"}],"curies":[{"name":"wp","href":"https:\/\/api.w.org\/{rel}","templated":true}]}}