{"id":52381,"date":"2025-04-08T22:02:23","date_gmt":"2025-04-09T01:02:23","guid":{"rendered":"https:\/\/radiorevelacionfm.cl\/?p=52381"},"modified":"2025-04-08T22:02:23","modified_gmt":"2025-04-09T01:02:23","slug":"taller-de-manejos-preventivos-invernales-seremi-de-agricultura-impulsa-coordinacion-con-dirigentes-rurales-de-coyhaique","status":"publish","type":"post","link":"https:\/\/radiorevelacionfm.cl\/?p=52381","title":{"rendered":"Taller de manejos preventivos invernales: Seremi de Agricultura impulsa coordinaci\u00f3n con dirigentes rurales de Coyhaique"},"content":{"rendered":"<div class=\"flex_column av_one_full  flex_column_div av-zero-column-padding first  avia-builder-el-0  el_before_av_one_full  avia-builder-el-first  \" style='border-radius:0px; '><div  class='avia-image-container  av-styling-    avia-builder-el-1  avia-builder-el-no-sibling  avia-align-center '  itemprop=\"image\" itemscope=\"itemscope\" itemtype=\"https:\/\/schema.org\/ImageObject\"  ><div class='avia-image-container-inner'><div class='avia-image-overlay-wrap'><img decoding=\"async\" class='wp-image-52382 avia-img-lazy-loading-not-52382 avia_image' src=\"https:\/\/radiorevelacionfm.cl\/wp-content\/uploads\/2025\/04\/Foto-003-1-1.jpeg\" alt='' title='Foto 003 (1) (1)' height=\"600\" width=\"800\"  itemprop=\"thumbnailUrl\" srcset=\"https:\/\/radiorevelacionfm.cl\/wp-content\/uploads\/2025\/04\/Foto-003-1-1.jpeg 800w, https:\/\/radiorevelacionfm.cl\/wp-content\/uploads\/2025\/04\/Foto-003-1-1-300x225.jpeg 300w, https:\/\/radiorevelacionfm.cl\/wp-content\/uploads\/2025\/04\/Foto-003-1-1-768x576.jpeg 768w, https:\/\/radiorevelacionfm.cl\/wp-content\/uploads\/2025\/04\/Foto-003-1-1-705x529.jpeg 705w, https:\/\/radiorevelacionfm.cl\/wp-content\/uploads\/2025\/04\/Foto-003-1-1-450x338.jpeg 450w, https:\/\/radiorevelacionfm.cl\/wp-content\/uploads\/2025\/04\/Foto-003-1-1-600x450.jpeg 600w\" sizes=\"(max-width: 800px) 100vw, 800px\" \/><\/div><\/div><\/div><\/div><div class=\"flex_column av_one_full  flex_column_div av-zero-column-padding first  avia-builder-el-2  el_after_av_one_full  el_before_av_one_full  column-top-margin\" style='border-radius:0px; '><section class=\"av_textblock_section \"  itemscope=\"itemscope\" itemtype=\"https:\/\/schema.org\/BlogPosting\" itemprop=\"blogPost\" ><div class='avia_textblock  '   itemprop=\"text\" ><p style=\"text-align: center;\"><strong><span style=\"font-size: 18pt;\">Taller de manejos preventivos invernales: Seremi de Agricultura impulsa coordinaci\u00f3n con dirigentes rurales de Coyhaique<\/span><\/strong><\/p>\n<div id=\"gtx-trans\" style=\"position: absolute; left: -50px; top: 4.31534px;\">\n<div class=\"gtx-trans-icon\"><\/div>\n<\/div>\n<\/div><\/section><\/div><div class=\"flex_column av_one_full  flex_column_div av-zero-column-padding first  avia-builder-el-4  el_after_av_one_full  el_before_av_hr  column-top-margin\" style='border-radius:0px; '><section class=\"av_textblock_section \"  itemscope=\"itemscope\" itemtype=\"https:\/\/schema.org\/BlogPosting\" itemprop=\"blogPost\" ><div class='avia_textblock  '   itemprop=\"text\" ><ul>\n<li style=\"text-align: justify;\"><em>La instancia permiti\u00f3 abordar estrategias y entregar recomendaciones de manejo hort\u00edcolas y ganaderas previas a la llegada de bajas temperaturas en la regi\u00f3n.\u00a0\u00a0<\/em><\/li>\n<\/ul>\n<p style=\"text-align: justify;\">En el marco de la alianza del agro con Prodesal municipal de Coyhaique, iniciando abril de este a\u00f1o y en el edificio del Agro de Coyhaique, el seremi de Agricultura, Eugenio Ruiz, junto a directores regionales de SAG e Indap, y profesionales de Prodesal municipal, inici\u00f3 el primer taller presencial de manejos preventivos invernales para productoras, productores y dirigentes rurales de distintos sectores de Coyhaique.<\/p>\n<p style=\"text-align: justify;\">La ocasi\u00f3n permiti\u00f3 fomentar el di\u00e1logo, esclarecer dudas y resolver inquietudes respecto a los manejos ganaderos y hort\u00edcolas que tanto personas productoras como campesinas deben tener en consideraci\u00f3n para preparar las temporadas m\u00e1s fr\u00edas del a\u00f1o en sus predios.<\/p>\n<p style=\"text-align: justify;\">En este sentido, INIA Tamel Aike intervino sobre la correcta utilizaci\u00f3n del consumo de alimentos ganaderos, uso de cereales como suplementos alimenticios y aplicaci\u00f3n de balance forrajero como herramienta personal de diagn\u00f3stico. Asimismo, el Servicio Agr\u00edcola y Ganadero de Ays\u00e9n detall\u00f3 sobre las condiciones b\u00e1sicas de buen manejo ganadero, clasificaci\u00f3n de condici\u00f3n corporal de animales y manejos sanitarios. Por su parte, INDAP Ays\u00e9n se refiri\u00f3 a las herramientas de apoyo a campesinas y campesinos y espacios de fomento con concurso p\u00fablico abierto a la fecha, como el Programa Sistema de Incentivos para la Sustentabilidad Agroambiental de los Suelos Agropecuarios (SIRSD-S), que igualmente dispone SAG.<\/p>\n<p style=\"text-align: justify;\">\u00abReforzamos nuestro compromiso en sentar las bases para una mejor mirada productiva por medio de iniciativas que permitan enfrentarnos de mejor manera a la llegada de bajas temperaturas. Este primer taller de manejo preventivo se suma a las entregas de Fondo de Operaci\u00f3n Anual que junto a INDAP y PRODESAL iniciamos con \u00e9xito en verano y ya hay m\u00e1s de 60 familias rurales de Coyhaique que cuentan con este apoyo\u00bb, detall\u00f3 el seremi Ruiz durante la oportunidad.<\/p>\n<p style=\"text-align: justify;\">Familias rurales de Alto Ma\u00f1ihuales, Villa Ortega y el Gato ya han sido beneficiadas con cr\u00e9ditos y apoyo log\u00edstico para impulsar su actividad agr\u00edcola a trav\u00e9s del Fondo de Operaci\u00f3n Anual (FOA). En tanto y como cada a\u00f1o, este apoyo a usuarias y usuarios se mantiene vigente en las comunas con PRODESAL, y los talleres de manejo de Agricultura se seguir\u00e1n replicando en distintos sectores de la regi\u00f3n<strong>.<\/strong><\/p>\n<\/div><\/section><\/div><div  style='height:50px' class='hr hr-invisible   avia-builder-el-6  el_after_av_one_full  el_before_av_social_share '><span class='hr-inner ' ><span class='hr-inner-style'><\/span><\/span><\/div><\/p>\n<div  class='av-social-sharing-box  avia-builder-el-7  el_after_av_hr  el_before_av_hr  '><div class='av-share-box'><h5 class='av-share-link-description av-no-toc '>Compartir esta noticia<\/h5><ul class='av-share-box-list noLightbox'><li class='av-share-link av-social-link-facebook' ><a target=\"_blank\" aria-label=\"Compartir en Facebook\" href='https:\/\/www.facebook.com\/sharer.php?u=https:\/\/radiorevelacionfm.cl\/?p=52381&#038;t=Taller%20de%20manejos%20preventivos%20invernales%3A%20Seremi%20de%20Agricultura%20impulsa%20coordinaci%C3%B3n%20con%20dirigentes%20rurales%20de%20Coyhaique' aria-hidden='false' data-av_icon='\ue8f3' data-av_iconfont='entypo-fontello' title='' data-avia-related-tooltip='Compartir en Facebook' rel=\"noopener\"><span class='avia_hidden_link_text'>Compartir en Facebook<\/span><\/a><\/li><li class='av-share-link av-social-link-twitter' ><a target=\"_blank\" aria-label=\"Compartir en Twitter\" href='https:\/\/twitter.com\/share?text=Taller%20de%20manejos%20preventivos%20invernales%3A%20Seremi%20de%20Agricultura%20impulsa%20coordinaci%C3%B3n%20con%20dirigentes%20rurales%20de%20Coyhaique&#038;url=https:\/\/radiorevelacionfm.cl\/?p=52381' aria-hidden='false' data-av_icon='\ue8f1' data-av_iconfont='entypo-fontello' title='' data-avia-related-tooltip='Compartir en Twitter' rel=\"noopener\"><span class='avia_hidden_link_text'>Compartir en Twitter<\/span><\/a><\/li><li class='av-share-link av-social-link-whatsapp' ><a target=\"_blank\" aria-label=\"Compartir en Whatsapp\" href='https:\/\/api.whatsapp.com\/send?text=https:\/\/radiorevelacionfm.cl\/?p=52381' aria-hidden='false' data-av_icon='\uf232' data-av_iconfont='entypo-fontello' title='' data-avia-related-tooltip='Compartir en Whatsapp' rel=\"noopener\"><span class='avia_hidden_link_text'>Compartir en Whatsapp<\/span><\/a><\/li><li class='av-share-link av-social-link-linkedin' ><a target=\"_blank\" aria-label=\"Compartir en LinkedIn\" href='https:\/\/linkedin.com\/shareArticle?mini=true&#038;title=Taller%20de%20manejos%20preventivos%20invernales%3A%20Seremi%20de%20Agricultura%20impulsa%20coordinaci%C3%B3n%20con%20dirigentes%20rurales%20de%20Coyhaique&#038;url=https:\/\/radiorevelacionfm.cl\/?p=52381' aria-hidden='false' data-av_icon='\ue8fc' data-av_iconfont='entypo-fontello' title='' data-avia-related-tooltip='Compartir en LinkedIn' rel=\"noopener\"><span class='avia_hidden_link_text'>Compartir en LinkedIn<\/span><\/a><\/li><li class='av-share-link av-social-link-mail' ><a  aria-label=\"Compartir por correo\" href='mailto:?subject=Taller%20de%20manejos%20preventivos%20invernales%3A%20Seremi%20de%20Agricultura%20impulsa%20coordinaci%C3%B3n%20con%20dirigentes%20rurales%20de%20Coyhaique&#038;body=https:\/\/radiorevelacionfm.cl\/?p=52381' aria-hidden='false' data-av_icon='\ue805' data-av_iconfont='entypo-fontello' title='' data-avia-related-tooltip='Compartir por correo'><span class='avia_hidden_link_text'>Compartir por correo<\/span><\/a><\/li><\/ul><\/div><\/div>\n<div  style='height:50px' class='hr hr-invisible   avia-builder-el-8  el_after_av_social_share  el_before_av_comments_list '><span class='hr-inner ' ><span class='hr-inner-style'><\/span><\/span><\/div>\n<div  class='av-buildercomment  av-blog-meta-html-info-disabled av-blog-meta-tag-disabled  '><\/div>\n","protected":false},"excerpt":{"rendered":"","protected":false},"author":1,"featured_media":52382,"comment_status":"closed","ping_status":"closed","sticky":false,"template":"","format":"standard","meta":{"footnotes":""},"categories":[58],"tags":[],"class_list":["post-52381","post","type-post","status-publish","format-standard","has-post-thumbnail","hentry","category-agricultura"],"jetpack_featured_media_url":"https:\/\/radiorevelacionfm.cl\/wp-content\/uploads\/2025\/04\/Foto-003-1-1.jpeg","_links":{"self":[{"href":"https:\/\/radiorevelacionfm.cl\/index.php?rest_route=\/wp\/v2\/posts\/52381","targetHints":{"allow":["GET"]}}],"collection":[{"href":"https:\/\/radiorevelacionfm.cl\/index.php?rest_route=\/wp\/v2\/posts"}],"about":[{"href":"https:\/\/radiorevelacionfm.cl\/index.php?rest_route=\/wp\/v2\/types\/post"}],"author":[{"embeddable":true,"href":"https:\/\/radiorevelacionfm.cl\/index.php?rest_route=\/wp\/v2\/users\/1"}],"replies":[{"embeddable":true,"href":"https:\/\/radiorevelacionfm.cl\/index.php?rest_route=%2Fwp%2Fv2%2Fcomments&post=52381"}],"version-history":[{"count":2,"href":"https:\/\/radiorevelacionfm.cl\/index.php?rest_route=\/wp\/v2\/posts\/52381\/revisions"}],"predecessor-version":[{"id":52424,"href":"https:\/\/radiorevelacionfm.cl\/index.php?rest_route=\/wp\/v2\/posts\/52381\/revisions\/52424"}],"wp:featuredmedia":[{"embeddable":true,"href":"https:\/\/radiorevelacionfm.cl\/index.php?rest_route=\/wp\/v2\/media\/52382"}],"wp:attachment":[{"href":"https:\/\/radiorevelacionfm.cl\/index.php?rest_route=%2Fwp%2Fv2%2Fmedia&parent=52381"}],"wp:term":[{"taxonomy":"category","embeddable":true,"href":"https:\/\/radiorevelacionfm.cl\/index.php?rest_route=%2Fwp%2Fv2%2Fcategories&post=52381"},{"taxonomy":"post_tag","embeddable":true,"href":"https:\/\/radiorevelacionfm.cl\/index.php?rest_route=%2Fwp%2Fv2%2Ftags&post=52381"}],"curies":[{"name":"wp","href":"https:\/\/api.w.org\/{rel}","templated":true}]}}