{"id":52377,"date":"2025-04-08T16:10:50","date_gmt":"2025-04-08T19:10:50","guid":{"rendered":"https:\/\/radiorevelacionfm.cl\/?p=52377"},"modified":"2025-04-08T16:10:50","modified_gmt":"2025-04-08T19:10:50","slug":"cerca-de-un-15-de-avance-presenta-construccion-de-las-primeras-237-viviendas-en-chacra-g-de-coyhaique","status":"publish","type":"post","link":"https:\/\/radiorevelacionfm.cl\/?p=52377","title":{"rendered":"Cerca de un 15% de avance presenta construcci\u00f3n de las primeras 237 viviendas en Chacra G de Coyhaique"},"content":{"rendered":"<div class=\"flex_column av_one_full  flex_column_div av-zero-column-padding first  avia-builder-el-0  el_before_av_one_full  avia-builder-el-first  \" style='border-radius:0px; '><div  class='avia-image-container  av-styling-    avia-builder-el-1  avia-builder-el-no-sibling  avia-align-center '  itemprop=\"image\" itemscope=\"itemscope\" itemtype=\"https:\/\/schema.org\/ImageObject\"  ><div class='avia-image-container-inner'><div class='avia-image-overlay-wrap'><img decoding=\"async\" class='wp-image-52378 avia-img-lazy-loading-not-52378 avia_image' src=\"https:\/\/radiorevelacionfm.cl\/wp-content\/uploads\/2025\/04\/construccion-viviendas-chacra-g1-coyhaique-1_optimized-1.jpeg\" alt='' title='construcci\u00f3n-viviendas-chacra-g1-coyhaique-(1)_optimized (1)' height=\"600\" width=\"1067\"  itemprop=\"thumbnailUrl\" srcset=\"https:\/\/radiorevelacionfm.cl\/wp-content\/uploads\/2025\/04\/construccion-viviendas-chacra-g1-coyhaique-1_optimized-1.jpeg 1067w, https:\/\/radiorevelacionfm.cl\/wp-content\/uploads\/2025\/04\/construccion-viviendas-chacra-g1-coyhaique-1_optimized-1-300x169.jpeg 300w, https:\/\/radiorevelacionfm.cl\/wp-content\/uploads\/2025\/04\/construccion-viviendas-chacra-g1-coyhaique-1_optimized-1-1030x579.jpeg 1030w, https:\/\/radiorevelacionfm.cl\/wp-content\/uploads\/2025\/04\/construccion-viviendas-chacra-g1-coyhaique-1_optimized-1-768x432.jpeg 768w, https:\/\/radiorevelacionfm.cl\/wp-content\/uploads\/2025\/04\/construccion-viviendas-chacra-g1-coyhaique-1_optimized-1-705x396.jpeg 705w, https:\/\/radiorevelacionfm.cl\/wp-content\/uploads\/2025\/04\/construccion-viviendas-chacra-g1-coyhaique-1_optimized-1-450x253.jpeg 450w, https:\/\/radiorevelacionfm.cl\/wp-content\/uploads\/2025\/04\/construccion-viviendas-chacra-g1-coyhaique-1_optimized-1-600x337.jpeg 600w\" sizes=\"(max-width: 1067px) 100vw, 1067px\" \/><\/div><\/div><\/div><\/div><div class=\"flex_column av_one_full  flex_column_div av-zero-column-padding first  avia-builder-el-2  el_after_av_one_full  el_before_av_one_full  column-top-margin\" style='border-radius:0px; '><section class=\"av_textblock_section \"  itemscope=\"itemscope\" itemtype=\"https:\/\/schema.org\/BlogPosting\" itemprop=\"blogPost\" ><div class='avia_textblock  '   itemprop=\"text\" ><p style=\"text-align: center;\"><strong><span style=\"font-size: 18pt;\">Cerca de un 15% de avance presenta construcci\u00f3n de las primeras 237 viviendas en Chacra G de Coyhaique<\/span><\/strong><\/p>\n<div id=\"gtx-trans\" style=\"position: absolute; left: -50px; top: 4.31534px;\">\n<div class=\"gtx-trans-icon\"><\/div>\n<\/div>\n<\/div><\/section><\/div><div class=\"flex_column av_one_full  flex_column_div av-zero-column-padding first  avia-builder-el-4  el_after_av_one_full  el_before_av_hr  column-top-margin\" style='border-radius:0px; '><section class=\"av_textblock_section \"  itemscope=\"itemscope\" itemtype=\"https:\/\/schema.org\/BlogPosting\" itemprop=\"blogPost\" ><div class='avia_textblock  '   itemprop=\"text\" ><p style=\"text-align: justify;\">A paso firme y dentro de lo proyectado contin\u00faa avanzando la construcci\u00f3n de las primeras 237 viviendas que estar\u00e1n emplazadas en terrenos de la Chacra G 1 de Coyhaique, las cuales corresponden a las familias de los comit\u00e9s \u201cCaminando por Coyhaique\u201d, \u201cVentisqueros\u201d, \u201cAdonay\u201d y \u201cChilcos de la Patagonia\u201d. Las obras fueron visitadas esta semana por la Seremi de Vivienda y Urbanismo, Paulina Ruz Delf\u00edn, quien constat\u00f3 en terreno un avance promedio de un 15 por ciento, considerando la ejecuci\u00f3n de los diferentes proyectos.<\/p>\n<p style=\"text-align: justify;\">Cabe recordar que, a fines de diciembre, y despu\u00e9s de varios a\u00f1os de espera, el Ministerio de Vivienda y Urbanismo logr\u00f3 concretar la anhelada entrega de terreno para que las empresas Xinta y Entre R\u00edos pudieran iniciar la construcci\u00f3n de las obras de macro infraestructura y en paralelo de las primeras 237 viviendas. Sin duda un hito hist\u00f3rico considerando que en total son cerca de mil 200 las soluciones que forman parte de este emblem\u00e1tico proyecto, el m\u00e1s grande en la historia de la regi\u00f3n de Ays\u00e9n.<\/p>\n<p style=\"text-align: justify;\">Tras recorrer las obras, la Seremi Paulina Ruz destac\u00f3 el nivel de compromiso y responsabilidad con que las constructoras est\u00e1n afrontando este gran desaf\u00edo, ya que, si bien ahora se est\u00e1n levantando las primeras 237 viviendas, ellas marcar\u00e1n el camino para continuar con la ejecuci\u00f3n del resto de los proyectos.<\/p>\n<p style=\"text-align: justify;\">La autoridad sectorial destac\u00f3 adem\u00e1s que, considerando ambos contratos, actualmente hay 145 trabajadores en obra, quienes est\u00e1n desplegando toda su capacidad y experiencia para hacer realidad la soluci\u00f3n habitacional para estos 4 grupos de familias que vienen trabajando desde hace 10, 12 o incluso 15 a\u00f1os y que sue\u00f1an con hacer su vida en estos terrenos que suman m\u00e1s de 37 hect\u00e1reas y se ubican en el l\u00edmite sureste de la ciudad, por el camino hacia el sector Cerro Negro.<\/p>\n<p style=\"text-align: justify;\">\u201cEstamos muy orgullosos de estar aqu\u00ed, ya que esta sin duda es una de las obras m\u00e1s grandes e importantes que hemos logrado concretar durante nuestra gesti\u00f3n, en el Gobierno del presidente Gabriel Boric. Hoy hemos podido corroborar en terreno el avance que presentan estas obras tan esperadas por nuestras familias de Coyhaique. En este momento las empresas Entre R\u00edos y Xinta est\u00e1n desplegando una gran cantidad de maquinaria, materiales y mano de obra para afrontar de la manera m\u00e1s efectiva este gran desaf\u00edo urban\u00edstico que es hacer realidad este mega proyecto, que forma parte de nuestro Plan Urbano Habitacional, con m\u00e1s de mil soluciones entre viviendas y departamentos. A esto se suma la ejecuci\u00f3n de la macro infraestructura, que consiste en grandes obras que son fundamentales para asegurar la conectividad de estos futuros barrios, como las redes de alcantarillado, agua potable, electricidad y pavimentaci\u00f3n, entre otras\u201d, precis\u00f3.<\/p>\n<p style=\"text-align: justify;\">Agreg\u00f3 al autoridad que, tan importante como el n\u00famero de soluciones que se construir\u00e1n en la Chacra G, son los componentes de dise\u00f1o, materialidad, calidad y seguridad que tendr\u00e1n estas nuevas viviendas, las que adem\u00e1s de cumplir con los altos niveles de aislaci\u00f3n t\u00e9rmica que exige la norma, contemplan, por ejemplo, un sistema de calefacci\u00f3n nunca antes usado en viviendas sociales en la regi\u00f3n, como es la modalidad conocida como \u201closa radiante\u201d, que requiere la instalaci\u00f3n de un sistema de tuber\u00edas bajo el piso de la vivienda, el cual genera calor en todo el inmueble a trav\u00e9s de electricidad,\u00a0 sin necesidad de recurrir a otros medios de calefacci\u00f3n o combustibles.<\/p>\n<p style=\"text-align: justify;\">Tras visitar la construcci\u00f3n de la casa piloto, la Seremi Paulina Ruz, indic\u00f3 que la idea es realizar visitas en forma peri\u00f3dica, incluyendo en algunas ocasiones a dirigentes y familias, para que puedan apreciar en vivo y en directo como est\u00e1n avanzando y como est\u00e1n quedando sus futuras viviendas.<\/p>\n<p style=\"text-align: justify;\">\u201cHay que entender la magnitud real que tiene una intervenci\u00f3n como esta en lo urbano y en lo social, ya que estamos hablando de un mega proyecto que sin duda le va a cambiar el rostro a nuestra capital regional.\u00a0 Esto implica no solo cientos de casas o departamentos, sino tambi\u00e9n nuevas calles, \u00e1reas verdes, lugares de esparcimiento, nuevas instalaciones para atender las demandas de salud, seguridad, educaci\u00f3n, transporte, entre otros. Es decir, hemos puesto en marcha la construcci\u00f3n del Coyhaique del futuro, el que estar\u00e1 centrado en una ciudad m\u00e1s amigable, que asegure mayor igualdad, m\u00e1s oportunidades y una vida mejor para las presentes y futuras generaciones\u201d, afirm\u00f3.<\/p>\n<p style=\"text-align: justify;\">Finalmente, record\u00f3 la Seremi Paulina Ruz, que estas primeras 237 viviendas fueron financiadas por el Minvu en el contexto del Plan de Emergencia Habitacional del Gobierno, para lo cual se destinaron cerca de 32 mil millones de pesos, a los que se suman los ahorros de las familias. Para las obras de macro infraestructura, en tanto, se est\u00e1n invirtiendo cerca de 19 mil millones de pesos, 17 mil aportados por el Minvu y 2 mil millones por el Gobierno Regional de Ays\u00e9n.<\/p>\n<\/div><\/section><\/div><div  style='height:50px' class='hr hr-invisible   avia-builder-el-6  el_after_av_one_full  el_before_av_social_share '><span class='hr-inner ' ><span class='hr-inner-style'><\/span><\/span><\/div><\/p>\n<div  class='av-social-sharing-box  avia-builder-el-7  el_after_av_hr  el_before_av_hr  '><div class='av-share-box'><h5 class='av-share-link-description av-no-toc '>Compartir esta noticia<\/h5><ul class='av-share-box-list noLightbox'><li class='av-share-link av-social-link-facebook' ><a target=\"_blank\" aria-label=\"Compartir en Facebook\" href='https:\/\/www.facebook.com\/sharer.php?u=https:\/\/radiorevelacionfm.cl\/?p=52377&#038;t=Cerca%20de%20un%2015%25%20de%20avance%20presenta%20construcci%C3%B3n%20de%20las%20primeras%20237%20viviendas%20en%20Chacra%20G%20de%20Coyhaique' aria-hidden='false' data-av_icon='\ue8f3' data-av_iconfont='entypo-fontello' title='' data-avia-related-tooltip='Compartir en Facebook' rel=\"noopener\"><span class='avia_hidden_link_text'>Compartir en Facebook<\/span><\/a><\/li><li class='av-share-link av-social-link-twitter' ><a target=\"_blank\" aria-label=\"Compartir en Twitter\" href='https:\/\/twitter.com\/share?text=Cerca%20de%20un%2015%25%20de%20avance%20presenta%20construcci%C3%B3n%20de%20las%20primeras%20237%20viviendas%20en%20Chacra%20G%20de%20Coyhaique&#038;url=https:\/\/radiorevelacionfm.cl\/?p=52377' aria-hidden='false' data-av_icon='\ue8f1' data-av_iconfont='entypo-fontello' title='' data-avia-related-tooltip='Compartir en Twitter' rel=\"noopener\"><span class='avia_hidden_link_text'>Compartir en Twitter<\/span><\/a><\/li><li class='av-share-link av-social-link-whatsapp' ><a target=\"_blank\" aria-label=\"Compartir en Whatsapp\" href='https:\/\/api.whatsapp.com\/send?text=https:\/\/radiorevelacionfm.cl\/?p=52377' aria-hidden='false' data-av_icon='\uf232' data-av_iconfont='entypo-fontello' title='' data-avia-related-tooltip='Compartir en Whatsapp' rel=\"noopener\"><span class='avia_hidden_link_text'>Compartir en Whatsapp<\/span><\/a><\/li><li class='av-share-link av-social-link-linkedin' ><a target=\"_blank\" aria-label=\"Compartir en LinkedIn\" href='https:\/\/linkedin.com\/shareArticle?mini=true&#038;title=Cerca%20de%20un%2015%25%20de%20avance%20presenta%20construcci%C3%B3n%20de%20las%20primeras%20237%20viviendas%20en%20Chacra%20G%20de%20Coyhaique&#038;url=https:\/\/radiorevelacionfm.cl\/?p=52377' aria-hidden='false' data-av_icon='\ue8fc' data-av_iconfont='entypo-fontello' title='' data-avia-related-tooltip='Compartir en LinkedIn' rel=\"noopener\"><span class='avia_hidden_link_text'>Compartir en LinkedIn<\/span><\/a><\/li><li class='av-share-link av-social-link-mail' ><a  aria-label=\"Compartir por correo\" href='mailto:?subject=Cerca%20de%20un%2015%25%20de%20avance%20presenta%20construcci%C3%B3n%20de%20las%20primeras%20237%20viviendas%20en%20Chacra%20G%20de%20Coyhaique&#038;body=https:\/\/radiorevelacionfm.cl\/?p=52377' aria-hidden='false' data-av_icon='\ue805' data-av_iconfont='entypo-fontello' title='' data-avia-related-tooltip='Compartir por correo'><span class='avia_hidden_link_text'>Compartir por correo<\/span><\/a><\/li><\/ul><\/div><\/div>\n<div  style='height:50px' class='hr hr-invisible   avia-builder-el-8  el_after_av_social_share  el_before_av_comments_list '><span class='hr-inner ' ><span class='hr-inner-style'><\/span><\/span><\/div>\n<div  class='av-buildercomment  av-blog-meta-html-info-disabled av-blog-meta-tag-disabled  '><\/div>\n","protected":false},"excerpt":{"rendered":"","protected":false},"author":1,"featured_media":52378,"comment_status":"closed","ping_status":"closed","sticky":false,"template":"","format":"standard","meta":{"footnotes":""},"categories":[57],"tags":[],"class_list":["post-52377","post","type-post","status-publish","format-standard","has-post-thumbnail","hentry","category-vivienda"],"jetpack_featured_media_url":"https:\/\/radiorevelacionfm.cl\/wp-content\/uploads\/2025\/04\/construccion-viviendas-chacra-g1-coyhaique-1_optimized-1.jpeg","_links":{"self":[{"href":"https:\/\/radiorevelacionfm.cl\/index.php?rest_route=\/wp\/v2\/posts\/52377","targetHints":{"allow":["GET"]}}],"collection":[{"href":"https:\/\/radiorevelacionfm.cl\/index.php?rest_route=\/wp\/v2\/posts"}],"about":[{"href":"https:\/\/radiorevelacionfm.cl\/index.php?rest_route=\/wp\/v2\/types\/post"}],"author":[{"embeddable":true,"href":"https:\/\/radiorevelacionfm.cl\/index.php?rest_route=\/wp\/v2\/users\/1"}],"replies":[{"embeddable":true,"href":"https:\/\/radiorevelacionfm.cl\/index.php?rest_route=%2Fwp%2Fv2%2Fcomments&post=52377"}],"version-history":[{"count":2,"href":"https:\/\/radiorevelacionfm.cl\/index.php?rest_route=\/wp\/v2\/posts\/52377\/revisions"}],"predecessor-version":[{"id":52380,"href":"https:\/\/radiorevelacionfm.cl\/index.php?rest_route=\/wp\/v2\/posts\/52377\/revisions\/52380"}],"wp:featuredmedia":[{"embeddable":true,"href":"https:\/\/radiorevelacionfm.cl\/index.php?rest_route=\/wp\/v2\/media\/52378"}],"wp:attachment":[{"href":"https:\/\/radiorevelacionfm.cl\/index.php?rest_route=%2Fwp%2Fv2%2Fmedia&parent=52377"}],"wp:term":[{"taxonomy":"category","embeddable":true,"href":"https:\/\/radiorevelacionfm.cl\/index.php?rest_route=%2Fwp%2Fv2%2Fcategories&post=52377"},{"taxonomy":"post_tag","embeddable":true,"href":"https:\/\/radiorevelacionfm.cl\/index.php?rest_route=%2Fwp%2Fv2%2Ftags&post=52377"}],"curies":[{"name":"wp","href":"https:\/\/api.w.org\/{rel}","templated":true}]}}