{"id":52373,"date":"2025-04-09T09:40:22","date_gmt":"2025-04-09T12:40:22","guid":{"rendered":"https:\/\/radiorevelacionfm.cl\/?p=52373"},"modified":"2025-04-09T09:40:22","modified_gmt":"2025-04-09T12:40:22","slug":"culturas-aysen-invita-a-celebrar-los-80-anos-del-nobel-de-gabriela-mistral","status":"publish","type":"post","link":"https:\/\/radiorevelacionfm.cl\/?p=52373","title":{"rendered":"Culturas Ays\u00e9n invita a celebrar los 80 a\u00f1os del Nobel de Gabriela Mistral"},"content":{"rendered":"<div class=\"flex_column av_one_full  flex_column_div av-zero-column-padding first  avia-builder-el-0  el_before_av_one_full  avia-builder-el-first  \" style='border-radius:0px; '><div  class='avia-image-container  av-styling-    avia-builder-el-1  avia-builder-el-no-sibling  avia-align-center '  itemprop=\"image\" itemscope=\"itemscope\" itemtype=\"https:\/\/schema.org\/ImageObject\"  ><div class='avia-image-container-inner'><div class='avia-image-overlay-wrap'><img decoding=\"async\" class='wp-image-52374 avia-img-lazy-loading-not-52374 avia_image' src=\"https:\/\/radiorevelacionfm.cl\/wp-content\/uploads\/2025\/04\/gabriela-mistral-1-1.jpg\" alt='' title='gabriela mistral (1) (1)' height=\"600\" width=\"957\"  itemprop=\"thumbnailUrl\" srcset=\"https:\/\/radiorevelacionfm.cl\/wp-content\/uploads\/2025\/04\/gabriela-mistral-1-1.jpg 957w, https:\/\/radiorevelacionfm.cl\/wp-content\/uploads\/2025\/04\/gabriela-mistral-1-1-300x188.jpg 300w, https:\/\/radiorevelacionfm.cl\/wp-content\/uploads\/2025\/04\/gabriela-mistral-1-1-768x482.jpg 768w, https:\/\/radiorevelacionfm.cl\/wp-content\/uploads\/2025\/04\/gabriela-mistral-1-1-705x442.jpg 705w, https:\/\/radiorevelacionfm.cl\/wp-content\/uploads\/2025\/04\/gabriela-mistral-1-1-450x282.jpg 450w, https:\/\/radiorevelacionfm.cl\/wp-content\/uploads\/2025\/04\/gabriela-mistral-1-1-600x376.jpg 600w\" sizes=\"(max-width: 957px) 100vw, 957px\" \/><\/div><\/div><\/div><\/div><div class=\"flex_column av_one_full  flex_column_div av-zero-column-padding first  avia-builder-el-2  el_after_av_one_full  el_before_av_one_full  column-top-margin\" style='border-radius:0px; '><section class=\"av_textblock_section \"  itemscope=\"itemscope\" itemtype=\"https:\/\/schema.org\/BlogPosting\" itemprop=\"blogPost\" ><div class='avia_textblock  '   itemprop=\"text\" ><p style=\"text-align: center;\"><span style=\"font-size: 18pt;\"><b>Culturas Ays\u00e9n invita a celebrar los 80 a\u00f1os del Nobel de Gabriela Mistral<\/b><\/span><\/p>\n<div id=\"gtx-trans\" style=\"position: absolute; left: -50px; top: 4.31534px;\">\n<div class=\"gtx-trans-icon\"><\/div>\n<\/div>\n<\/div><\/section><\/div><div class=\"flex_column av_one_full  flex_column_div av-zero-column-padding first  avia-builder-el-4  el_after_av_one_full  el_before_av_hr  column-top-margin\" style='border-radius:0px; '><section class=\"av_textblock_section \"  itemscope=\"itemscope\" itemtype=\"https:\/\/schema.org\/BlogPosting\" itemprop=\"blogPost\" ><div class='avia_textblock  '   itemprop=\"text\" ><p style=\"text-align: justify;\">Con el cumplea\u00f1os n\u00famero 136 de la poeta chilena Gabriela Mistral se dio inicio a las celebraciones por los 80 a\u00f1os del Premio Nobel de Literatura que obtuvo en 1945, en el denominado D\u00eda de Gabriela Mistral por primera vez, por decreto de ley.<\/p>\n<p style=\"text-align: justify;\">Se trata de una amplia cartelera art\u00edstico cultural que se extender\u00e1 hasta el 10 de diciembre en todas las regiones del pa\u00eds y cuyo contenido puede ya visitarse en <a href=\"http:\/\/GabrielaMistral80.cl\">GabrielaMistral80.cl<\/a>.<\/p>\n<p style=\"text-align: justify;\">En el caso de la Regi\u00f3n de Ays\u00e9n, las actividades comenzaron con una doble funci\u00f3n del documental dirigido por Mar\u00eda Wood, Locas mujeres, que narra en clave epistolar el v\u00ednculo profundo de Gabriela Mistral con su albacea Doris Dana. Al menos 70 estudiantes de diferentes liceos de la ciudad de Coyhaique participaron de una exhibici\u00f3n gratuita.<\/p>\n<p style=\"text-align: justify;\">El a\u00f1o dedicado a a la \u00fanica poeta de habla hispana que ha obtenido el premio Nobel de Literatura en nuestra regi\u00f3n estar\u00e1 concentrado en su di\u00e1logo con la naturaleza. Con el apoyo del Plan Nacional de la Lectura, estudiantes de ense\u00f1anza media de los liceos Agr\u00edcola de la Patagonia, Ricardo Navarrete, Josefina Aguirre y el Colegio Alborada participar\u00e1n en jornadas relativas al Poema de Chile, para seleccionar textos e invitar a una escritura creativa.<\/p>\n<p style=\"text-align: justify;\">El seremi de Culturas Ays\u00e9n, Felipe Quiroz, dijo que \u201cdesde este extremo del sur, donde la cordillera se abraza con el mar, celebramos los 80 a\u00f1os del Nobel de Gabriela Mistral como un acto profundamente pol\u00edtico y po\u00e9tico. Como Gobierno del presidente Gabriel Boric, creemos en la cultura como un derecho y en la palabra como territorio. Por eso, en Ays\u00e9n, sembramos su legado en nuestras escuelas, nuestros paisajes y nuestras comunidades, porque honrar a Gabriela es tambi\u00e9n defender la belleza, la memoria y la dignidad\u201d.<\/p>\n<p style=\"text-align: justify;\">Debido a las condiciones clim\u00e1ticas del territorio, las actividades al aire libre tendr\u00e1n lugar en abril, mayo, octubre y noviembre en la Reserva Nacional Coyhaique junto a docentes y equipos creativos.<\/p>\n<p style=\"text-align: justify;\">La Seremi de Culturas Ays\u00e9n invita a particulares e instituciones que quieran protagonizar esta fiesta nacional en torno a Gabriela Mistral a inscribir sus actividades en <a href=\"http:\/\/GabrielaMistral80.cl\">GabrielaMistral80.cl<\/a>.<\/p>\n<\/div><\/section><\/div><div  style='height:50px' class='hr hr-invisible   avia-builder-el-6  el_after_av_one_full  el_before_av_social_share '><span class='hr-inner ' ><span class='hr-inner-style'><\/span><\/span><\/div><\/p>\n<div  class='av-social-sharing-box  avia-builder-el-7  el_after_av_hr  el_before_av_hr  '><div class='av-share-box'><h5 class='av-share-link-description av-no-toc '>Compartir esta noticia<\/h5><ul class='av-share-box-list noLightbox'><li class='av-share-link av-social-link-facebook' ><a target=\"_blank\" aria-label=\"Compartir en Facebook\" href='https:\/\/www.facebook.com\/sharer.php?u=https:\/\/radiorevelacionfm.cl\/?p=52373&#038;t=Culturas%20Ays%C3%A9n%20invita%20a%20celebrar%20los%2080%20a%C3%B1os%20del%20Nobel%20de%20Gabriela%20Mistral' aria-hidden='false' data-av_icon='\ue8f3' data-av_iconfont='entypo-fontello' title='' data-avia-related-tooltip='Compartir en Facebook' rel=\"noopener\"><span class='avia_hidden_link_text'>Compartir en Facebook<\/span><\/a><\/li><li class='av-share-link av-social-link-twitter' ><a target=\"_blank\" aria-label=\"Compartir en Twitter\" href='https:\/\/twitter.com\/share?text=Culturas%20Ays%C3%A9n%20invita%20a%20celebrar%20los%2080%20a%C3%B1os%20del%20Nobel%20de%20Gabriela%20Mistral&#038;url=https:\/\/radiorevelacionfm.cl\/?p=52373' aria-hidden='false' data-av_icon='\ue8f1' data-av_iconfont='entypo-fontello' title='' data-avia-related-tooltip='Compartir en Twitter' rel=\"noopener\"><span class='avia_hidden_link_text'>Compartir en Twitter<\/span><\/a><\/li><li class='av-share-link av-social-link-whatsapp' ><a target=\"_blank\" aria-label=\"Compartir en Whatsapp\" href='https:\/\/api.whatsapp.com\/send?text=https:\/\/radiorevelacionfm.cl\/?p=52373' aria-hidden='false' data-av_icon='\uf232' data-av_iconfont='entypo-fontello' title='' data-avia-related-tooltip='Compartir en Whatsapp' rel=\"noopener\"><span class='avia_hidden_link_text'>Compartir en Whatsapp<\/span><\/a><\/li><li class='av-share-link av-social-link-linkedin' ><a target=\"_blank\" aria-label=\"Compartir en LinkedIn\" href='https:\/\/linkedin.com\/shareArticle?mini=true&#038;title=Culturas%20Ays%C3%A9n%20invita%20a%20celebrar%20los%2080%20a%C3%B1os%20del%20Nobel%20de%20Gabriela%20Mistral&#038;url=https:\/\/radiorevelacionfm.cl\/?p=52373' aria-hidden='false' data-av_icon='\ue8fc' data-av_iconfont='entypo-fontello' title='' data-avia-related-tooltip='Compartir en LinkedIn' rel=\"noopener\"><span class='avia_hidden_link_text'>Compartir en LinkedIn<\/span><\/a><\/li><li class='av-share-link av-social-link-mail' ><a  aria-label=\"Compartir por correo\" href='mailto:?subject=Culturas%20Ays%C3%A9n%20invita%20a%20celebrar%20los%2080%20a%C3%B1os%20del%20Nobel%20de%20Gabriela%20Mistral&#038;body=https:\/\/radiorevelacionfm.cl\/?p=52373' aria-hidden='false' data-av_icon='\ue805' data-av_iconfont='entypo-fontello' title='' data-avia-related-tooltip='Compartir por correo'><span class='avia_hidden_link_text'>Compartir por correo<\/span><\/a><\/li><\/ul><\/div><\/div>\n<div  style='height:50px' class='hr hr-invisible   avia-builder-el-8  el_after_av_social_share  el_before_av_comments_list '><span class='hr-inner ' ><span class='hr-inner-style'><\/span><\/span><\/div>\n<div  class='av-buildercomment  av-blog-meta-html-info-disabled av-blog-meta-tag-disabled  '><\/div>\n","protected":false},"excerpt":{"rendered":"","protected":false},"author":1,"featured_media":52374,"comment_status":"closed","ping_status":"closed","sticky":false,"template":"","format":"standard","meta":{"footnotes":""},"categories":[52],"tags":[],"class_list":["post-52373","post","type-post","status-publish","format-standard","has-post-thumbnail","hentry","category-cultura"],"jetpack_featured_media_url":"https:\/\/radiorevelacionfm.cl\/wp-content\/uploads\/2025\/04\/gabriela-mistral-1-1.jpg","_links":{"self":[{"href":"https:\/\/radiorevelacionfm.cl\/index.php?rest_route=\/wp\/v2\/posts\/52373","targetHints":{"allow":["GET"]}}],"collection":[{"href":"https:\/\/radiorevelacionfm.cl\/index.php?rest_route=\/wp\/v2\/posts"}],"about":[{"href":"https:\/\/radiorevelacionfm.cl\/index.php?rest_route=\/wp\/v2\/types\/post"}],"author":[{"embeddable":true,"href":"https:\/\/radiorevelacionfm.cl\/index.php?rest_route=\/wp\/v2\/users\/1"}],"replies":[{"embeddable":true,"href":"https:\/\/radiorevelacionfm.cl\/index.php?rest_route=%2Fwp%2Fv2%2Fcomments&post=52373"}],"version-history":[{"count":2,"href":"https:\/\/radiorevelacionfm.cl\/index.php?rest_route=\/wp\/v2\/posts\/52373\/revisions"}],"predecessor-version":[{"id":52429,"href":"https:\/\/radiorevelacionfm.cl\/index.php?rest_route=\/wp\/v2\/posts\/52373\/revisions\/52429"}],"wp:featuredmedia":[{"embeddable":true,"href":"https:\/\/radiorevelacionfm.cl\/index.php?rest_route=\/wp\/v2\/media\/52374"}],"wp:attachment":[{"href":"https:\/\/radiorevelacionfm.cl\/index.php?rest_route=%2Fwp%2Fv2%2Fmedia&parent=52373"}],"wp:term":[{"taxonomy":"category","embeddable":true,"href":"https:\/\/radiorevelacionfm.cl\/index.php?rest_route=%2Fwp%2Fv2%2Fcategories&post=52373"},{"taxonomy":"post_tag","embeddable":true,"href":"https:\/\/radiorevelacionfm.cl\/index.php?rest_route=%2Fwp%2Fv2%2Ftags&post=52373"}],"curies":[{"name":"wp","href":"https:\/\/api.w.org\/{rel}","templated":true}]}}