{"id":52370,"date":"2025-04-08T15:37:21","date_gmt":"2025-04-08T18:37:21","guid":{"rendered":"https:\/\/radiorevelacionfm.cl\/?p=52370"},"modified":"2025-04-08T15:37:21","modified_gmt":"2025-04-08T18:37:21","slug":"comenzo-la-convocatoria-para-el-programa-de-voluntariado-juvenil-de-la-alianza-del-pacifico-2025","status":"publish","type":"post","link":"https:\/\/radiorevelacionfm.cl\/?p=52370","title":{"rendered":"Comenz\u00f3 la convocatoria para el Programa de Voluntariado Juvenil de la Alianza del Pac\u00edfico 2025"},"content":{"rendered":"<div class=\"flex_column av_one_full  flex_column_div av-zero-column-padding first  avia-builder-el-0  el_before_av_one_full  avia-builder-el-first  \" style='border-radius:0px; '><div  class='avia-image-container  av-styling-    avia-builder-el-1  avia-builder-el-no-sibling  avia-align-center '  itemprop=\"image\" itemscope=\"itemscope\" itemtype=\"https:\/\/schema.org\/ImageObject\"  ><div class='avia-image-container-inner'><div class='avia-image-overlay-wrap'><img decoding=\"async\" class='wp-image-52371 avia-img-lazy-loading-not-52371 avia_image' src=\"https:\/\/radiorevelacionfm.cl\/wp-content\/uploads\/2025\/04\/alianza-del-pacifico-1_optimized-1_optimized-1.jpg\" alt='' title='alianza-del-pac\u00edfico-(1)_optimized-(1)_optimized (1)' height=\"800\" width=\"800\"  itemprop=\"thumbnailUrl\" srcset=\"https:\/\/radiorevelacionfm.cl\/wp-content\/uploads\/2025\/04\/alianza-del-pacifico-1_optimized-1_optimized-1.jpg 800w, https:\/\/radiorevelacionfm.cl\/wp-content\/uploads\/2025\/04\/alianza-del-pacifico-1_optimized-1_optimized-1-300x300.jpg 300w, https:\/\/radiorevelacionfm.cl\/wp-content\/uploads\/2025\/04\/alianza-del-pacifico-1_optimized-1_optimized-1-80x80.jpg 80w, https:\/\/radiorevelacionfm.cl\/wp-content\/uploads\/2025\/04\/alianza-del-pacifico-1_optimized-1_optimized-1-768x768.jpg 768w, https:\/\/radiorevelacionfm.cl\/wp-content\/uploads\/2025\/04\/alianza-del-pacifico-1_optimized-1_optimized-1-36x36.jpg 36w, https:\/\/radiorevelacionfm.cl\/wp-content\/uploads\/2025\/04\/alianza-del-pacifico-1_optimized-1_optimized-1-180x180.jpg 180w, https:\/\/radiorevelacionfm.cl\/wp-content\/uploads\/2025\/04\/alianza-del-pacifico-1_optimized-1_optimized-1-705x705.jpg 705w, https:\/\/radiorevelacionfm.cl\/wp-content\/uploads\/2025\/04\/alianza-del-pacifico-1_optimized-1_optimized-1-120x120.jpg 120w, https:\/\/radiorevelacionfm.cl\/wp-content\/uploads\/2025\/04\/alianza-del-pacifico-1_optimized-1_optimized-1-450x450.jpg 450w, https:\/\/radiorevelacionfm.cl\/wp-content\/uploads\/2025\/04\/alianza-del-pacifico-1_optimized-1_optimized-1-600x600.jpg 600w, https:\/\/radiorevelacionfm.cl\/wp-content\/uploads\/2025\/04\/alianza-del-pacifico-1_optimized-1_optimized-1-100x100.jpg 100w\" sizes=\"(max-width: 800px) 100vw, 800px\" \/><\/div><\/div><\/div><\/div><div class=\"flex_column av_one_full  flex_column_div av-zero-column-padding first  avia-builder-el-2  el_after_av_one_full  el_before_av_one_full  column-top-margin\" style='border-radius:0px; '><section class=\"av_textblock_section \"  itemscope=\"itemscope\" itemtype=\"https:\/\/schema.org\/BlogPosting\" itemprop=\"blogPost\" ><div class='avia_textblock  '   itemprop=\"text\" ><p style=\"text-align: center;\"><strong><span style=\"font-size: 18pt;\">Comenz\u00f3 la convocatoria para el Programa de Voluntariado Juvenil de la Alianza del Pac\u00edfico 2025<\/span><\/strong><\/p>\n<div id=\"gtx-trans\" style=\"position: absolute; left: -50px; top: 4.31534px;\">\n<div class=\"gtx-trans-icon\"><\/div>\n<\/div>\n<\/div><\/section><\/div><div class=\"flex_column av_one_full  flex_column_div av-zero-column-padding first  avia-builder-el-4  el_after_av_one_full  el_before_av_hr  column-top-margin\" style='border-radius:0px; '><section class=\"av_textblock_section \"  itemscope=\"itemscope\" itemtype=\"https:\/\/schema.org\/BlogPosting\" itemprop=\"blogPost\" ><div class='avia_textblock  '   itemprop=\"text\" ><p style=\"text-align: justify;\"><em>En esta d\u00e9cima versi\u00f3n se espera movilizar a 20 personas por pa\u00eds.<\/em> <em>Los requisitos de postulaci\u00f3n son independientes en cada uno los proyectos a los que se puede optar.<\/em><\/p>\n<p style=\"text-align: justify;\">Hasta el 28 de abril, estar\u00e1 abierta la convocatoria para la d\u00e9cima versi\u00f3n del Programa de Voluntariado Juvenil de la Alianza del Pac\u00edfico. Esta iniciativa busca que personas j\u00f3venes entre los 18 y 29 a\u00f1os de Chile, Per\u00fa, Colombia y M\u00e9xico, contribuyan a superar los desaf\u00edos de la regi\u00f3n, a trav\u00e9s de proyectos que tendr\u00e1n una duraci\u00f3n, en su etapa presencial, de 10 d\u00edas a tres semanas.<\/p>\n<p style=\"text-align: justify;\">La participaci\u00f3n en este Programa brinda una experiencia de intercambio cultural muy enriquecedora entre personas j\u00f3venes de los cuatro pa\u00edses, en la que se crean v\u00ednculos significativos y se construyen propuestas de cambio ante problem\u00e1ticas sociales y ambientales que afectan a la regi\u00f3n.<\/p>\n<p style=\"text-align: justify;\">Con este tipo de actividades, la Alianza del Pac\u00edfico busca impulsar el intercambio mediante instancias que formen vocaci\u00f3n y conductas solidarias en las personas j\u00f3venes, que influyan positivamente en la sociedad, teniendo en cuenta que las juventudes son figuras claves.<\/p>\n<p style=\"text-align: justify;\">El director regional de INJUV Ays\u00e9n, Camilo Trivi\u00f1o Urtubia, se\u00f1al\u00f3 que \u201cpor tercer a\u00f1o consecutivo hacemos un llamado a las juventudes de nuestra regi\u00f3n, a sumarse al proyecto liderado por INJUV que busca mantener viva la memoria hist\u00f3rica e impactar en las trayectorias personales y profesionales de quienes son parte de esta experiencia de aprendizaje\u201d.<\/p>\n<p style=\"text-align: justify;\"><strong>Proyectos<\/strong><\/p>\n<p style=\"text-align: justify;\">El Programa se desarrolla a trav\u00e9s de cuatro proyectos, uno por pa\u00eds, y que abordan distintas tem\u00e1ticas detalladas a continuaci\u00f3n:<\/p>\n<ul style=\"text-align: justify;\">\n<li><strong>Proyecto de Chile<\/strong>: \u201cJuventudes, feminismo y memoria\u201d. La fase presencial se realizar\u00e1 <u>del<\/u> <u>10 al 26 de agosto<\/u>.<\/li>\n<li><strong>Proyecto de Colombia<\/strong>: \u201cJuventudes y transformaci\u00f3n territorial\u201d. La fase presencial se realizar <u>del 01 al 16 de octubre<\/u>.<\/li>\n<li><strong>Proyecto de M\u00e9xico<\/strong>: \u201cVoluntad Joven: Construyendo Comunidad\u00bb. La fase presencial se realizar <u>del 16 al 25 de julio<\/u>.<\/li>\n<li><strong>Proyecto del Per\u00fa<\/strong>: \u201cA-Gente de Cambio: promoci\u00f3n de la salud mental en La fase presencial se realizar <u>del 18 de septiembre al 07 de octubre<\/u><\/li>\n<\/ul>\n<p style=\"text-align: justify;\">Para m\u00e1s detalles puedes visitar la p\u00e1gina web de la Alianza del Pac\u00edfico <a href=\"https:\/\/voluntariado.alianzapacifico.net\/\">https:\/\/voluntariado.alianzapacifico.net\/<\/a> .<\/p>\n<\/div><\/section><\/div><div  style='height:50px' class='hr hr-invisible   avia-builder-el-6  el_after_av_one_full  el_before_av_social_share '><span class='hr-inner ' ><span class='hr-inner-style'><\/span><\/span><\/div><\/p>\n<div  class='av-social-sharing-box  avia-builder-el-7  el_after_av_hr  el_before_av_hr  '><div class='av-share-box'><h5 class='av-share-link-description av-no-toc '>Compartir esta noticia<\/h5><ul class='av-share-box-list noLightbox'><li class='av-share-link av-social-link-facebook' ><a target=\"_blank\" aria-label=\"Compartir en Facebook\" href='https:\/\/www.facebook.com\/sharer.php?u=https:\/\/radiorevelacionfm.cl\/?p=52370&#038;t=Comenz%C3%B3%20la%20convocatoria%20para%20el%20Programa%20de%20Voluntariado%20Juvenil%20de%20la%20Alianza%20del%20Pac%C3%ADfico%202025' aria-hidden='false' data-av_icon='\ue8f3' data-av_iconfont='entypo-fontello' title='' data-avia-related-tooltip='Compartir en Facebook' rel=\"noopener\"><span class='avia_hidden_link_text'>Compartir en Facebook<\/span><\/a><\/li><li class='av-share-link av-social-link-twitter' ><a target=\"_blank\" aria-label=\"Compartir en Twitter\" href='https:\/\/twitter.com\/share?text=Comenz%C3%B3%20la%20convocatoria%20para%20el%20Programa%20de%20Voluntariado%20Juvenil%20de%20la%20Alianza%20del%20Pac%C3%ADfico%202025&#038;url=https:\/\/radiorevelacionfm.cl\/?p=52370' aria-hidden='false' data-av_icon='\ue8f1' data-av_iconfont='entypo-fontello' title='' data-avia-related-tooltip='Compartir en Twitter' rel=\"noopener\"><span class='avia_hidden_link_text'>Compartir en Twitter<\/span><\/a><\/li><li class='av-share-link av-social-link-whatsapp' ><a target=\"_blank\" aria-label=\"Compartir en Whatsapp\" href='https:\/\/api.whatsapp.com\/send?text=https:\/\/radiorevelacionfm.cl\/?p=52370' aria-hidden='false' data-av_icon='\uf232' data-av_iconfont='entypo-fontello' title='' data-avia-related-tooltip='Compartir en Whatsapp' rel=\"noopener\"><span class='avia_hidden_link_text'>Compartir en Whatsapp<\/span><\/a><\/li><li class='av-share-link av-social-link-linkedin' ><a target=\"_blank\" aria-label=\"Compartir en LinkedIn\" href='https:\/\/linkedin.com\/shareArticle?mini=true&#038;title=Comenz%C3%B3%20la%20convocatoria%20para%20el%20Programa%20de%20Voluntariado%20Juvenil%20de%20la%20Alianza%20del%20Pac%C3%ADfico%202025&#038;url=https:\/\/radiorevelacionfm.cl\/?p=52370' aria-hidden='false' data-av_icon='\ue8fc' data-av_iconfont='entypo-fontello' title='' data-avia-related-tooltip='Compartir en LinkedIn' rel=\"noopener\"><span class='avia_hidden_link_text'>Compartir en LinkedIn<\/span><\/a><\/li><li class='av-share-link av-social-link-mail' ><a  aria-label=\"Compartir por correo\" href='mailto:?subject=Comenz%C3%B3%20la%20convocatoria%20para%20el%20Programa%20de%20Voluntariado%20Juvenil%20de%20la%20Alianza%20del%20Pac%C3%ADfico%202025&#038;body=https:\/\/radiorevelacionfm.cl\/?p=52370' aria-hidden='false' data-av_icon='\ue805' data-av_iconfont='entypo-fontello' title='' data-avia-related-tooltip='Compartir por correo'><span class='avia_hidden_link_text'>Compartir por correo<\/span><\/a><\/li><\/ul><\/div><\/div>\n<div  style='height:50px' class='hr hr-invisible   avia-builder-el-8  el_after_av_social_share  el_before_av_comments_list '><span class='hr-inner ' ><span class='hr-inner-style'><\/span><\/span><\/div>\n<div  class='av-buildercomment  av-blog-meta-html-info-disabled av-blog-meta-tag-disabled  '><\/div>\n","protected":false},"excerpt":{"rendered":"","protected":false},"author":1,"featured_media":52371,"comment_status":"closed","ping_status":"closed","sticky":false,"template":"","format":"standard","meta":{"footnotes":""},"categories":[38],"tags":[],"class_list":["post-52370","post","type-post","status-publish","format-standard","has-post-thumbnail","hentry","category-regional"],"jetpack_featured_media_url":"https:\/\/radiorevelacionfm.cl\/wp-content\/uploads\/2025\/04\/alianza-del-pacifico-1_optimized-1_optimized-1.jpg","_links":{"self":[{"href":"https:\/\/radiorevelacionfm.cl\/index.php?rest_route=\/wp\/v2\/posts\/52370","targetHints":{"allow":["GET"]}}],"collection":[{"href":"https:\/\/radiorevelacionfm.cl\/index.php?rest_route=\/wp\/v2\/posts"}],"about":[{"href":"https:\/\/radiorevelacionfm.cl\/index.php?rest_route=\/wp\/v2\/types\/post"}],"author":[{"embeddable":true,"href":"https:\/\/radiorevelacionfm.cl\/index.php?rest_route=\/wp\/v2\/users\/1"}],"replies":[{"embeddable":true,"href":"https:\/\/radiorevelacionfm.cl\/index.php?rest_route=%2Fwp%2Fv2%2Fcomments&post=52370"}],"version-history":[{"count":2,"href":"https:\/\/radiorevelacionfm.cl\/index.php?rest_route=\/wp\/v2\/posts\/52370\/revisions"}],"predecessor-version":[{"id":52376,"href":"https:\/\/radiorevelacionfm.cl\/index.php?rest_route=\/wp\/v2\/posts\/52370\/revisions\/52376"}],"wp:featuredmedia":[{"embeddable":true,"href":"https:\/\/radiorevelacionfm.cl\/index.php?rest_route=\/wp\/v2\/media\/52371"}],"wp:attachment":[{"href":"https:\/\/radiorevelacionfm.cl\/index.php?rest_route=%2Fwp%2Fv2%2Fmedia&parent=52370"}],"wp:term":[{"taxonomy":"category","embeddable":true,"href":"https:\/\/radiorevelacionfm.cl\/index.php?rest_route=%2Fwp%2Fv2%2Fcategories&post=52370"},{"taxonomy":"post_tag","embeddable":true,"href":"https:\/\/radiorevelacionfm.cl\/index.php?rest_route=%2Fwp%2Fv2%2Ftags&post=52370"}],"curies":[{"name":"wp","href":"https:\/\/api.w.org\/{rel}","templated":true}]}}