{"id":52366,"date":"2025-04-08T14:57:29","date_gmt":"2025-04-08T17:57:29","guid":{"rendered":"https:\/\/radiorevelacionfm.cl\/?p=52366"},"modified":"2025-04-08T14:57:29","modified_gmt":"2025-04-08T17:57:29","slug":"vecinos-celebran-la-entrega-de-101-subsidios-para-el-comite-union-y-esperanza-de-balmaceda","status":"publish","type":"post","link":"https:\/\/radiorevelacionfm.cl\/?p=52366","title":{"rendered":"Vecinos celebran la entrega de 101 subsidios para el comit\u00e9 Uni\u00f3n y Esperanza de Balmaceda"},"content":{"rendered":"<div class=\"flex_column av_one_full  flex_column_div av-zero-column-padding first  avia-builder-el-0  el_before_av_one_full  avia-builder-el-first  \" style='border-radius:0px; '><div  class='avia-image-container  av-styling-    avia-builder-el-1  avia-builder-el-no-sibling  avia-align-center '  itemprop=\"image\" itemscope=\"itemscope\" itemtype=\"https:\/\/schema.org\/ImageObject\"  ><div class='avia-image-container-inner'><div class='avia-image-overlay-wrap'><img decoding=\"async\" class='wp-image-52367 avia-img-lazy-loading-not-52367 avia_image' src=\"https:\/\/radiorevelacionfm.cl\/wp-content\/uploads\/2025\/04\/foto-comitE-balmaceda-1_optimized-1.jpeg\" alt='' title='foto-comit\u00c9-balmaceda-(1)_optimized (1)' height=\"600\" width=\"1067\"  itemprop=\"thumbnailUrl\" srcset=\"https:\/\/radiorevelacionfm.cl\/wp-content\/uploads\/2025\/04\/foto-comitE-balmaceda-1_optimized-1.jpeg 1067w, https:\/\/radiorevelacionfm.cl\/wp-content\/uploads\/2025\/04\/foto-comitE-balmaceda-1_optimized-1-300x169.jpeg 300w, https:\/\/radiorevelacionfm.cl\/wp-content\/uploads\/2025\/04\/foto-comitE-balmaceda-1_optimized-1-1030x579.jpeg 1030w, https:\/\/radiorevelacionfm.cl\/wp-content\/uploads\/2025\/04\/foto-comitE-balmaceda-1_optimized-1-768x432.jpeg 768w, https:\/\/radiorevelacionfm.cl\/wp-content\/uploads\/2025\/04\/foto-comitE-balmaceda-1_optimized-1-705x396.jpeg 705w, https:\/\/radiorevelacionfm.cl\/wp-content\/uploads\/2025\/04\/foto-comitE-balmaceda-1_optimized-1-450x253.jpeg 450w, https:\/\/radiorevelacionfm.cl\/wp-content\/uploads\/2025\/04\/foto-comitE-balmaceda-1_optimized-1-600x337.jpeg 600w\" sizes=\"(max-width: 1067px) 100vw, 1067px\" \/><\/div><\/div><\/div><\/div><div class=\"flex_column av_one_full  flex_column_div av-zero-column-padding first  avia-builder-el-2  el_after_av_one_full  el_before_av_one_full  column-top-margin\" style='border-radius:0px; '><section class=\"av_textblock_section \"  itemscope=\"itemscope\" itemtype=\"https:\/\/schema.org\/BlogPosting\" itemprop=\"blogPost\" ><div class='avia_textblock  '   itemprop=\"text\" ><p style=\"text-align: center;\"><strong><span style=\"font-size: 18pt;\">Vecinos celebran la entrega de 101 subsidios para el comit\u00e9 Uni\u00f3n y Esperanza de Balmaceda<\/span><\/strong><\/p>\n<div id=\"gtx-trans\" style=\"position: absolute; left: -50px; top: 4.31534px;\">\n<div class=\"gtx-trans-icon\"><\/div>\n<\/div>\n<\/div><\/section><\/div><div class=\"flex_column av_one_full  flex_column_div av-zero-column-padding first  avia-builder-el-4  el_after_av_one_full  el_before_av_hr  column-top-margin\" style='border-radius:0px; '><section class=\"av_textblock_section \"  itemscope=\"itemscope\" itemtype=\"https:\/\/schema.org\/BlogPosting\" itemprop=\"blogPost\" ><div class='avia_textblock  '   itemprop=\"text\" ><p style=\"font-weight: 400; text-align: justify;\">Como una gran noticia calificaron los vecinos y el diputado Miguel \u00c1ngel Calisto la entrega de los subsidios para las 101 familias que componen el comit\u00e9 Uni\u00f3n Esperanza de Balmaceda, agrupaci\u00f3n que ha venido trabajando desde hace a\u00f1os con el parlamentario, quien aprovech\u00f3 de resaltar la importancia que tiene este proyecto para impulsar el desarrollo de toda la localidad.<\/p>\n<p style=\"font-weight: 400; text-align: justify;\">Seg\u00fan el diputado Miguel \u00c1ngel Calisto, \u201cles agradezco a los vecinos y dirigentes que hayan confiado en nosotros para sacar adelante este proyecto y poder avanzar en la gesti\u00f3n. Estamos contentos, porque se van a iniciar las obras en aproximadamente un mes m\u00e1s y esto viene a fortalecer la presencia de muchas familias en Balmaceda\u201d.<\/p>\n<p style=\"font-weight: 400; text-align: justify;\">Sobre los pr\u00f3ximos desaf\u00edos de Balmaceda, Calisto se\u00f1al\u00f3 que \u201cahora tenemos que pensar en mejorar la calidad de la salud, tenemos que pensar en un CESFAM o un CECOF, tomando en cuenta que la localidad crece. Tambi\u00e9n es necesario mejorar la locomoci\u00f3n, que es algo s\u00faper importante. Es decir, tenemos que tener una l\u00ednea de transporte frecuente para los vecinos de Balmaceda y que esta ciudad siga creciendo como se lo merece\u201d.<\/p>\n<p style=\"font-weight: 400; text-align: justify;\">Por su parte, la dirigenta del comit\u00e9 Uni\u00f3n y Esperanza, Lorena Calder\u00f3n, afirm\u00f3 que \u201ces un gran avance para nosotros. Estamos muy contentos, muy agradecidos tambi\u00e9n del diputado Miguel \u00c1ngel Calisto, de don Felipe Klein, que nos apoy\u00f3 desde el momento uno. Cuando necesit\u00e1bamos de ellos, ellos estaban ah\u00ed, apoy\u00e1ndonos en gestiones, en reuniones, en todo lo que fuera necesario para poder sacar adelante el comit\u00e9 y tambi\u00e9n nos aclar\u00f3 muchas dudas en su momento. As\u00ed que estamos muy agradecidos y esperamos seguir contando siempre con ustedes\u201d.<\/p>\n<p style=\"font-weight: 400; text-align: justify;\">Finalmente, Eduardo Jaque, dirigente del comit\u00e9, \u201choy d\u00eda es un d\u00eda muy feliz para todos nosotros, las 101 familias que conformamos este Comit\u00e9. Gracias tambi\u00e9n al apoyo del diputado Calisto, que estuvo siempre ayud\u00e1ndonos en todo momento, a don Felipe Klein, que fue parte fundamental tambi\u00e9n en este proceso. Y, como le digo, agradecer a toda nuestra gente que estuvo atr\u00e1s, que nunca baj\u00f3 los brazos, que nos apoy\u00f3 hasta el \u00faltimo momento. As\u00ed que feliz, feliz y agradecido de toda la gente que nos ayud\u00f3\u201d.<\/p>\n<\/div><\/section><\/div><div  style='height:50px' class='hr hr-invisible   avia-builder-el-6  el_after_av_one_full  el_before_av_social_share '><span class='hr-inner ' ><span class='hr-inner-style'><\/span><\/span><\/div><\/p>\n<div  class='av-social-sharing-box  avia-builder-el-7  el_after_av_hr  el_before_av_hr  '><div class='av-share-box'><h5 class='av-share-link-description av-no-toc '>Compartir esta noticia<\/h5><ul class='av-share-box-list noLightbox'><li class='av-share-link av-social-link-facebook' ><a target=\"_blank\" aria-label=\"Compartir en Facebook\" href='https:\/\/www.facebook.com\/sharer.php?u=https:\/\/radiorevelacionfm.cl\/?p=52366&#038;t=Vecinos%20celebran%20la%20entrega%20de%20101%20subsidios%20para%20el%20comit%C3%A9%20Uni%C3%B3n%20y%20Esperanza%20de%20Balmaceda' aria-hidden='false' data-av_icon='\ue8f3' data-av_iconfont='entypo-fontello' title='' data-avia-related-tooltip='Compartir en Facebook' rel=\"noopener\"><span class='avia_hidden_link_text'>Compartir en Facebook<\/span><\/a><\/li><li class='av-share-link av-social-link-twitter' ><a target=\"_blank\" aria-label=\"Compartir en Twitter\" href='https:\/\/twitter.com\/share?text=Vecinos%20celebran%20la%20entrega%20de%20101%20subsidios%20para%20el%20comit%C3%A9%20Uni%C3%B3n%20y%20Esperanza%20de%20Balmaceda&#038;url=https:\/\/radiorevelacionfm.cl\/?p=52366' aria-hidden='false' data-av_icon='\ue8f1' data-av_iconfont='entypo-fontello' title='' data-avia-related-tooltip='Compartir en Twitter' rel=\"noopener\"><span class='avia_hidden_link_text'>Compartir en Twitter<\/span><\/a><\/li><li class='av-share-link av-social-link-whatsapp' ><a target=\"_blank\" aria-label=\"Compartir en Whatsapp\" href='https:\/\/api.whatsapp.com\/send?text=https:\/\/radiorevelacionfm.cl\/?p=52366' aria-hidden='false' data-av_icon='\uf232' data-av_iconfont='entypo-fontello' title='' data-avia-related-tooltip='Compartir en Whatsapp' rel=\"noopener\"><span class='avia_hidden_link_text'>Compartir en Whatsapp<\/span><\/a><\/li><li class='av-share-link av-social-link-linkedin' ><a target=\"_blank\" aria-label=\"Compartir en LinkedIn\" href='https:\/\/linkedin.com\/shareArticle?mini=true&#038;title=Vecinos%20celebran%20la%20entrega%20de%20101%20subsidios%20para%20el%20comit%C3%A9%20Uni%C3%B3n%20y%20Esperanza%20de%20Balmaceda&#038;url=https:\/\/radiorevelacionfm.cl\/?p=52366' aria-hidden='false' data-av_icon='\ue8fc' data-av_iconfont='entypo-fontello' title='' data-avia-related-tooltip='Compartir en LinkedIn' rel=\"noopener\"><span class='avia_hidden_link_text'>Compartir en LinkedIn<\/span><\/a><\/li><li class='av-share-link av-social-link-mail' ><a  aria-label=\"Compartir por correo\" href='mailto:?subject=Vecinos%20celebran%20la%20entrega%20de%20101%20subsidios%20para%20el%20comit%C3%A9%20Uni%C3%B3n%20y%20Esperanza%20de%20Balmaceda&#038;body=https:\/\/radiorevelacionfm.cl\/?p=52366' aria-hidden='false' data-av_icon='\ue805' data-av_iconfont='entypo-fontello' title='' data-avia-related-tooltip='Compartir por correo'><span class='avia_hidden_link_text'>Compartir por correo<\/span><\/a><\/li><\/ul><\/div><\/div>\n<div  style='height:50px' class='hr hr-invisible   avia-builder-el-8  el_after_av_social_share  el_before_av_comments_list '><span class='hr-inner ' ><span class='hr-inner-style'><\/span><\/span><\/div>\n<div  class='av-buildercomment  av-blog-meta-html-info-disabled av-blog-meta-tag-disabled  '><\/div>\n","protected":false},"excerpt":{"rendered":"","protected":false},"author":1,"featured_media":52367,"comment_status":"closed","ping_status":"closed","sticky":false,"template":"","format":"standard","meta":{"footnotes":""},"categories":[57],"tags":[],"class_list":["post-52366","post","type-post","status-publish","format-standard","has-post-thumbnail","hentry","category-vivienda"],"jetpack_featured_media_url":"https:\/\/radiorevelacionfm.cl\/wp-content\/uploads\/2025\/04\/foto-comitE-balmaceda-1_optimized-1.jpeg","_links":{"self":[{"href":"https:\/\/radiorevelacionfm.cl\/index.php?rest_route=\/wp\/v2\/posts\/52366","targetHints":{"allow":["GET"]}}],"collection":[{"href":"https:\/\/radiorevelacionfm.cl\/index.php?rest_route=\/wp\/v2\/posts"}],"about":[{"href":"https:\/\/radiorevelacionfm.cl\/index.php?rest_route=\/wp\/v2\/types\/post"}],"author":[{"embeddable":true,"href":"https:\/\/radiorevelacionfm.cl\/index.php?rest_route=\/wp\/v2\/users\/1"}],"replies":[{"embeddable":true,"href":"https:\/\/radiorevelacionfm.cl\/index.php?rest_route=%2Fwp%2Fv2%2Fcomments&post=52366"}],"version-history":[{"count":2,"href":"https:\/\/radiorevelacionfm.cl\/index.php?rest_route=\/wp\/v2\/posts\/52366\/revisions"}],"predecessor-version":[{"id":52369,"href":"https:\/\/radiorevelacionfm.cl\/index.php?rest_route=\/wp\/v2\/posts\/52366\/revisions\/52369"}],"wp:featuredmedia":[{"embeddable":true,"href":"https:\/\/radiorevelacionfm.cl\/index.php?rest_route=\/wp\/v2\/media\/52367"}],"wp:attachment":[{"href":"https:\/\/radiorevelacionfm.cl\/index.php?rest_route=%2Fwp%2Fv2%2Fmedia&parent=52366"}],"wp:term":[{"taxonomy":"category","embeddable":true,"href":"https:\/\/radiorevelacionfm.cl\/index.php?rest_route=%2Fwp%2Fv2%2Fcategories&post=52366"},{"taxonomy":"post_tag","embeddable":true,"href":"https:\/\/radiorevelacionfm.cl\/index.php?rest_route=%2Fwp%2Fv2%2Ftags&post=52366"}],"curies":[{"name":"wp","href":"https:\/\/api.w.org\/{rel}","templated":true}]}}