{"id":52363,"date":"2025-04-09T14:58:39","date_gmt":"2025-04-09T17:58:39","guid":{"rendered":"https:\/\/radiorevelacionfm.cl\/?p=52363"},"modified":"2025-04-09T15:02:59","modified_gmt":"2025-04-09T18:02:59","slug":"funcionarios-municipales-de-la-region-fueron-capacitados-en-formulacion-de-proyectos-de-subdere-y-gobierno-regional","status":"publish","type":"post","link":"https:\/\/radiorevelacionfm.cl\/?p=52363","title":{"rendered":"Funcionarios municipales de la regi\u00f3n fueron capacitados en formulaci\u00f3n de proyectos de Subdere y Gobierno Regional"},"content":{"rendered":"<div class=\"flex_column av_one_full  flex_column_div av-zero-column-padding first  avia-builder-el-0  el_before_av_one_full  avia-builder-el-first  \" style='border-radius:0px; '><div  class='avia-image-container  av-styling-    avia-builder-el-1  avia-builder-el-no-sibling  avia-align-center '  itemprop=\"image\" itemscope=\"itemscope\" itemtype=\"https:\/\/schema.org\/ImageObject\"  ><div class='avia-image-container-inner'><div class='avia-image-overlay-wrap'><img decoding=\"async\" class='wp-image-52364 avia-img-lazy-loading-not-52364 avia_image' src=\"https:\/\/radiorevelacionfm.cl\/wp-content\/uploads\/2025\/04\/capacitacion-3-1_optimized-1.jpeg\" alt='' title='capacitaci\u00f3n-3-(1)_optimized (1)' height=\"600\" width=\"800\"  itemprop=\"thumbnailUrl\" srcset=\"https:\/\/radiorevelacionfm.cl\/wp-content\/uploads\/2025\/04\/capacitacion-3-1_optimized-1.jpeg 800w, https:\/\/radiorevelacionfm.cl\/wp-content\/uploads\/2025\/04\/capacitacion-3-1_optimized-1-300x225.jpeg 300w, https:\/\/radiorevelacionfm.cl\/wp-content\/uploads\/2025\/04\/capacitacion-3-1_optimized-1-768x576.jpeg 768w, https:\/\/radiorevelacionfm.cl\/wp-content\/uploads\/2025\/04\/capacitacion-3-1_optimized-1-705x529.jpeg 705w, https:\/\/radiorevelacionfm.cl\/wp-content\/uploads\/2025\/04\/capacitacion-3-1_optimized-1-450x338.jpeg 450w, https:\/\/radiorevelacionfm.cl\/wp-content\/uploads\/2025\/04\/capacitacion-3-1_optimized-1-600x450.jpeg 600w\" sizes=\"(max-width: 800px) 100vw, 800px\" \/><\/div><\/div><\/div><\/div>\n<div class=\"flex_column av_one_full  flex_column_div av-zero-column-padding first  avia-builder-el-2  el_after_av_one_full  el_before_av_one_full  column-top-margin\" style='border-radius:0px; '><section class=\"av_textblock_section \"  itemscope=\"itemscope\" itemtype=\"https:\/\/schema.org\/BlogPosting\" itemprop=\"blogPost\" ><div class='avia_textblock  '   itemprop=\"text\" ><p style=\"text-align: center;\"><strong><span style=\"font-size: 18pt;\">Funcionarios municipales de la regi\u00f3n fueron capacitados en formulaci\u00f3n de proyectos de Subdere y Gobierno Regional<\/span><\/strong><\/p>\n<div id=\"gtx-trans\" style=\"position: absolute; left: -50px; top: 4.31534px;\">\n<div class=\"gtx-trans-icon\"><\/div>\n<\/div>\n<\/div><\/section><\/div><div class=\"flex_column av_one_full  flex_column_div av-zero-column-padding first  avia-builder-el-4  el_after_av_one_full  el_before_av_hr  column-top-margin\" style='border-radius:0px; '><section class=\"av_textblock_section \"  itemscope=\"itemscope\" itemtype=\"https:\/\/schema.org\/BlogPosting\" itemprop=\"blogPost\" ><div class='avia_textblock  '   itemprop=\"text\" ><p style=\"text-align: justify;\"><em>Durante tres d\u00edas y con presencia de funcionarios de nivel central de SUBDERE, de Gobierno Regional y de Ministerio de Desarrollo Social y Familia se desarroll\u00f3 un gran encuentro donde se revis\u00f3 formulaci\u00f3n y rendici\u00f3n de iniciativas muy relevantes para el quehacer municipal.<\/em><\/p>\n<p style=\"text-align: justify;\">Durante la semana reci\u00e9n pasada entre los d\u00edas 2, 3 y 4 de abril se llev\u00f3 a cabo una gran capacitaci\u00f3n con m\u00e1s de 80 funcionarios municipales y algunos de Gobierno Regional en formulaci\u00f3n y rendiciones de los programas de mejoramiento urbano y programa mejoramiento de barrios de SUBDERE; junto con Circular 33\u00a0enfocados en proyectos de adquisici\u00f3n de activos no financieros, estudios b\u00e1sicos y conservaci\u00f3n de Infraestructura P\u00fablica.<\/p>\n<p style=\"text-align: justify;\">El principal p\u00fablico capacitado son los funcionarios municipales de las Secretar\u00edas de Planificaci\u00f3n que son la unidad que se preocupa de formular iniciativas de inversi\u00f3n en beneficio de las comunidades locales; para lo cual vinieron expositores de nivel central de SUBDERE.<\/p>\n<p style=\"text-align: justify;\">Sebasti\u00e1n Ahumada; Jefe del Programa de Mejoramiento Urbano (PMU) y encargado del equipo capacitador de nivel central se\u00f1al\u00f3: \u201cHoy estamos transmitiendo conocimiento desde nivel central a todas las funcionarias y funcionarios municipales de nuestras comunas, esta jornada de capacitaci\u00f3n nacional pretenden dar a conocer lo que hacemos y establecer contactos entre municipios para poder mejorar nuestras buenas pr\u00e1cticas en funci\u00f3n de la experiencia de todas y todos;\u00a0 que esperamos siga repiti\u00e9ndose en todo el pa\u00eds\u201d.<\/p>\n<p style=\"text-align: justify;\">El programa de mejoramiento urbano y equipamiento comunal (PMU) es una pol\u00edtica p\u00fablica que tiene como finalidad financiar iniciativas de inversi\u00f3n en infraestructura menor urbana y equipamiento comunal que ayuden al mejoramiento de la calidad de vida de la comunidad y colaboren en la generaci\u00f3n de empleo local. Por su parte el programa de mejoramiento de barrios (PMB) tiene como finalidad financiar iniciativas que ayuden a mejorar la calidad de vida de la poblaci\u00f3n de escasos recursos a trav\u00e9s del financiamiento de proyectos orientados a superar la brecha de acceso a servicios b\u00e1sicos, tales como agua potable, alcantarillado y electrificaci\u00f3n, entre otros.<\/p>\n<p style=\"text-align: justify;\">Rodolfo Elgueta Bahamonde \u2013 Jefe Unidad Regional SUBDERE indic\u00f3: \u201cEstamos muy contentos de haber tenido casi 80 personas para ver tem\u00e1ticas que tienen que ver con postulaciones a PMB y PMU SUBDERE tambi\u00e9n proyectos y nuevos normativas que tienen que ver con proyectos del Gobierno Regional; esta alianza ha sido muy virtuosa porque nos ha permitido reunir en una sola instancia a representantes de los equipos que hacen proyectos de las diez comunas de la regi\u00f3n lo que es tremendamente valioso para mejorar la calidad y cantidad de proyectos; tambi\u00e9n hemos reforzado el compromiso de apoyar a los municipios para que puedan cumplir con sus rendiciones\u201d.<\/p>\n<p style=\"text-align: justify;\">Por su parte Mat\u00edas Araya SECPLAC de la Comuna de Guaitecas se\u00f1ala \u201cagradecer primero que todo a SUBDERE a sus distintos programas por la gran experiencia que nos est\u00e1n dando en las capacitaciones, informativa, did\u00e1ctica, l\u00fadica junto a otras comunas de la regi\u00f3n y felices de contar con estos espacios que nos permiten conocernos, informarnos y obviamente de tomar los mejores apuntes para los pr\u00f3ximos proyectos que se nos vienen\u201d.<\/p>\n<p style=\"text-align: justify;\">La jornada de capacitaci\u00f3n tambi\u00e9n cont\u00f3 con un espacio donde los funcionarios conocieron respecto a las rendiciones de Circular 30 de Contralor\u00eda que establece normativas para la rendici\u00f3n de fondos p\u00fablicos. Por otro lado, se revis\u00f3 el Sistema Nacional de Inversiones y las nuevas normas instructivos y procedimientos del Sistema; espacio que fue liderado por funcionarios de la Seremi de Desarrollo Social y Familia de la regi\u00f3n de Ays\u00e9n.<\/p>\n<p style=\"text-align: justify;\">Finalmente, Omar Mu\u00f1oz Sierra; Director de Planificaci\u00f3n y Desarrollo Regional de GORE indica: \u201cHan sido tres d\u00edas de trabajo en el cual tiene como objetivo instalar competencias en los equipos para fortalecer la gesti\u00f3n en materia de iniciativas de inversi\u00f3n a trav\u00e9s formulaci\u00f3n y evaluaci\u00f3n de programas y proyectos para mejorar las carteras de inversi\u00f3n. En este sentido la alianza con la SUBDERE ha fortalecido este trabajo que hoy valoran mucho los funcionarios en el sentido de que han fortalecido sus competencias y eso les va a mejorar en la gesti\u00f3n que realizan d\u00eda a d\u00eda en sus comunidades\u201d.<\/p>\n<p><strong>\u00a0<\/strong><\/p>\n<\/div><\/section><\/div><\/p>\n<div  style='height:50px' class='hr hr-invisible   avia-builder-el-6  el_after_av_one_full  el_before_av_social_share '><span class='hr-inner ' ><span class='hr-inner-style'><\/span><\/span><\/div>\n<div  class='av-social-sharing-box  avia-builder-el-7  el_after_av_hr  el_before_av_hr  '><div class='av-share-box'><h5 class='av-share-link-description av-no-toc '>Compartir esta noticia<\/h5><ul class='av-share-box-list noLightbox'><li class='av-share-link av-social-link-facebook' ><a target=\"_blank\" aria-label=\"Compartir en Facebook\" href='https:\/\/www.facebook.com\/sharer.php?u=https:\/\/radiorevelacionfm.cl\/?p=52363&#038;t=Funcionarios%20municipales%20de%20la%20regi%C3%B3n%20fueron%20capacitados%20en%20formulaci%C3%B3n%20de%20proyectos%20de%20Subdere%20y%20Gobierno%20Regional' aria-hidden='false' data-av_icon='\ue8f3' data-av_iconfont='entypo-fontello' title='' data-avia-related-tooltip='Compartir en Facebook' rel=\"noopener\"><span class='avia_hidden_link_text'>Compartir en Facebook<\/span><\/a><\/li><li class='av-share-link av-social-link-twitter' ><a target=\"_blank\" aria-label=\"Compartir en Twitter\" href='https:\/\/twitter.com\/share?text=Funcionarios%20municipales%20de%20la%20regi%C3%B3n%20fueron%20capacitados%20en%20formulaci%C3%B3n%20de%20proyectos%20de%20Subdere%20y%20Gobierno%20Regional&#038;url=https:\/\/radiorevelacionfm.cl\/?p=52363' aria-hidden='false' data-av_icon='\ue8f1' data-av_iconfont='entypo-fontello' title='' data-avia-related-tooltip='Compartir en Twitter' rel=\"noopener\"><span class='avia_hidden_link_text'>Compartir en Twitter<\/span><\/a><\/li><li class='av-share-link av-social-link-whatsapp' ><a target=\"_blank\" aria-label=\"Compartir en Whatsapp\" href='https:\/\/api.whatsapp.com\/send?text=https:\/\/radiorevelacionfm.cl\/?p=52363' aria-hidden='false' data-av_icon='\uf232' data-av_iconfont='entypo-fontello' title='' data-avia-related-tooltip='Compartir en Whatsapp' rel=\"noopener\"><span class='avia_hidden_link_text'>Compartir en Whatsapp<\/span><\/a><\/li><li class='av-share-link av-social-link-linkedin' ><a target=\"_blank\" aria-label=\"Compartir en LinkedIn\" href='https:\/\/linkedin.com\/shareArticle?mini=true&#038;title=Funcionarios%20municipales%20de%20la%20regi%C3%B3n%20fueron%20capacitados%20en%20formulaci%C3%B3n%20de%20proyectos%20de%20Subdere%20y%20Gobierno%20Regional&#038;url=https:\/\/radiorevelacionfm.cl\/?p=52363' aria-hidden='false' data-av_icon='\ue8fc' data-av_iconfont='entypo-fontello' title='' data-avia-related-tooltip='Compartir en LinkedIn' rel=\"noopener\"><span class='avia_hidden_link_text'>Compartir en LinkedIn<\/span><\/a><\/li><li class='av-share-link av-social-link-mail' ><a  aria-label=\"Compartir por correo\" href='mailto:?subject=Funcionarios%20municipales%20de%20la%20regi%C3%B3n%20fueron%20capacitados%20en%20formulaci%C3%B3n%20de%20proyectos%20de%20Subdere%20y%20Gobierno%20Regional&#038;body=https:\/\/radiorevelacionfm.cl\/?p=52363' aria-hidden='false' data-av_icon='\ue805' data-av_iconfont='entypo-fontello' title='' data-avia-related-tooltip='Compartir por correo'><span class='avia_hidden_link_text'>Compartir por correo<\/span><\/a><\/li><\/ul><\/div><\/div>\n<div  style='height:50px' class='hr hr-invisible   avia-builder-el-8  el_after_av_social_share  el_before_av_comments_list '><span class='hr-inner ' ><span class='hr-inner-style'><\/span><\/span><\/div>\n<div  class='av-buildercomment  av-blog-meta-html-info-disabled av-blog-meta-tag-disabled  '><\/div>\n","protected":false},"excerpt":{"rendered":"","protected":false},"author":1,"featured_media":52364,"comment_status":"closed","ping_status":"closed","sticky":false,"template":"","format":"standard","meta":{"footnotes":""},"categories":[38],"tags":[],"class_list":["post-52363","post","type-post","status-publish","format-standard","has-post-thumbnail","hentry","category-regional"],"jetpack_featured_media_url":"https:\/\/radiorevelacionfm.cl\/wp-content\/uploads\/2025\/04\/capacitacion-3-1_optimized-1.jpeg","_links":{"self":[{"href":"https:\/\/radiorevelacionfm.cl\/index.php?rest_route=\/wp\/v2\/posts\/52363","targetHints":{"allow":["GET"]}}],"collection":[{"href":"https:\/\/radiorevelacionfm.cl\/index.php?rest_route=\/wp\/v2\/posts"}],"about":[{"href":"https:\/\/radiorevelacionfm.cl\/index.php?rest_route=\/wp\/v2\/types\/post"}],"author":[{"embeddable":true,"href":"https:\/\/radiorevelacionfm.cl\/index.php?rest_route=\/wp\/v2\/users\/1"}],"replies":[{"embeddable":true,"href":"https:\/\/radiorevelacionfm.cl\/index.php?rest_route=%2Fwp%2Fv2%2Fcomments&post=52363"}],"version-history":[{"count":3,"href":"https:\/\/radiorevelacionfm.cl\/index.php?rest_route=\/wp\/v2\/posts\/52363\/revisions"}],"predecessor-version":[{"id":52445,"href":"https:\/\/radiorevelacionfm.cl\/index.php?rest_route=\/wp\/v2\/posts\/52363\/revisions\/52445"}],"wp:featuredmedia":[{"embeddable":true,"href":"https:\/\/radiorevelacionfm.cl\/index.php?rest_route=\/wp\/v2\/media\/52364"}],"wp:attachment":[{"href":"https:\/\/radiorevelacionfm.cl\/index.php?rest_route=%2Fwp%2Fv2%2Fmedia&parent=52363"}],"wp:term":[{"taxonomy":"category","embeddable":true,"href":"https:\/\/radiorevelacionfm.cl\/index.php?rest_route=%2Fwp%2Fv2%2Fcategories&post=52363"},{"taxonomy":"post_tag","embeddable":true,"href":"https:\/\/radiorevelacionfm.cl\/index.php?rest_route=%2Fwp%2Fv2%2Ftags&post=52363"}],"curies":[{"name":"wp","href":"https:\/\/api.w.org\/{rel}","templated":true}]}}