{"id":52359,"date":"2025-04-08T14:44:28","date_gmt":"2025-04-08T17:44:28","guid":{"rendered":"https:\/\/radiorevelacionfm.cl\/?p=52359"},"modified":"2025-04-09T09:56:53","modified_gmt":"2025-04-09T12:56:53","slug":"autoridades-laborales-aclaran-situacion-de-trabajadores-del-comercio-en-feriado-de-viernes-santo","status":"publish","type":"post","link":"https:\/\/radiorevelacionfm.cl\/?p=52359","title":{"rendered":"Autoridades laborales aclaran situaci\u00f3n de trabajadores del comercio en feriado de Viernes Santo"},"content":{"rendered":"<div class=\"flex_column av_one_full  flex_column_div av-zero-column-padding first  avia-builder-el-0  el_before_av_one_full  avia-builder-el-first  \" style='border-radius:0px; '><div  class='avia-image-container  av-styling-    avia-builder-el-1  avia-builder-el-no-sibling  avia-align-center '  itemprop=\"image\" itemscope=\"itemscope\" itemtype=\"https:\/\/schema.org\/ImageObject\"  ><div class='avia-image-container-inner'><div class='avia-image-overlay-wrap'><img decoding=\"async\" class='wp-image-52360 avia-img-lazy-loading-not-52360 avia_image' src=\"https:\/\/radiorevelacionfm.cl\/wp-content\/uploads\/2025\/04\/autoridadeslaborales_seremiydt-4-1_optimized-1.jpg\" alt='' title='autoridadeslaborales_seremiydt-4-(1)_optimized (1)' height=\"600\" width=\"800\"  itemprop=\"thumbnailUrl\" srcset=\"https:\/\/radiorevelacionfm.cl\/wp-content\/uploads\/2025\/04\/autoridadeslaborales_seremiydt-4-1_optimized-1.jpg 800w, https:\/\/radiorevelacionfm.cl\/wp-content\/uploads\/2025\/04\/autoridadeslaborales_seremiydt-4-1_optimized-1-300x225.jpg 300w, https:\/\/radiorevelacionfm.cl\/wp-content\/uploads\/2025\/04\/autoridadeslaborales_seremiydt-4-1_optimized-1-768x576.jpg 768w, https:\/\/radiorevelacionfm.cl\/wp-content\/uploads\/2025\/04\/autoridadeslaborales_seremiydt-4-1_optimized-1-705x529.jpg 705w, https:\/\/radiorevelacionfm.cl\/wp-content\/uploads\/2025\/04\/autoridadeslaborales_seremiydt-4-1_optimized-1-450x338.jpg 450w, https:\/\/radiorevelacionfm.cl\/wp-content\/uploads\/2025\/04\/autoridadeslaborales_seremiydt-4-1_optimized-1-600x450.jpg 600w\" sizes=\"(max-width: 800px) 100vw, 800px\" \/><\/div><\/div><\/div><\/div>\n<div class=\"flex_column av_one_full  flex_column_div av-zero-column-padding first  avia-builder-el-2  el_after_av_one_full  el_before_av_one_full  column-top-margin\" style='border-radius:0px; '><section class=\"av_textblock_section \"  itemscope=\"itemscope\" itemtype=\"https:\/\/schema.org\/BlogPosting\" itemprop=\"blogPost\" ><div class='avia_textblock  '   itemprop=\"text\" ><p style=\"text-align: center;\"><span style=\"font-size: 18pt;\"><b>Autoridades laborales aclaran situaci\u00f3n de trabajadores del comercio en feriado de Viernes Santo<\/b><\/span><\/p>\n<div id=\"gtx-trans\" style=\"position: absolute; left: -50px; top: 4.31534px;\">\n<div class=\"gtx-trans-icon\"><\/div>\n<\/div>\n<\/div><\/section><\/div>\n<div class=\"flex_column av_one_full  flex_column_div av-zero-column-padding first  avia-builder-el-4  el_after_av_one_full  el_before_av_hr  column-top-margin\" style='border-radius:0px; '><section class=\"av_textblock_section \"  itemscope=\"itemscope\" itemtype=\"https:\/\/schema.org\/BlogPosting\" itemprop=\"blogPost\" ><div class='avia_textblock  '   itemprop=\"text\" ><p style=\"text-align: justify;\"><i><span lang=\"ES\">Direcci\u00f3n del Trabajo emiti\u00f3 un dictamen acerca de la situaci\u00f3n de trabajadores y trabajadoras del comercio durante el viernes 18 de abril.<\/span><\/i><\/p>\n<p class=\"v1MsoNormal\" style=\"text-align: justify;\">A prop\u00f3sito de los derechos laborales de las y los trabajadores del retail en Viernes Santo, la Direcci\u00f3n del Trabajo fue requerida por diversos actores sindicales y Honorables Diputados para ejercer una de sus funciones, que es fijar el sentido y alcance de la legislaci\u00f3n laboral por medio de la emisi\u00f3n de pronunciamientos jur\u00eddicos.<\/p>\n<p class=\"v1MsoNormal\" style=\"text-align: justify;\">En este caso se emiti\u00f3 un pronunciamiento teniendo en cuenta todos los antecedentes disponibles en la legislaci\u00f3n laboral, especialmente en el C\u00f3digo del Trabajo y en pronunciamientos anteriores de la propia Direcci\u00f3n del Trabajo, respecto del contrato de trabajo y de aquellas pr\u00e1cticas que constituyen lo que se denomina cl\u00e1usulas t\u00e1citas.<\/p>\n<p class=\"v1MsoNormal\" style=\"text-align: justify;\">El Director regional del Trabajo, Christian Aros, se refiri\u00f3 al dictamen, \u00abEn este pronunciamiento de la Direcci\u00f3n del Trabajo, se analiza la pr\u00e1ctica sostenida en el tiempo de cierre de tiendas en Viernes Santo y c\u00f3mo esta acci\u00f3n reiterada se incorpora al contrato individual de trabajo. Se debe revisar caso a caso, pero la idea central del dictamen es que las empresas y sus trabajadores que han actuado de determinada manera en a\u00f1os anteriores deben confirmarla<span class=\"v1gmail_default\">,<\/span>\u00a0haciendo igualmente\u00bb.<\/p>\n<p class=\"v1MsoNormal\" style=\"text-align: justify;\">En este sentido, la Seremi del trabajo y Previsi\u00f3n Social, Camila Covarrubias, invit\u00f3 a informarse y a continuar la pr\u00e1ctica de a\u00f1os anteriores \u00abHemos tenido consultas de trabajadores y empleadores respecto a la apertura de los locales comerciales este viernes 18 de abril, que es Viernes Santo. Si bien no es un feriado irrenunciable, el empleador no puede desconocer la vigencia de las cl\u00e1usulas que t\u00e1citamente han convenido con sus trabajadores y trabajadoras. Por lo tanto, les pedimos que se respete la costumbre y el comportamiento que se ha tenido hasta ahora en estas fechas. Para cualquier consulta en materia laboral, por favor llamen al 600 450 4000, donde pueden resolver todas sus dudas\u00bb.<\/p>\n<p class=\"v1MsoNormal\" style=\"text-align: justify;\">Asimismo, se menciona que el organismo fiscalizador har\u00e1 valer una de sus principales tareas que es la de fiscalizar el cumplimiento de la normativa laboral vigente y de multar los incumplimientos en un an\u00e1lisis caso a caso respecto de estas cl\u00e1usulas construidas en la pr\u00e1ctica sostenida en el tiempo.<\/p>\n<p style=\"text-align: justify;\">Invitamos a revisar en detalle el an\u00e1lisis y pronunciamiento desarrollado en las distintas aristas de los temas mencionados en\u00a0\u00a0<a href=\"https:\/\/www.dt.gob.cl\/legislacion\/1624\/w3-article-127592.html\" target=\"_blank\" rel=\"noopener noreferrer\">https:\/\/www.dt.gob.cl\/legislacion\/1624\/w3-article-127592.html<\/a><\/p>\n<\/div><\/section><\/div><div  style='height:50px' class='hr hr-invisible   avia-builder-el-6  el_after_av_one_full  el_before_av_social_share '><span class='hr-inner ' ><span class='hr-inner-style'><\/span><\/span><\/div><\/p>\n<div  class='av-social-sharing-box  avia-builder-el-7  el_after_av_hr  el_before_av_hr  '><div class='av-share-box'><h5 class='av-share-link-description av-no-toc '>Compartir esta noticia<\/h5><ul class='av-share-box-list noLightbox'><li class='av-share-link av-social-link-facebook' ><a target=\"_blank\" aria-label=\"Compartir en Facebook\" href='https:\/\/www.facebook.com\/sharer.php?u=https:\/\/radiorevelacionfm.cl\/?p=52359&#038;t=Autoridades%20laborales%20aclaran%20situaci%C3%B3n%20de%20trabajadores%20del%20comercio%20en%20feriado%20de%20Viernes%20Santo' aria-hidden='false' data-av_icon='\ue8f3' data-av_iconfont='entypo-fontello' title='' data-avia-related-tooltip='Compartir en Facebook' rel=\"noopener\"><span class='avia_hidden_link_text'>Compartir en Facebook<\/span><\/a><\/li><li class='av-share-link av-social-link-twitter' ><a target=\"_blank\" aria-label=\"Compartir en Twitter\" href='https:\/\/twitter.com\/share?text=Autoridades%20laborales%20aclaran%20situaci%C3%B3n%20de%20trabajadores%20del%20comercio%20en%20feriado%20de%20Viernes%20Santo&#038;url=https:\/\/radiorevelacionfm.cl\/?p=52359' aria-hidden='false' data-av_icon='\ue8f1' data-av_iconfont='entypo-fontello' title='' data-avia-related-tooltip='Compartir en Twitter' rel=\"noopener\"><span class='avia_hidden_link_text'>Compartir en Twitter<\/span><\/a><\/li><li class='av-share-link av-social-link-whatsapp' ><a target=\"_blank\" aria-label=\"Compartir en Whatsapp\" href='https:\/\/api.whatsapp.com\/send?text=https:\/\/radiorevelacionfm.cl\/?p=52359' aria-hidden='false' data-av_icon='\uf232' data-av_iconfont='entypo-fontello' title='' data-avia-related-tooltip='Compartir en Whatsapp' rel=\"noopener\"><span class='avia_hidden_link_text'>Compartir en Whatsapp<\/span><\/a><\/li><li class='av-share-link av-social-link-linkedin' ><a target=\"_blank\" aria-label=\"Compartir en LinkedIn\" href='https:\/\/linkedin.com\/shareArticle?mini=true&#038;title=Autoridades%20laborales%20aclaran%20situaci%C3%B3n%20de%20trabajadores%20del%20comercio%20en%20feriado%20de%20Viernes%20Santo&#038;url=https:\/\/radiorevelacionfm.cl\/?p=52359' aria-hidden='false' data-av_icon='\ue8fc' data-av_iconfont='entypo-fontello' title='' data-avia-related-tooltip='Compartir en LinkedIn' rel=\"noopener\"><span class='avia_hidden_link_text'>Compartir en LinkedIn<\/span><\/a><\/li><li class='av-share-link av-social-link-mail' ><a  aria-label=\"Compartir por correo\" href='mailto:?subject=Autoridades%20laborales%20aclaran%20situaci%C3%B3n%20de%20trabajadores%20del%20comercio%20en%20feriado%20de%20Viernes%20Santo&#038;body=https:\/\/radiorevelacionfm.cl\/?p=52359' aria-hidden='false' data-av_icon='\ue805' data-av_iconfont='entypo-fontello' title='' data-avia-related-tooltip='Compartir por correo'><span class='avia_hidden_link_text'>Compartir por correo<\/span><\/a><\/li><\/ul><\/div><\/div>\n<div  style='height:50px' class='hr hr-invisible   avia-builder-el-8  el_after_av_social_share  el_before_av_comments_list '><span class='hr-inner ' ><span class='hr-inner-style'><\/span><\/span><\/div>\n<div  class='av-buildercomment  av-blog-meta-html-info-disabled av-blog-meta-tag-disabled  '><\/div>\n","protected":false},"excerpt":{"rendered":"","protected":false},"author":1,"featured_media":52360,"comment_status":"closed","ping_status":"closed","sticky":false,"template":"","format":"standard","meta":{"footnotes":""},"categories":[56],"tags":[],"class_list":["post-52359","post","type-post","status-publish","format-standard","has-post-thumbnail","hentry","category-trabajo"],"jetpack_featured_media_url":"https:\/\/radiorevelacionfm.cl\/wp-content\/uploads\/2025\/04\/autoridadeslaborales_seremiydt-4-1_optimized-1.jpg","_links":{"self":[{"href":"https:\/\/radiorevelacionfm.cl\/index.php?rest_route=\/wp\/v2\/posts\/52359","targetHints":{"allow":["GET"]}}],"collection":[{"href":"https:\/\/radiorevelacionfm.cl\/index.php?rest_route=\/wp\/v2\/posts"}],"about":[{"href":"https:\/\/radiorevelacionfm.cl\/index.php?rest_route=\/wp\/v2\/types\/post"}],"author":[{"embeddable":true,"href":"https:\/\/radiorevelacionfm.cl\/index.php?rest_route=\/wp\/v2\/users\/1"}],"replies":[{"embeddable":true,"href":"https:\/\/radiorevelacionfm.cl\/index.php?rest_route=%2Fwp%2Fv2%2Fcomments&post=52359"}],"version-history":[{"count":3,"href":"https:\/\/radiorevelacionfm.cl\/index.php?rest_route=\/wp\/v2\/posts\/52359\/revisions"}],"predecessor-version":[{"id":52430,"href":"https:\/\/radiorevelacionfm.cl\/index.php?rest_route=\/wp\/v2\/posts\/52359\/revisions\/52430"}],"wp:featuredmedia":[{"embeddable":true,"href":"https:\/\/radiorevelacionfm.cl\/index.php?rest_route=\/wp\/v2\/media\/52360"}],"wp:attachment":[{"href":"https:\/\/radiorevelacionfm.cl\/index.php?rest_route=%2Fwp%2Fv2%2Fmedia&parent=52359"}],"wp:term":[{"taxonomy":"category","embeddable":true,"href":"https:\/\/radiorevelacionfm.cl\/index.php?rest_route=%2Fwp%2Fv2%2Fcategories&post=52359"},{"taxonomy":"post_tag","embeddable":true,"href":"https:\/\/radiorevelacionfm.cl\/index.php?rest_route=%2Fwp%2Fv2%2Ftags&post=52359"}],"curies":[{"name":"wp","href":"https:\/\/api.w.org\/{rel}","templated":true}]}}