{"id":52353,"date":"2025-04-08T11:19:55","date_gmt":"2025-04-08T14:19:55","guid":{"rendered":"https:\/\/radiorevelacionfm.cl\/?p=52353"},"modified":"2025-04-08T11:19:55","modified_gmt":"2025-04-08T14:19:55","slug":"se-realizo-audiencia-en-reclamacion-contra-sma-por-paralizacion-de-centro-de-salmones-huillines-3-ubicado-en-parque-nacional-laguna-san-rafael","status":"publish","type":"post","link":"https:\/\/radiorevelacionfm.cl\/?p=52353","title":{"rendered":"Se realiz\u00f3 audiencia en reclamaci\u00f3n contra SMA por paralizaci\u00f3n de Centro de Salmones \u00abHuillines 3\u00bb ubicado en Parque Nacional Laguna San Rafael"},"content":{"rendered":"<div class=\"flex_column av_one_full  flex_column_div av-zero-column-padding first  avia-builder-el-0  el_before_av_one_full  avia-builder-el-first  \" style='border-radius:0px; '><div  class='avia-image-container  av-styling-    avia-builder-el-1  avia-builder-el-no-sibling  avia-align-center '  itemprop=\"image\" itemscope=\"itemscope\" itemtype=\"https:\/\/schema.org\/ImageObject\"  ><div class='avia-image-container-inner'><div class='avia-image-overlay-wrap'><img decoding=\"async\" class='wp-image-51010 avia-img-lazy-loading-not-51010 avia_image' src=\"https:\/\/radiorevelacionfm.cl\/wp-content\/uploads\/2025\/02\/huillines-3-en-parque-nacional-laguna-san-rafael-1_optimized.jpg\" alt='' title='huillines-3-en-parque-nacional-laguna-san-rafael-(1)_optimized' height=\"600\" width=\"1067\"  itemprop=\"thumbnailUrl\" srcset=\"https:\/\/radiorevelacionfm.cl\/wp-content\/uploads\/2025\/02\/huillines-3-en-parque-nacional-laguna-san-rafael-1_optimized.jpg 1067w, https:\/\/radiorevelacionfm.cl\/wp-content\/uploads\/2025\/02\/huillines-3-en-parque-nacional-laguna-san-rafael-1_optimized-300x169.jpg 300w, https:\/\/radiorevelacionfm.cl\/wp-content\/uploads\/2025\/02\/huillines-3-en-parque-nacional-laguna-san-rafael-1_optimized-1030x579.jpg 1030w, https:\/\/radiorevelacionfm.cl\/wp-content\/uploads\/2025\/02\/huillines-3-en-parque-nacional-laguna-san-rafael-1_optimized-768x432.jpg 768w, https:\/\/radiorevelacionfm.cl\/wp-content\/uploads\/2025\/02\/huillines-3-en-parque-nacional-laguna-san-rafael-1_optimized-705x396.jpg 705w, https:\/\/radiorevelacionfm.cl\/wp-content\/uploads\/2025\/02\/huillines-3-en-parque-nacional-laguna-san-rafael-1_optimized-450x253.jpg 450w, https:\/\/radiorevelacionfm.cl\/wp-content\/uploads\/2025\/02\/huillines-3-en-parque-nacional-laguna-san-rafael-1_optimized-600x337.jpg 600w\" sizes=\"(max-width: 1067px) 100vw, 1067px\" \/><\/div><\/div><\/div><\/div>\n<div class=\"flex_column av_one_full  flex_column_div av-zero-column-padding first  avia-builder-el-2  el_after_av_one_full  el_before_av_one_full  column-top-margin\" style='border-radius:0px; '><section class=\"av_textblock_section \"  itemscope=\"itemscope\" itemtype=\"https:\/\/schema.org\/BlogPosting\" itemprop=\"blogPost\" ><div class='avia_textblock  '   itemprop=\"text\" ><p style=\"text-align: center;\"><strong><span style=\"font-size: 18pt;\">Se realiz\u00f3 audiencia en reclamaci\u00f3n contra SMA por paralizaci\u00f3n de Centro de Salmones \u00abHuillines 3\u00bb ubicado en Parque Nacional Laguna San Rafael<\/span><\/strong><\/p>\n<div id=\"gtx-trans\" style=\"position: absolute; left: -50px; top: 4.31534px;\">\n<div class=\"gtx-trans-icon\"><\/div>\n<\/div>\n<\/div><\/section><\/div>\n<div class=\"flex_column av_one_full  flex_column_div av-zero-column-padding first  avia-builder-el-4  el_after_av_one_full  el_before_av_hr  column-top-margin\" style='border-radius:0px; '><section class=\"av_textblock_section \"  itemscope=\"itemscope\" itemtype=\"https:\/\/schema.org\/BlogPosting\" itemprop=\"blogPost\" ><div class='avia_textblock  '   itemprop=\"text\" ><p style=\"text-align: justify;\"><em>En la audiencia de alegatos expusieron sus argumentos las partes reclamante, reclamada y dos terceros coadyuvantes.<\/em><\/p>\n<p style=\"text-align: justify;\">El origen de la reclamaci\u00f3n est\u00e1 en la Res. Ex. N\u00ba 303, del 25 de febrero de 2025, de la\u00a0<a href=\"http:\/\/www.sma.gob.cl\/\">Superintendencia del Medio Ambiente (SMA)<\/a>, que orden\u00f3 la medida provisional procedimental que paraliza la siembra del centro de cultivo de salmones \u00abHuillines 3\u00bb, en la Regi\u00f3n de Ays\u00e9n.<\/p>\n<p style=\"text-align: justify;\">La empresa reclamante (Cooke Aquaculture Chile S.A) alega que la SMA habr\u00eda ocultado antecedentes que dar\u00edan cuenta de que la empresa no genera riesgo al medio ambiente, con el prop\u00f3sito de que el Tercer Tribunal Ambiental apruebe la medida. Adem\u00e1s descart\u00f3 que se configuren los presupuestos para otorgar la medida provisional, esto es la apariencia de buen derecho y el peligro en la demora. Esto, porque a su juicio no se configura la elusi\u00f3n pues no est\u00e1 produciendo m\u00e1s de lo autorizado y tampoco existe riesgo al medio ambiente.<\/p>\n<p style=\"text-align: justify;\">Para descartar la elusi\u00f3n, argument\u00f3 que conforme al art\u00edculo 1\u00b0 transitorio de la Ley 19.300, aquellas actividades que se iniciaron con anterioridad al Reglamento de Evaluaci\u00f3n de Impacto Ambiental, no ingresar\u00e1n al SEIA. Agreg\u00f3 que el art\u00edculo 142 de la Ley General de Pesca no establece que la Resoluci\u00f3n de Calificaci\u00f3n Ambiental (RCA) sea un requisito para operar; sino que solo se refiere a la caducidad de la concesi\u00f3n si no se respeta el Proyecto T\u00e9cnico. Agreg\u00f3 que este a\u00f1o, la\u00a0<a href=\"https:\/\/www.subpesca.cl\/portal\/sitio\/\">Subsecretar\u00eda de Pesca<\/a>\u00a0se pronunci\u00f3 nuevamente sobre el asunto, se\u00f1alando que las cantidades indicadas en un Proyecto T\u00e9cnico de un centro de cultivo corresponden a m\u00ednimos y no a m\u00e1ximos de producci\u00f3n.<\/p>\n<p style=\"text-align: justify;\"><strong>Terceros Coadyuvantes y Superintendencia del Medio Ambiente<\/strong><\/p>\n<p style=\"text-align: justify;\">Tambi\u00e9n expuso sus argumentos el tercero coadyuvante de la reclamante, la Asociaci\u00f3n de la Industria del Salm\u00f3n de Chile, que solicit\u00f3 al Tribunal que al resolver la causa se considere la afectaci\u00f3n que se est\u00e1 generando a la industria acu\u00edcola. Se\u00f1al\u00f3 que en la imposici\u00f3n de una medida cautelar de tal intensidad como la paralizaci\u00f3n de una unidad productiva, la SMA se justifica en la existencia de un supuesto da\u00f1o al medio ambiente, el que estar\u00eda basado a su vez en un supuesto jur\u00eddico que no ha sido probado, esto es, que el \u201cCentro Huillines 3\u201d estar\u00eda en una supuesta condici\u00f3n de elusi\u00f3n del SEIA.<\/p>\n<p style=\"text-align: justify;\">Por su parte, la SMA se\u00f1al\u00f3 que el ordenamiento jur\u00eddico ambiental no permite aumentar la producci\u00f3n de los centros de engorda de salm\u00f3nidos de forma ilimitada solo por ser un proyecto previo al SEIA. Especific\u00f3 que si un proyecto se modifica en los t\u00e9rminos que establece el art\u00edculo 2 letra g) del Reglamento del SEIA, este debe someterse obligatoriamente a una evaluaci\u00f3n; y, a su juicio, la empresa no ha dado respuesta a este aumento de producci\u00f3n y solo se refiere a que el Proyecto T\u00e9cnico considera un m\u00ednimo. La Superintendencia se\u00f1al\u00f3 que en este caso no se requiere para la medida que exista un da\u00f1o ambiental, sino una inminencia de da\u00f1o. Lo anterior, explic\u00f3, de acuerdo a los conocimientos cient\u00edficos afianzados, se refleja en el aumento de los contaminantes como alimentos no consumidos, excreciones y fecas que se depositan en el fondo marino, cambiando los componentes del Parque Nacional Laguna San Rafael, donde opera el centro de cultivo.<\/p>\n<p style=\"text-align: justify;\">En la audiencia, tambi\u00e9n present\u00f3 sus argumentos el tercero coadyuvante de la reclamada, Fundaci\u00f3n Greenpeace, solicitando el rechazo de la reclamaci\u00f3n y la condena en costas. Indic\u00f3 que la empresa no ha presentado ning\u00fan antecedente que permita desvirtuar todo lo levantado en la causa R-40-2024 que se sigue ante el Tercer Tribunal Ambiental por esta misma controversia. Se refiri\u00f3 a los impactos ambientales en los que tendr\u00eda responsabilidad el Centro y que afectar\u00edan los ecosistemas patag\u00f3nicos y espec\u00edficamente en el Parque Nacional.<\/p>\n<p>M\u00e1s antecedentes de la causa en el expediente electr\u00f3nico\u00a0<a href=\"https:\/\/causas.3ta.cl\/causes\/3725\/expedient\/57151\/books\/3455\/?attachmentId=75096\" target=\"_blank\" rel=\"noopener\">R-9-2025<\/a><\/p>\n<\/div><\/section><\/div><div  style='height:50px' class='hr hr-invisible   avia-builder-el-6  el_after_av_one_full  el_before_av_social_share '><span class='hr-inner ' ><span class='hr-inner-style'><\/span><\/span><\/div><\/p>\n<div  class='av-social-sharing-box  avia-builder-el-7  el_after_av_hr  el_before_av_hr  '><div class='av-share-box'><h5 class='av-share-link-description av-no-toc '>Compartir esta noticia<\/h5><ul class='av-share-box-list noLightbox'><li class='av-share-link av-social-link-facebook' ><a target=\"_blank\" aria-label=\"Compartir en Facebook\" href='https:\/\/www.facebook.com\/sharer.php?u=https:\/\/radiorevelacionfm.cl\/?p=52353&#038;t=Se%20realiz%C3%B3%20audiencia%20en%20reclamaci%C3%B3n%20contra%20SMA%20por%20paralizaci%C3%B3n%20de%20Centro%20de%20Salmones%20%C2%ABHuillines%203%C2%BB%20ubicado%20en%20Parque%20Nacional%20Laguna%20San%20Rafael' aria-hidden='false' data-av_icon='\ue8f3' data-av_iconfont='entypo-fontello' title='' data-avia-related-tooltip='Compartir en Facebook' rel=\"noopener\"><span class='avia_hidden_link_text'>Compartir en Facebook<\/span><\/a><\/li><li class='av-share-link av-social-link-twitter' ><a target=\"_blank\" aria-label=\"Compartir en Twitter\" href='https:\/\/twitter.com\/share?text=Se%20realiz%C3%B3%20audiencia%20en%20reclamaci%C3%B3n%20contra%20SMA%20por%20paralizaci%C3%B3n%20de%20Centro%20de%20Salmones%20%C2%ABHuillines%203%C2%BB%20ubicado%20en%20Parque%20Nacional%20Laguna%20San%20Rafael&#038;url=https:\/\/radiorevelacionfm.cl\/?p=52353' aria-hidden='false' data-av_icon='\ue8f1' data-av_iconfont='entypo-fontello' title='' data-avia-related-tooltip='Compartir en Twitter' rel=\"noopener\"><span class='avia_hidden_link_text'>Compartir en Twitter<\/span><\/a><\/li><li class='av-share-link av-social-link-whatsapp' ><a target=\"_blank\" aria-label=\"Compartir en Whatsapp\" href='https:\/\/api.whatsapp.com\/send?text=https:\/\/radiorevelacionfm.cl\/?p=52353' aria-hidden='false' data-av_icon='\uf232' data-av_iconfont='entypo-fontello' title='' data-avia-related-tooltip='Compartir en Whatsapp' rel=\"noopener\"><span class='avia_hidden_link_text'>Compartir en Whatsapp<\/span><\/a><\/li><li class='av-share-link av-social-link-linkedin' ><a target=\"_blank\" aria-label=\"Compartir en LinkedIn\" href='https:\/\/linkedin.com\/shareArticle?mini=true&#038;title=Se%20realiz%C3%B3%20audiencia%20en%20reclamaci%C3%B3n%20contra%20SMA%20por%20paralizaci%C3%B3n%20de%20Centro%20de%20Salmones%20%C2%ABHuillines%203%C2%BB%20ubicado%20en%20Parque%20Nacional%20Laguna%20San%20Rafael&#038;url=https:\/\/radiorevelacionfm.cl\/?p=52353' aria-hidden='false' data-av_icon='\ue8fc' data-av_iconfont='entypo-fontello' title='' data-avia-related-tooltip='Compartir en LinkedIn' rel=\"noopener\"><span class='avia_hidden_link_text'>Compartir en LinkedIn<\/span><\/a><\/li><li class='av-share-link av-social-link-mail' ><a  aria-label=\"Compartir por correo\" href='mailto:?subject=Se%20realiz%C3%B3%20audiencia%20en%20reclamaci%C3%B3n%20contra%20SMA%20por%20paralizaci%C3%B3n%20de%20Centro%20de%20Salmones%20%C2%ABHuillines%203%C2%BB%20ubicado%20en%20Parque%20Nacional%20Laguna%20San%20Rafael&#038;body=https:\/\/radiorevelacionfm.cl\/?p=52353' aria-hidden='false' data-av_icon='\ue805' data-av_iconfont='entypo-fontello' title='' data-avia-related-tooltip='Compartir por correo'><span class='avia_hidden_link_text'>Compartir por correo<\/span><\/a><\/li><\/ul><\/div><\/div>\n<div  style='height:50px' class='hr hr-invisible   avia-builder-el-8  el_after_av_social_share  el_before_av_comments_list '><span class='hr-inner ' ><span class='hr-inner-style'><\/span><\/span><\/div>\n<div  class='av-buildercomment  av-blog-meta-html-info-disabled av-blog-meta-tag-disabled  '><\/div>\n","protected":false},"excerpt":{"rendered":"","protected":false},"author":1,"featured_media":51010,"comment_status":"closed","ping_status":"closed","sticky":false,"template":"","format":"standard","meta":{"footnotes":""},"categories":[39],"tags":[],"class_list":["post-52353","post","type-post","status-publish","format-standard","has-post-thumbnail","hentry","category-medio-ambiente"],"jetpack_featured_media_url":"https:\/\/radiorevelacionfm.cl\/wp-content\/uploads\/2025\/02\/huillines-3-en-parque-nacional-laguna-san-rafael-1_optimized.jpg","_links":{"self":[{"href":"https:\/\/radiorevelacionfm.cl\/index.php?rest_route=\/wp\/v2\/posts\/52353","targetHints":{"allow":["GET"]}}],"collection":[{"href":"https:\/\/radiorevelacionfm.cl\/index.php?rest_route=\/wp\/v2\/posts"}],"about":[{"href":"https:\/\/radiorevelacionfm.cl\/index.php?rest_route=\/wp\/v2\/types\/post"}],"author":[{"embeddable":true,"href":"https:\/\/radiorevelacionfm.cl\/index.php?rest_route=\/wp\/v2\/users\/1"}],"replies":[{"embeddable":true,"href":"https:\/\/radiorevelacionfm.cl\/index.php?rest_route=%2Fwp%2Fv2%2Fcomments&post=52353"}],"version-history":[{"count":3,"href":"https:\/\/radiorevelacionfm.cl\/index.php?rest_route=\/wp\/v2\/posts\/52353\/revisions"}],"predecessor-version":[{"id":52356,"href":"https:\/\/radiorevelacionfm.cl\/index.php?rest_route=\/wp\/v2\/posts\/52353\/revisions\/52356"}],"wp:featuredmedia":[{"embeddable":true,"href":"https:\/\/radiorevelacionfm.cl\/index.php?rest_route=\/wp\/v2\/media\/51010"}],"wp:attachment":[{"href":"https:\/\/radiorevelacionfm.cl\/index.php?rest_route=%2Fwp%2Fv2%2Fmedia&parent=52353"}],"wp:term":[{"taxonomy":"category","embeddable":true,"href":"https:\/\/radiorevelacionfm.cl\/index.php?rest_route=%2Fwp%2Fv2%2Fcategories&post=52353"},{"taxonomy":"post_tag","embeddable":true,"href":"https:\/\/radiorevelacionfm.cl\/index.php?rest_route=%2Fwp%2Fv2%2Ftags&post=52353"}],"curies":[{"name":"wp","href":"https:\/\/api.w.org\/{rel}","templated":true}]}}