{"id":52349,"date":"2025-04-08T10:51:23","date_gmt":"2025-04-08T13:51:23","guid":{"rendered":"https:\/\/radiorevelacionfm.cl\/?p=52349"},"modified":"2025-04-08T10:51:23","modified_gmt":"2025-04-08T13:51:23","slug":"cerca-de-30-estudiantes-de-la-universidad-de-aysen-comienzan-su-internado-en-el-hospital-regional-coyhaique","status":"publish","type":"post","link":"https:\/\/radiorevelacionfm.cl\/?p=52349","title":{"rendered":"Cerca de 30 estudiantes de la Universidad de Ays\u00e9n comienzan su internado en el Hospital Regional Coyhaique"},"content":{"rendered":"<div class=\"flex_column av_one_full  flex_column_div av-zero-column-padding first  avia-builder-el-0  el_before_av_one_full  avia-builder-el-first  \" style='border-radius:0px; '><div  class='avia-image-container  av-styling-    avia-builder-el-1  avia-builder-el-no-sibling  avia-align-center '  itemprop=\"image\" itemscope=\"itemscope\" itemtype=\"https:\/\/schema.org\/ImageObject\"  ><div class='avia-image-container-inner'><div class='avia-image-overlay-wrap'><img decoding=\"async\" class='wp-image-52350 avia-img-lazy-loading-not-52350 avia_image' src=\"https:\/\/radiorevelacionfm.cl\/wp-content\/uploads\/2025\/04\/internas_uaysen_hrc-3-2_optimized-1.jpeg\" alt='' title='internas_uaysen_hrc-(3)-(2)_optimized (1)' height=\"600\" width=\"1067\"  itemprop=\"thumbnailUrl\" srcset=\"https:\/\/radiorevelacionfm.cl\/wp-content\/uploads\/2025\/04\/internas_uaysen_hrc-3-2_optimized-1.jpeg 1067w, https:\/\/radiorevelacionfm.cl\/wp-content\/uploads\/2025\/04\/internas_uaysen_hrc-3-2_optimized-1-300x169.jpeg 300w, https:\/\/radiorevelacionfm.cl\/wp-content\/uploads\/2025\/04\/internas_uaysen_hrc-3-2_optimized-1-1030x579.jpeg 1030w, https:\/\/radiorevelacionfm.cl\/wp-content\/uploads\/2025\/04\/internas_uaysen_hrc-3-2_optimized-1-768x432.jpeg 768w, https:\/\/radiorevelacionfm.cl\/wp-content\/uploads\/2025\/04\/internas_uaysen_hrc-3-2_optimized-1-705x396.jpeg 705w, https:\/\/radiorevelacionfm.cl\/wp-content\/uploads\/2025\/04\/internas_uaysen_hrc-3-2_optimized-1-450x253.jpeg 450w, https:\/\/radiorevelacionfm.cl\/wp-content\/uploads\/2025\/04\/internas_uaysen_hrc-3-2_optimized-1-600x337.jpeg 600w\" sizes=\"(max-width: 1067px) 100vw, 1067px\" \/><\/div><\/div><\/div><\/div><div class=\"flex_column av_one_full  flex_column_div av-zero-column-padding first  avia-builder-el-2  el_after_av_one_full  el_before_av_one_full  column-top-margin\" style='border-radius:0px; '><section class=\"av_textblock_section \"  itemscope=\"itemscope\" itemtype=\"https:\/\/schema.org\/BlogPosting\" itemprop=\"blogPost\" ><div class='avia_textblock  '   itemprop=\"text\" ><p style=\"text-align: center;\"><strong><span style=\"font-size: 18pt;\">Cerca de 30 estudiantes de la Universidad de Ays\u00e9n comienzan su internado en el Hospital Regional Coyhaique<\/span><\/strong><\/p>\n<div id=\"gtx-trans\" style=\"position: absolute; left: -50px; top: 4.31534px;\">\n<div class=\"gtx-trans-icon\"><\/div>\n<\/div>\n<\/div><\/section><\/div><div class=\"flex_column av_one_full  flex_column_div av-zero-column-padding first  avia-builder-el-4  el_after_av_one_full  el_before_av_hr  column-top-margin\" style='border-radius:0px; '><section class=\"av_textblock_section \"  itemscope=\"itemscope\" itemtype=\"https:\/\/schema.org\/BlogPosting\" itemprop=\"blogPost\" ><div class='avia_textblock  '   itemprop=\"text\" ><p style=\"text-align: justify;\"><em>Se trata de la quinta generaci\u00f3n de alumnos y alumnas de las carreras de Enfermer\u00eda y Obstetricia, quienes desde el a\u00f1o 2021 mantienen un convenio asistencial docente con el \u00fanico hospital de alta complejidad de la regi\u00f3n.<\/em><\/p>\n<p style=\"text-align: justify;\">Un total de 11 estudiantes de Enfermer\u00eda y 15 de Obstetricia y Puericultura, comenzaron esta semana su etapa de internado en el Hospital Regional Coyhaique, per\u00edodo que se extender\u00e1 entre 4 y 6 meses, donde adem\u00e1s de poder poner en pr\u00e1ctica lo aprendido en los primeros cuatro a\u00f1os de carrera, las y los alumnos podr\u00e1n conocer in situ el quehacer hospitalario.<\/p>\n<p style=\"text-align: justify;\">Esta iniciativa se enmarca dentro del Convenio Asistencial Docente entre la Universidad de Ays\u00e9n y el Hospital Regional Coyhaique, que data desde el a\u00f1o 2021, y que ha permitido que el \u00fanico centro de alta complejidad de la red asistencial aysenina se convierta en campus cl\u00ednico para decenas de alumnos de las carreras de Enfermer\u00eda y de Obstetricia de la casa de estudios superiores.<\/p>\n<p style=\"text-align: justify;\">\u201cEsto es muy importante e interesante, porque provoca un mayor desarrollo tanto a nosotros como hospital como tambi\u00e9n de los internos. En el sector salud tienen que tener presente que nuestro centro es el paciente. Estamos muy contentos y esperamos otorgar todas las facilidades para que los y las internas puedan desarrollarse de la mejor forma posible\u201d, indic\u00f3 Bernardo Vallejos, encargado de Relaci\u00f3n Asistencial Docente del Hospital Regional Coyhaique.<\/p>\n<p style=\"text-align: justify;\">En ese sentido, Bernardo Vallejos precis\u00f3 que, dentro de los convenios asistenciales docentes entre el HRC y diversos centros de educaci\u00f3n superior, actualmente se encuentran vigentes los suscritos con la Universidad Austral, Universidad Andr\u00e9s Bello, Universidad del Desarrollo, INACAP y Universidad Cat\u00f3lica de Temuco.<\/p>\n<p style=\"text-align: justify;\">Por su parte, Pamela Bahamondez, enfermera y subdirectora de Gesti\u00f3n del Cuidado del Hospital Regional Coyhaique, destac\u00f3 que contar con estudiantes que est\u00e9n realizando su etapa de internado o pasant\u00eda genera un c\u00edrculo virtuoso entre la academia y el centro de salud que va en directo beneficio de los pacientes. En este caso, los internos de Enfermer\u00eda ser\u00e1n parte de los equipos de Hospitalizaci\u00f3n Domiciliaria, Servicio de Urgencia Adulto, Pensionado, Cirug\u00eda y Medicina.<\/p>\n<p style=\"text-align: justify;\">\u201cEs un beneficio tanto para ellos como para nosotros, ya que nos permite actualizar nuestros conocimientos, que los profesionales que son tutores se preparen, y as\u00ed entregarles una mejor atenci\u00f3n a nuestros usuarios. Para los alumnos de la Universidad de Ays\u00e9n, que la mayor\u00eda son de la regi\u00f3n, la idea es que sea una gran instancia de aprendizaje, desarrollo y de comenzar a relacionarse con los usuarios y equipos de profesionales\u201d, sostuvo la subdirectora de Gesti\u00f3n del Cuidado del HRC.<\/p>\n<p style=\"text-align: justify;\">En tanto, Vinka Veas, jefa de carrera de Obstetricia y Puericultura de la Universidad de Ays\u00e9n detall\u00f3 que, dentro del proceso de internado, las y los estudiantes recorrer\u00e1n los diversos servicios y unidades que cuentan con equipos de matroner\u00eda, tales como como Prepartos, Maternidad, Policl\u00ednico, Urgencia Gineco obst\u00e9trica y Neonatolog\u00eda, entre otros.<\/p>\n<p style=\"text-align: justify;\">\u201cEstamos muy contentas por esta recepci\u00f3n, es primera vez que los estudiantes de la Universidad de Ays\u00e9n tienen esta bienvenida, as\u00ed que se agradece enormemente\u201d, dijo Vinka Veas, agregando que las internas \u201cest\u00e1n finalizando su proceso de formaci\u00f3n, y es una etapa donde tienen que poner a prueba todos los conocimientos adquiridos\u201d.<\/p>\n<p style=\"text-align: justify;\">Tal es el caso de Natalia Inostroza, alumna de quinto a\u00f1o de Obstetricia y Puericultura, quien lleg\u00f3 desde Cochrane para estudiar en la Universidad de Ays\u00e9n. \u201cEstoy s\u00faper ansiosa, feliz dentro de todo. Es un desaf\u00edo grande, pero s\u00e9 que esto nos va a ayudar a formarnos como las matronas que queremos ser a futuro. Tengo dos \u00e1reas favoritas, reci\u00e9n nacido y Atenci\u00f3n Primaria en Salud, que es una de las razones por las cuales desde la educaci\u00f3n media quer\u00eda llegar a ser matrona\u201d, cuenta la futura profesional.<\/p>\n<p style=\"text-align: justify;\"><strong>\u00a0<\/strong><\/p>\n<p style=\"text-align: justify;\"><strong>\u00a0<\/strong><\/p>\n<\/div><\/section><\/div><div  style='height:50px' class='hr hr-invisible   avia-builder-el-6  el_after_av_one_full  el_before_av_social_share '><span class='hr-inner ' ><span class='hr-inner-style'><\/span><\/span><\/div><\/p>\n<div  class='av-social-sharing-box  avia-builder-el-7  el_after_av_hr  el_before_av_hr  '><div class='av-share-box'><h5 class='av-share-link-description av-no-toc '>Compartir esta noticia<\/h5><ul class='av-share-box-list noLightbox'><li class='av-share-link av-social-link-facebook' ><a target=\"_blank\" aria-label=\"Compartir en Facebook\" href='https:\/\/www.facebook.com\/sharer.php?u=https:\/\/radiorevelacionfm.cl\/?p=52349&#038;t=Cerca%20de%2030%20estudiantes%20de%20la%20Universidad%20de%20Ays%C3%A9n%20comienzan%20su%20internado%20en%20el%20Hospital%20Regional%20Coyhaique' aria-hidden='false' data-av_icon='\ue8f3' data-av_iconfont='entypo-fontello' title='' data-avia-related-tooltip='Compartir en Facebook' rel=\"noopener\"><span class='avia_hidden_link_text'>Compartir en Facebook<\/span><\/a><\/li><li class='av-share-link av-social-link-twitter' ><a target=\"_blank\" aria-label=\"Compartir en Twitter\" href='https:\/\/twitter.com\/share?text=Cerca%20de%2030%20estudiantes%20de%20la%20Universidad%20de%20Ays%C3%A9n%20comienzan%20su%20internado%20en%20el%20Hospital%20Regional%20Coyhaique&#038;url=https:\/\/radiorevelacionfm.cl\/?p=52349' aria-hidden='false' data-av_icon='\ue8f1' data-av_iconfont='entypo-fontello' title='' data-avia-related-tooltip='Compartir en Twitter' rel=\"noopener\"><span class='avia_hidden_link_text'>Compartir en Twitter<\/span><\/a><\/li><li class='av-share-link av-social-link-whatsapp' ><a target=\"_blank\" aria-label=\"Compartir en Whatsapp\" href='https:\/\/api.whatsapp.com\/send?text=https:\/\/radiorevelacionfm.cl\/?p=52349' aria-hidden='false' data-av_icon='\uf232' data-av_iconfont='entypo-fontello' title='' data-avia-related-tooltip='Compartir en Whatsapp' rel=\"noopener\"><span class='avia_hidden_link_text'>Compartir en Whatsapp<\/span><\/a><\/li><li class='av-share-link av-social-link-linkedin' ><a target=\"_blank\" aria-label=\"Compartir en LinkedIn\" href='https:\/\/linkedin.com\/shareArticle?mini=true&#038;title=Cerca%20de%2030%20estudiantes%20de%20la%20Universidad%20de%20Ays%C3%A9n%20comienzan%20su%20internado%20en%20el%20Hospital%20Regional%20Coyhaique&#038;url=https:\/\/radiorevelacionfm.cl\/?p=52349' aria-hidden='false' data-av_icon='\ue8fc' data-av_iconfont='entypo-fontello' title='' data-avia-related-tooltip='Compartir en LinkedIn' rel=\"noopener\"><span class='avia_hidden_link_text'>Compartir en LinkedIn<\/span><\/a><\/li><li class='av-share-link av-social-link-mail' ><a  aria-label=\"Compartir por correo\" href='mailto:?subject=Cerca%20de%2030%20estudiantes%20de%20la%20Universidad%20de%20Ays%C3%A9n%20comienzan%20su%20internado%20en%20el%20Hospital%20Regional%20Coyhaique&#038;body=https:\/\/radiorevelacionfm.cl\/?p=52349' aria-hidden='false' data-av_icon='\ue805' data-av_iconfont='entypo-fontello' title='' data-avia-related-tooltip='Compartir por correo'><span class='avia_hidden_link_text'>Compartir por correo<\/span><\/a><\/li><\/ul><\/div><\/div>\n<div  style='height:50px' class='hr hr-invisible   avia-builder-el-8  el_after_av_social_share  el_before_av_comments_list '><span class='hr-inner ' ><span class='hr-inner-style'><\/span><\/span><\/div>\n<div  class='av-buildercomment  av-blog-meta-html-info-disabled av-blog-meta-tag-disabled  '><\/div>\n","protected":false},"excerpt":{"rendered":"","protected":false},"author":1,"featured_media":52350,"comment_status":"closed","ping_status":"closed","sticky":false,"template":"","format":"standard","meta":{"footnotes":""},"categories":[46],"tags":[],"class_list":["post-52349","post","type-post","status-publish","format-standard","has-post-thumbnail","hentry","category-salud"],"jetpack_featured_media_url":"https:\/\/radiorevelacionfm.cl\/wp-content\/uploads\/2025\/04\/internas_uaysen_hrc-3-2_optimized-1.jpeg","_links":{"self":[{"href":"https:\/\/radiorevelacionfm.cl\/index.php?rest_route=\/wp\/v2\/posts\/52349","targetHints":{"allow":["GET"]}}],"collection":[{"href":"https:\/\/radiorevelacionfm.cl\/index.php?rest_route=\/wp\/v2\/posts"}],"about":[{"href":"https:\/\/radiorevelacionfm.cl\/index.php?rest_route=\/wp\/v2\/types\/post"}],"author":[{"embeddable":true,"href":"https:\/\/radiorevelacionfm.cl\/index.php?rest_route=\/wp\/v2\/users\/1"}],"replies":[{"embeddable":true,"href":"https:\/\/radiorevelacionfm.cl\/index.php?rest_route=%2Fwp%2Fv2%2Fcomments&post=52349"}],"version-history":[{"count":2,"href":"https:\/\/radiorevelacionfm.cl\/index.php?rest_route=\/wp\/v2\/posts\/52349\/revisions"}],"predecessor-version":[{"id":52352,"href":"https:\/\/radiorevelacionfm.cl\/index.php?rest_route=\/wp\/v2\/posts\/52349\/revisions\/52352"}],"wp:featuredmedia":[{"embeddable":true,"href":"https:\/\/radiorevelacionfm.cl\/index.php?rest_route=\/wp\/v2\/media\/52350"}],"wp:attachment":[{"href":"https:\/\/radiorevelacionfm.cl\/index.php?rest_route=%2Fwp%2Fv2%2Fmedia&parent=52349"}],"wp:term":[{"taxonomy":"category","embeddable":true,"href":"https:\/\/radiorevelacionfm.cl\/index.php?rest_route=%2Fwp%2Fv2%2Fcategories&post=52349"},{"taxonomy":"post_tag","embeddable":true,"href":"https:\/\/radiorevelacionfm.cl\/index.php?rest_route=%2Fwp%2Fv2%2Ftags&post=52349"}],"curies":[{"name":"wp","href":"https:\/\/api.w.org\/{rel}","templated":true}]}}