{"id":52345,"date":"2025-04-08T10:23:29","date_gmt":"2025-04-08T13:23:29","guid":{"rendered":"https:\/\/radiorevelacionfm.cl\/?p=52345"},"modified":"2025-04-08T10:23:29","modified_gmt":"2025-04-08T13:23:29","slug":"contaminacion-por-metales-pesados-en-alto-manihuales-la-realidad-de-la-que-coyhaique-no-se-quiere-hacer-cargo","status":"publish","type":"post","link":"https:\/\/radiorevelacionfm.cl\/?p=52345","title":{"rendered":"Contaminaci\u00f3n por metales pesados en Alto Ma\u00f1ihuales: La realidad de la que Coyhaique no se quiere hacer cargo"},"content":{"rendered":"<div class=\"flex_column av_one_full  flex_column_div av-zero-column-padding first  avia-builder-el-0  el_before_av_one_full  avia-builder-el-first  \" style='border-radius:0px; '><div  class='avia-image-container  av-styling-    avia-builder-el-1  avia-builder-el-no-sibling  avia-align-center '  itemprop=\"image\" itemscope=\"itemscope\" itemtype=\"https:\/\/schema.org\/ImageObject\"  ><div class='avia-image-container-inner'><div class='avia-image-overlay-wrap'><img decoding=\"async\" class='wp-image-52346 avia-img-lazy-loading-not-52346 avia_image' src=\"https:\/\/radiorevelacionfm.cl\/wp-content\/uploads\/2025\/04\/Arrieros-frente-a-Tranque-de-Relave-Confluencia-en-Alto-Manihuales-1-1-1.jpg\" alt='' title='Arrieros frente a Tranque de Relave Confluencia en Alto Ma\u00f1ihuales (1) (1) (1)' height=\"600\" width=\"851\"  itemprop=\"thumbnailUrl\" srcset=\"https:\/\/radiorevelacionfm.cl\/wp-content\/uploads\/2025\/04\/Arrieros-frente-a-Tranque-de-Relave-Confluencia-en-Alto-Manihuales-1-1-1.jpg 851w, https:\/\/radiorevelacionfm.cl\/wp-content\/uploads\/2025\/04\/Arrieros-frente-a-Tranque-de-Relave-Confluencia-en-Alto-Manihuales-1-1-1-300x212.jpg 300w, https:\/\/radiorevelacionfm.cl\/wp-content\/uploads\/2025\/04\/Arrieros-frente-a-Tranque-de-Relave-Confluencia-en-Alto-Manihuales-1-1-1-768x541.jpg 768w, https:\/\/radiorevelacionfm.cl\/wp-content\/uploads\/2025\/04\/Arrieros-frente-a-Tranque-de-Relave-Confluencia-en-Alto-Manihuales-1-1-1-705x497.jpg 705w, https:\/\/radiorevelacionfm.cl\/wp-content\/uploads\/2025\/04\/Arrieros-frente-a-Tranque-de-Relave-Confluencia-en-Alto-Manihuales-1-1-1-450x317.jpg 450w, https:\/\/radiorevelacionfm.cl\/wp-content\/uploads\/2025\/04\/Arrieros-frente-a-Tranque-de-Relave-Confluencia-en-Alto-Manihuales-1-1-1-600x423.jpg 600w\" sizes=\"(max-width: 851px) 100vw, 851px\" \/><\/div><\/div><\/div><\/div><div class=\"flex_column av_one_full  flex_column_div av-zero-column-padding first  avia-builder-el-2  el_after_av_one_full  el_before_av_one_full  column-top-margin\" style='border-radius:0px; '><section class=\"av_textblock_section \"  itemscope=\"itemscope\" itemtype=\"https:\/\/schema.org\/BlogPosting\" itemprop=\"blogPost\" ><div class='avia_textblock  '   itemprop=\"text\" ><p style=\"text-align: center;\"><span style=\"font-size: 18pt;\"><b><span lang=\"ES-TRAD\">Contaminaci\u00f3n por metales pesados en Alto Ma\u00f1ihuales: La realidad de la que Coyhaique no se quiere hacer cargo<\/span><\/b><\/span><\/p>\n<div id=\"gtx-trans\" style=\"position: absolute; left: -50px; top: 4.31534px;\">\n<div class=\"gtx-trans-icon\"><\/div>\n<\/div>\n<\/div><\/section><\/div><div class=\"flex_column av_one_full  flex_column_div av-zero-column-padding first  avia-builder-el-4  el_after_av_one_full  el_before_av_hr  column-top-margin\" style='border-radius:0px; '><section class=\"av_textblock_section \"  itemscope=\"itemscope\" itemtype=\"https:\/\/schema.org\/BlogPosting\" itemprop=\"blogPost\" ><div class='avia_textblock  '   itemprop=\"text\" ><p class=\"v1MsoNormal\" style=\"text-align: justify;\"><i><span lang=\"ES-TRAD\">Con el fin de relevar la grave situaci\u00f3n que viven decenas de personas a tan solo 60 kil\u00f3metros de la ciudad, este jueves 10 de abril a partir de las 18:00 hrs se exhibir\u00e1 el microdocumental \u00abAguas Negras\u00bb y se dar\u00e1 la charla \u00abZona de sacrificio: Impacto minero en Alto Ma\u00f1ihuales\u00bb, concluyendo con un conversatorio con los presentes.<\/span><\/i><\/p>\n<p class=\"v1MsoNormal\" style=\"text-align: justify;\"><span lang=\"ES-TRAD\">Desde diversos sectores se ha ido expresando en el \u00faltimo tiempo preocupaci\u00f3n por la situaci\u00f3n de contaminaci\u00f3n que, hace casi una d\u00e9cada, organismos p\u00fablicos y el<span class=\"v1gmail-Apple-converted-space\">\u00a0<\/span><a href=\"https:\/\/codexverde.cl\/interponen-querella-por-contaminacion-que-afecta-a-pobladores-de-alto-manihuales\/\" target=\"_blank\" rel=\"noopener noreferrer\">Colegio M\u00e9dico<\/a><span class=\"v1gmail-Apple-converted-space\">\u00a0<\/span>constataron en Alto Ma\u00f1ihuales, producto de la actividad minera que se desarrolla en la zona.\u00a0<span class=\"v1gmail-Apple-converted-space\">\u00a0<\/span>Altos niveles de plomo, mercurio y ars\u00e9nico en la sangre de pobladores y ganado, al igual que en agua y suelo, fueron consignados en esa \u00e9poca, respecto de lo cual no ha existido la debida vigilancia y monitoreo por parte del Estado, principal garante de los derechos humanos de las personas.<span class=\"v1gmail-Apple-converted-space\">\u00a0<\/span><\/span><\/p>\n<p class=\"v1MsoNormal\" style=\"text-align: justify;\"><span lang=\"ES-TRAD\">El tema ha sido relevado<span class=\"v1gmail-Apple-converted-space\">\u00a0<\/span><a href=\"https:\/\/www.laopinon.cl\/noticia\/listado\/con-fotografias-pobladores-denuncian-nuevo-hecho-de-contaminacion-en-alto-manihuales\" target=\"_blank\" rel=\"noopener noreferrer\">desde hace a\u00f1os<\/a><span class=\"v1gmail-Apple-converted-space\">\u00a0<\/span>por la Corporaci\u00f3n Privada para el Desarrollo de Ays\u00e9n (CODESA),<span class=\"v1gmail-Apple-converted-space\">\u00a0<\/span><a href=\"https:\/\/radiogenial.cl\/2025\/03\/27\/indh-evaluara-caso-de-vulneracion-de-derechos-humanos-en-alto-manihuales-por-contaminacion-minera\/\" target=\"_blank\" rel=\"noopener noreferrer\">develando la grave vulneraci\u00f3n de derechos humanos<\/a><span class=\"v1gmail-Apple-converted-space\">\u00a0<\/span>que viven vecinos del sector, mediante requerimientos ante la<span class=\"v1gmail-Apple-converted-space\">\u00a0<\/span><a href=\"https:\/\/tehuelchenoticias.cl\/nuevo_sitio\/2024\/12\/05\/con-criticas-a-pasividad-del-organismo-en-aysen-codesa-expone-en-camara-de-diputados-propuestas-de-reforma-a-ley-organica-de-la-sma\/\" target=\"_blank\" rel=\"noopener noreferrer\">Superintendencia del Medio Ambiente<\/a><span class=\"v1gmail-Apple-converted-space\">\u00a0<\/span>(SMA) por las infracciones normativas y contaminaci\u00f3n del tranque relaves Confluencia, adem\u00e1s de alertar sobre el impacto de la miner\u00eda.<span class=\"v1gmail-Apple-converted-space\">\u00a0<\/span><\/span><\/p>\n<p class=\"v1MsoNormal\" style=\"text-align: justify;\"><span lang=\"ES-TRAD\">Y recientemente el Consejo Regional de Ays\u00e9n acord\u00f3<span class=\"v1gmail-Apple-converted-space\">\u00a0<\/span><a href=\"https:\/\/g5noticias.cl\/2025\/02\/18\/aysen-preocupacion-en-el-core-por-falta-de-monitoreo-de-contaminacion-minera-en-cuenca-de-alto-manihuales\/\" target=\"_blank\" rel=\"noopener noreferrer\">abordar el tema<\/a><span class=\"v1gmail-Apple-converted-space\">\u00a0<\/span>conformando una<span class=\"v1gmail-Apple-converted-space\">\u00a0<\/span><a href=\"https:\/\/www.terram.cl\/contaminacion-minera-en-aysen-core-investigara-metales-pesados-en-rios-por-impacto-de-el-toqui\/\" target=\"_blank\" rel=\"noopener noreferrer\">Comisi\u00f3n Mixta<\/a><span class=\"v1gmail-Apple-converted-space\">\u00a0<\/span>para hacer seguimiento, pedir nuevos an\u00e1lisis e informes a organismos del Estado.<span class=\"v1gmail-Apple-converted-space\">\u00a0<\/span><\/span><\/p>\n<p class=\"v1MsoNormal\" style=\"text-align: justify;\"><span lang=\"ES-TRAD\">En esta preocupaci\u00f3n una de las instituciones que se ha restado ha sido la Municipalidad de Coyhaique.\u00a0<span class=\"v1gmail-Apple-converted-space\">\u00a0<\/span>Aunque la localidad de Ma\u00f1ihuales est\u00e1 ubicada en la comuna de Ays\u00e9n, tanto las instalaciones de Mina El Toqui (propiedad de Sociedad Minera Pac\u00edfico del Sur SpA.) como los terrenos afectados en Alto Ma\u00f1ihuales corresponden a la jurisdicci\u00f3n de la comuna capital regional, a s\u00f3lo 60 kil\u00f3metros de la ciudad.<\/span><\/p>\n<p class=\"v1MsoNormal\" style=\"text-align: justify;\"><b><span lang=\"ES-TRAD\">Microdocumental, charla y conversatorio<\/span><\/b><\/p>\n<p class=\"v1MsoNormal\" style=\"text-align: justify;\"><span lang=\"ES-TRAD\">Con el fin de continuar sensibilizando a la poblaci\u00f3n de Coyhaique, este<span class=\"v1gmail-Apple-converted-space\">\u00a0<\/span><b>jueves 10 de abril<\/b><span class=\"v1gmail-Apple-converted-space\">\u00a0<\/span>CODESA junto a la<span class=\"v1gmail-Apple-converted-space\">\u00a0<\/span><b>Red de Defensa y Protecci\u00f3n de la Patagonia-Ays\u00e9n<\/b><span class=\"v1gmail-Apple-converted-space\">\u00a0<\/span>exhibir\u00e1n el<span class=\"v1gmail-Apple-converted-space\">\u00a0<\/span><a href=\"https:\/\/www.facebook.com\/redprodeterpatagonia\/posts\/pfbid02nYMFxwFT293KiuQkd8QyfWwQu3TrHXEPZCgB41VFxbonLNSj1DbfnU5kc1jr5nHdl\" target=\"_blank\" rel=\"noopener noreferrer\">microdocumental<\/a><span class=\"v1gmail-Apple-converted-space\">\u00a0<\/span>\u00ab<b>Aguas Negras<\/b>\u00bb (de 6 minutos).\u00a0<span class=\"v1gmail-Apple-converted-space\">\u00a0<\/span>\u00c9ste recoge el audio de una reuni\u00f3n realizada en 2015 en Alto Ma\u00f1ihuales, la cual se complementa con im\u00e1genes de pobladores y de los sectores afectados.\u00a0\u00a0<span class=\"v1gmail-Apple-converted-space\">\u00a0<\/span>En ella es posible escuchar la preocupaci\u00f3n de los vecinos que, a trav\u00e9s de dram\u00e1ticos testimonios, dan cuenta de los graves problemas de salud y afectaci\u00f3n productiva que han debido vivir por las operaciones de 40 a\u00f1os de miner\u00eda.<\/span><\/p>\n<p class=\"v1MsoNormal\" style=\"text-align: justify;\"><span lang=\"ES-TRAD\">Posteriormente el<span class=\"v1gmail-Apple-converted-space\">\u00a0<\/span><b>presidente de CODESA, Erwin Sandoval Gallardo,<\/b><span class=\"v1gmail-Apple-converted-space\">\u00a0<\/span>expondr\u00e1 la presentaci\u00f3n \u00ab<i>Zona de sacrificio: Impacto minero en Alto Ma\u00f1ihuales<\/i>\u00ab.\u00a0<span class=\"v1gmail-Apple-converted-space\">\u00a0<\/span>Sandoval se crio en Villa Ma\u00f1ihuales, habiendo vivenciado en primera persona las consecuencias humanas que esta actividad extractiva genera sobre los habitantes de los territorios en que se desarrolla: su padre fue trabajador de Mina El Toqui por m\u00e1s de 25 a\u00f1os, falleciendo de c\u00e1ncer a los 49 a\u00f1os de edad, una de las tantas consecuencias a la que se encuentra expuesta la comunidad local a ra\u00edz de la prolongada exposici\u00f3n a la contaminaci\u00f3n minera proveniente de las operaciones de El Toqui.<\/span><\/p>\n<p class=\"v1MsoNormal\" style=\"text-align: justify;\"><span lang=\"ES-TRAD\">Posteriormente, se desarrollar\u00e1 un conversatorio para abordar el tema y ver las acciones viables desde el rol ciudadano y comunitario.<\/span><\/p>\n<p class=\"v1MsoNormal\" style=\"text-align: justify;\"><span lang=\"ES-TRAD\">La actividad se realizar\u00e1 en la<span class=\"v1gmail-Apple-converted-space\">\u00a0<\/span><b>sede de la Asociaci\u00f3n Nacional de Empleados Fiscales (ANEF, ubicada en 12 de octubre 23)<\/b><span class=\"v1gmail-Apple-converted-space\">\u00a0<\/span>a partir de las<span class=\"v1gmail-Apple-converted-space\">\u00a0<\/span><b>18:00 hrs<\/b>.<\/span><\/p>\n<p class=\"v1MsoNormal\" style=\"text-align: justify;\"><span lang=\"ES-TRAD\">La idea es dialogar sobre \u00ab<i>c\u00f3mo las autoridades y el Estado de Chile han mirado hacia el lado con esta actual zona de sacrificio, que tenemos instalada ac\u00e1, en un lugar pr\u00edstino que muchas veces decimos que admiramos, pero que tiene situaciones tan graves como lo que est\u00e1n viviendo las vecinas y vecinos con la minera El Toqui<\/i>\u00bb indic\u00f3 Deisy Avenda\u00f1o, de la Red de Defensa y Protecci\u00f3n de la Patagonia-Ays\u00e9n.<\/span><\/p>\n<p class=\"v1MsoNormal\" style=\"text-align: justify;\"><span lang=\"ES-TRAD\">\u00ab<i>Vamos a tener informaci\u00f3n para entregar. Y lo que m\u00e1s nos interesa es conversar este tema para saber c\u00f3mo estamos de informadas e informados, cu\u00e1nto sabemos de la situaci\u00f3n que est\u00e1n viviendo all\u00e1 arriba.\u00a0<span class=\"v1gmail-Apple-converted-space\">\u00a0<\/span>Si ten\u00edamos alguna idea de esto que est\u00e1 pasando actualmente, porque es un conflicto que latente<\/i>\u00bb puntualiz\u00f3.<\/span><\/p>\n<\/div><\/section><\/div><div  style='height:50px' class='hr hr-invisible   avia-builder-el-6  el_after_av_one_full  el_before_av_social_share '><span class='hr-inner ' ><span class='hr-inner-style'><\/span><\/span><\/div><\/p>\n<div  class='av-social-sharing-box  avia-builder-el-7  el_after_av_hr  el_before_av_hr  '><div class='av-share-box'><h5 class='av-share-link-description av-no-toc '>Compartir esta noticia<\/h5><ul class='av-share-box-list noLightbox'><li class='av-share-link av-social-link-facebook' ><a target=\"_blank\" aria-label=\"Compartir en Facebook\" href='https:\/\/www.facebook.com\/sharer.php?u=https:\/\/radiorevelacionfm.cl\/?p=52345&#038;t=Contaminaci%C3%B3n%20por%20metales%20pesados%20en%20Alto%20Ma%C3%B1ihuales%3A%20La%20realidad%20de%20la%20que%20Coyhaique%20no%20se%20quiere%20hacer%20cargo' aria-hidden='false' data-av_icon='\ue8f3' data-av_iconfont='entypo-fontello' title='' data-avia-related-tooltip='Compartir en Facebook' rel=\"noopener\"><span class='avia_hidden_link_text'>Compartir en Facebook<\/span><\/a><\/li><li class='av-share-link av-social-link-twitter' ><a target=\"_blank\" aria-label=\"Compartir en Twitter\" href='https:\/\/twitter.com\/share?text=Contaminaci%C3%B3n%20por%20metales%20pesados%20en%20Alto%20Ma%C3%B1ihuales%3A%20La%20realidad%20de%20la%20que%20Coyhaique%20no%20se%20quiere%20hacer%20cargo&#038;url=https:\/\/radiorevelacionfm.cl\/?p=52345' aria-hidden='false' data-av_icon='\ue8f1' data-av_iconfont='entypo-fontello' title='' data-avia-related-tooltip='Compartir en Twitter' rel=\"noopener\"><span class='avia_hidden_link_text'>Compartir en Twitter<\/span><\/a><\/li><li class='av-share-link av-social-link-whatsapp' ><a target=\"_blank\" aria-label=\"Compartir en Whatsapp\" href='https:\/\/api.whatsapp.com\/send?text=https:\/\/radiorevelacionfm.cl\/?p=52345' aria-hidden='false' data-av_icon='\uf232' data-av_iconfont='entypo-fontello' title='' data-avia-related-tooltip='Compartir en Whatsapp' rel=\"noopener\"><span class='avia_hidden_link_text'>Compartir en Whatsapp<\/span><\/a><\/li><li class='av-share-link av-social-link-linkedin' ><a target=\"_blank\" aria-label=\"Compartir en LinkedIn\" href='https:\/\/linkedin.com\/shareArticle?mini=true&#038;title=Contaminaci%C3%B3n%20por%20metales%20pesados%20en%20Alto%20Ma%C3%B1ihuales%3A%20La%20realidad%20de%20la%20que%20Coyhaique%20no%20se%20quiere%20hacer%20cargo&#038;url=https:\/\/radiorevelacionfm.cl\/?p=52345' aria-hidden='false' data-av_icon='\ue8fc' data-av_iconfont='entypo-fontello' title='' data-avia-related-tooltip='Compartir en LinkedIn' rel=\"noopener\"><span class='avia_hidden_link_text'>Compartir en LinkedIn<\/span><\/a><\/li><li class='av-share-link av-social-link-mail' ><a  aria-label=\"Compartir por correo\" href='mailto:?subject=Contaminaci%C3%B3n%20por%20metales%20pesados%20en%20Alto%20Ma%C3%B1ihuales%3A%20La%20realidad%20de%20la%20que%20Coyhaique%20no%20se%20quiere%20hacer%20cargo&#038;body=https:\/\/radiorevelacionfm.cl\/?p=52345' aria-hidden='false' data-av_icon='\ue805' data-av_iconfont='entypo-fontello' title='' data-avia-related-tooltip='Compartir por correo'><span class='avia_hidden_link_text'>Compartir por correo<\/span><\/a><\/li><\/ul><\/div><\/div>\n<div  style='height:50px' class='hr hr-invisible   avia-builder-el-8  el_after_av_social_share  el_before_av_comments_list '><span class='hr-inner ' ><span class='hr-inner-style'><\/span><\/span><\/div>\n<div  class='av-buildercomment  av-blog-meta-html-info-disabled av-blog-meta-tag-disabled  '><\/div>\n","protected":false},"excerpt":{"rendered":"","protected":false},"author":1,"featured_media":52346,"comment_status":"closed","ping_status":"closed","sticky":false,"template":"","format":"standard","meta":{"footnotes":""},"categories":[39],"tags":[],"class_list":["post-52345","post","type-post","status-publish","format-standard","has-post-thumbnail","hentry","category-medio-ambiente"],"jetpack_featured_media_url":"https:\/\/radiorevelacionfm.cl\/wp-content\/uploads\/2025\/04\/Arrieros-frente-a-Tranque-de-Relave-Confluencia-en-Alto-Manihuales-1-1-1.jpg","_links":{"self":[{"href":"https:\/\/radiorevelacionfm.cl\/index.php?rest_route=\/wp\/v2\/posts\/52345","targetHints":{"allow":["GET"]}}],"collection":[{"href":"https:\/\/radiorevelacionfm.cl\/index.php?rest_route=\/wp\/v2\/posts"}],"about":[{"href":"https:\/\/radiorevelacionfm.cl\/index.php?rest_route=\/wp\/v2\/types\/post"}],"author":[{"embeddable":true,"href":"https:\/\/radiorevelacionfm.cl\/index.php?rest_route=\/wp\/v2\/users\/1"}],"replies":[{"embeddable":true,"href":"https:\/\/radiorevelacionfm.cl\/index.php?rest_route=%2Fwp%2Fv2%2Fcomments&post=52345"}],"version-history":[{"count":2,"href":"https:\/\/radiorevelacionfm.cl\/index.php?rest_route=\/wp\/v2\/posts\/52345\/revisions"}],"predecessor-version":[{"id":52348,"href":"https:\/\/radiorevelacionfm.cl\/index.php?rest_route=\/wp\/v2\/posts\/52345\/revisions\/52348"}],"wp:featuredmedia":[{"embeddable":true,"href":"https:\/\/radiorevelacionfm.cl\/index.php?rest_route=\/wp\/v2\/media\/52346"}],"wp:attachment":[{"href":"https:\/\/radiorevelacionfm.cl\/index.php?rest_route=%2Fwp%2Fv2%2Fmedia&parent=52345"}],"wp:term":[{"taxonomy":"category","embeddable":true,"href":"https:\/\/radiorevelacionfm.cl\/index.php?rest_route=%2Fwp%2Fv2%2Fcategories&post=52345"},{"taxonomy":"post_tag","embeddable":true,"href":"https:\/\/radiorevelacionfm.cl\/index.php?rest_route=%2Fwp%2Fv2%2Ftags&post=52345"}],"curies":[{"name":"wp","href":"https:\/\/api.w.org\/{rel}","templated":true}]}}