{"id":52340,"date":"2025-04-08T18:37:16","date_gmt":"2025-04-08T21:37:16","guid":{"rendered":"https:\/\/radiorevelacionfm.cl\/?p=52340"},"modified":"2025-04-08T18:37:16","modified_gmt":"2025-04-08T21:37:16","slug":"senadora-ordenes-tras-semana-regional-guaitecas-es-la-unica-comuna-que-tiene-como-centro-de-referencia-de-salud-una-posta","status":"publish","type":"post","link":"https:\/\/radiorevelacionfm.cl\/?p=52340","title":{"rendered":"Senadora \u00d3rdenes tras semana regional: \u201cGuaitecas es la \u00fanica comuna que tiene como centro de referencia de salud una Posta\u201d"},"content":{"rendered":"<div class=\"flex_column av_one_full  flex_column_div av-zero-column-padding first  avia-builder-el-0  el_before_av_one_full  avia-builder-el-first  \" style='border-radius:0px; '><div  class='avia-image-container  av-styling-    avia-builder-el-1  avia-builder-el-no-sibling  avia-align-center '  itemprop=\"image\" itemscope=\"itemscope\" itemtype=\"https:\/\/schema.org\/ImageObject\"  ><div class='avia-image-container-inner'><div class='avia-image-overlay-wrap'><img decoding=\"async\" class='wp-image-52341 avia-img-lazy-loading-not-52341 avia_image' src=\"https:\/\/radiorevelacionfm.cl\/wp-content\/uploads\/2025\/04\/7iv1540-enhanced-nr-1_optimized.jpg\" alt='' title='_7iv1540-enhanced-nr-(1)_optimized' height=\"600\" width=\"900\"  itemprop=\"thumbnailUrl\" srcset=\"https:\/\/radiorevelacionfm.cl\/wp-content\/uploads\/2025\/04\/7iv1540-enhanced-nr-1_optimized.jpg 900w, https:\/\/radiorevelacionfm.cl\/wp-content\/uploads\/2025\/04\/7iv1540-enhanced-nr-1_optimized-300x200.jpg 300w, https:\/\/radiorevelacionfm.cl\/wp-content\/uploads\/2025\/04\/7iv1540-enhanced-nr-1_optimized-768x512.jpg 768w, https:\/\/radiorevelacionfm.cl\/wp-content\/uploads\/2025\/04\/7iv1540-enhanced-nr-1_optimized-705x470.jpg 705w, https:\/\/radiorevelacionfm.cl\/wp-content\/uploads\/2025\/04\/7iv1540-enhanced-nr-1_optimized-450x300.jpg 450w, https:\/\/radiorevelacionfm.cl\/wp-content\/uploads\/2025\/04\/7iv1540-enhanced-nr-1_optimized-600x400.jpg 600w\" sizes=\"(max-width: 900px) 100vw, 900px\" \/><\/div><\/div><\/div><\/div><div class=\"flex_column av_one_full  flex_column_div av-zero-column-padding first  avia-builder-el-2  el_after_av_one_full  el_before_av_one_full  column-top-margin\" style='border-radius:0px; '><section class=\"av_textblock_section \"  itemscope=\"itemscope\" itemtype=\"https:\/\/schema.org\/BlogPosting\" itemprop=\"blogPost\" ><div class='avia_textblock  '   itemprop=\"text\" ><p style=\"text-align: center;\"><strong><span style=\"font-size: 18pt;\">Senadora \u00d3rdenes tras semana regional: \u201cGuaitecas es la \u00fanica comuna que tiene como centro de referencia de salud una Posta\u201d<\/span><\/strong><\/p>\n<div id=\"gtx-trans\" style=\"position: absolute; left: -50px; top: 4.31534px;\">\n<div class=\"gtx-trans-icon\"><\/div>\n<\/div>\n<\/div><\/section><\/div><div class=\"flex_column av_one_full  flex_column_div av-zero-column-padding first  avia-builder-el-4  el_after_av_one_full  el_before_av_hr  column-top-margin\" style='border-radius:0px; '><section class=\"av_textblock_section \"  itemscope=\"itemscope\" itemtype=\"https:\/\/schema.org\/BlogPosting\" itemprop=\"blogPost\" ><div class='avia_textblock  '   itemprop=\"text\" ><p style=\"text-align: justify;\">Luego de que la senadora por la regi\u00f3n de Ays\u00e9n, Ximena \u00d3rdenes Neira, visitara la comuna de Guaitecas durante la \u00faltima semana regional, la representante aysenina sostuvo que la comuna del archipi\u00e9lago tiene como prioridad resolver los problemas en salud, no solo a nivel local, sino tambi\u00e9n respecto a los traslados y sobre estos, hacia qu\u00e9 centros de referencia.<\/p>\n<p style=\"text-align: justify;\">La parlamentaria se\u00f1al\u00f3 que \u201cEs urgente contar con un Centro de atenci\u00f3n de salud de mayor complejidad\u201d, en tanto que \u201cGuaitecas es la \u00fanica comuna que tiene como centro de referencia de salud una posta\u201d. \u00d3rdenes recalc\u00f3 que si bien se han hecho avances, \u201choy se requiere con urgencia tener un proyecto que garantice a la poblaci\u00f3n que contar\u00e1n con mayores prestaciones. Para nosotros eso es fundamental\u201d.<\/p>\n<p style=\"text-align: justify;\">\u201cEs parte de lo que escuchamos en nuestra visita, cuando nos reunimos con el Consejo Consultivo de Salud, con la Comisi\u00f3n de Salud del Municipio, con los concejales, con la comunidad, con la cual tuvimos una conversaci\u00f3n muy amplia en esta materia\u201d, indic\u00f3 la senadora e integrante de la Comisi\u00f3n de Salud del Senado, afirmando: \u201cMe parece que si hay una idea clara sobre el tema en la comuna de las Guaitecas, es contar con este Centro de Atenci\u00f3n en Salud\u201d.<\/p>\n<p style=\"text-align: justify;\"><strong>TRASLADOS, DERIVACI\u00d3N DE PACIENTES Y TOMA DE EX\u00c1MENES<\/strong><\/p>\n<p style=\"text-align: justify;\">\u201cOtro punto que me gustar\u00eda destacar es la necesidad de mejorar la gesti\u00f3n de los traslados, sobre todo porque esta es una comuna que tiene una condici\u00f3n insular\u201d, recogi\u00f3 tambi\u00e9n la senadora \u00d3rdenes de su visita por el archipi\u00e9lago al norte de la regi\u00f3n de Ays\u00e9n. \u201cAh\u00ed se tiene una serie de reparos y reclamos por parte de la comunidad. Por lo tanto, esa es un \u00e1rea que hay que trabajar\u201d, destac\u00f3, agregando el que la comunidad cuente con la posibilidad de que se realicen ex\u00e1menes en la misma comuna.<\/p>\n<p style=\"text-align: justify;\">Sobre este punto, en el di\u00e1logo ciudadano del que particip\u00f3 la representante de la regi\u00f3n de Ays\u00e9n en el senado, las vecinas y vecinos de Melinka y Repollal relataron sus dificultades, coincidiendo en que muchas veces los ex\u00e1menes no serv\u00edan ya al momento del traslado, entre otras.<\/p>\n<p style=\"text-align: justify;\">\u00abEl env\u00edo de muestras representa una situaci\u00f3n muy compleja y a veces, con resultados negativos, en tanto las pruebas no logran procesarse, precisamente por las condiciones de traslado. Por otro lado, sobre el tema de los rayos X, de imagenolog\u00eda, se necesita un profesional. Una cosa es tener el dispositivo, pero se requiere que este tipo de acciones se desarrollen en el lugar. La verdad es que observamos que hay un d\u00e9ficit que necesita corregirse. Hay que empezar al menos por estos tres temas, que me parece que son fundamentales\u201d, concluy\u00f3 Ximena \u00d3rdenes.<\/p>\n<p style=\"text-align: justify;\">La parlamentaria tambi\u00e9n destac\u00f3 las diversas reuniones, tanto con la comunidad de Repollal y Melinka, como con las autoridades de la comuna. \u201cJunto a la Comisi\u00f3n de Salud del Municipio ya estamos realizando gestiones con las autoridades -a nivel nacional- para tener conocimiento acabado respecto del estado de los diferentes proyectos y potenciales soluciones\u201d, sostuvo la representante de Ays\u00e9n.<\/p>\n<p style=\"text-align: justify;\">La parlamentaria manifest\u00f3 que junto con los concejales de Guaitecas est\u00e1n trabajando en estas soluciones, se\u00f1alando que: \u201cesperamos avanzar en esta l\u00ednea, sobre todo considerando que hablamos de una comuna que es muy particular, no solo por su condici\u00f3n insular, sino tambi\u00e9n, por ser una de las m\u00e1s alejadas de la capital regional\u201d.<\/p>\n<\/div><\/section><\/div><div  style='height:50px' class='hr hr-invisible   avia-builder-el-6  el_after_av_one_full  el_before_av_social_share '><span class='hr-inner ' ><span class='hr-inner-style'><\/span><\/span><\/div><\/p>\n<div  class='av-social-sharing-box  avia-builder-el-7  el_after_av_hr  el_before_av_hr  '><div class='av-share-box'><h5 class='av-share-link-description av-no-toc '>Compartir esta noticia<\/h5><ul class='av-share-box-list noLightbox'><li class='av-share-link av-social-link-facebook' ><a target=\"_blank\" aria-label=\"Compartir en Facebook\" href='https:\/\/www.facebook.com\/sharer.php?u=https:\/\/radiorevelacionfm.cl\/?p=52340&#038;t=Senadora%20%C3%93rdenes%20tras%20semana%20regional%3A%20%E2%80%9CGuaitecas%20es%20la%20%C3%BAnica%20comuna%20que%20tiene%20como%20centro%20de%20referencia%20de%20salud%20una%20Posta%E2%80%9D' aria-hidden='false' data-av_icon='\ue8f3' data-av_iconfont='entypo-fontello' title='' data-avia-related-tooltip='Compartir en Facebook' rel=\"noopener\"><span class='avia_hidden_link_text'>Compartir en Facebook<\/span><\/a><\/li><li class='av-share-link av-social-link-twitter' ><a target=\"_blank\" aria-label=\"Compartir en Twitter\" href='https:\/\/twitter.com\/share?text=Senadora%20%C3%93rdenes%20tras%20semana%20regional%3A%20%E2%80%9CGuaitecas%20es%20la%20%C3%BAnica%20comuna%20que%20tiene%20como%20centro%20de%20referencia%20de%20salud%20una%20Posta%E2%80%9D&#038;url=https:\/\/radiorevelacionfm.cl\/?p=52340' aria-hidden='false' data-av_icon='\ue8f1' data-av_iconfont='entypo-fontello' title='' data-avia-related-tooltip='Compartir en Twitter' rel=\"noopener\"><span class='avia_hidden_link_text'>Compartir en Twitter<\/span><\/a><\/li><li class='av-share-link av-social-link-whatsapp' ><a target=\"_blank\" aria-label=\"Compartir en Whatsapp\" href='https:\/\/api.whatsapp.com\/send?text=https:\/\/radiorevelacionfm.cl\/?p=52340' aria-hidden='false' data-av_icon='\uf232' data-av_iconfont='entypo-fontello' title='' data-avia-related-tooltip='Compartir en Whatsapp' rel=\"noopener\"><span class='avia_hidden_link_text'>Compartir en Whatsapp<\/span><\/a><\/li><li class='av-share-link av-social-link-linkedin' ><a target=\"_blank\" aria-label=\"Compartir en LinkedIn\" href='https:\/\/linkedin.com\/shareArticle?mini=true&#038;title=Senadora%20%C3%93rdenes%20tras%20semana%20regional%3A%20%E2%80%9CGuaitecas%20es%20la%20%C3%BAnica%20comuna%20que%20tiene%20como%20centro%20de%20referencia%20de%20salud%20una%20Posta%E2%80%9D&#038;url=https:\/\/radiorevelacionfm.cl\/?p=52340' aria-hidden='false' data-av_icon='\ue8fc' data-av_iconfont='entypo-fontello' title='' data-avia-related-tooltip='Compartir en LinkedIn' rel=\"noopener\"><span class='avia_hidden_link_text'>Compartir en LinkedIn<\/span><\/a><\/li><li class='av-share-link av-social-link-mail' ><a  aria-label=\"Compartir por correo\" href='mailto:?subject=Senadora%20%C3%93rdenes%20tras%20semana%20regional%3A%20%E2%80%9CGuaitecas%20es%20la%20%C3%BAnica%20comuna%20que%20tiene%20como%20centro%20de%20referencia%20de%20salud%20una%20Posta%E2%80%9D&#038;body=https:\/\/radiorevelacionfm.cl\/?p=52340' aria-hidden='false' data-av_icon='\ue805' data-av_iconfont='entypo-fontello' title='' data-avia-related-tooltip='Compartir por correo'><span class='avia_hidden_link_text'>Compartir por correo<\/span><\/a><\/li><\/ul><\/div><\/div>\n<div  style='height:50px' class='hr hr-invisible   avia-builder-el-8  el_after_av_social_share  el_before_av_comments_list '><span class='hr-inner ' ><span class='hr-inner-style'><\/span><\/span><\/div>\n<div  class='av-buildercomment  av-blog-meta-html-info-disabled av-blog-meta-tag-disabled  '><\/div>\n","protected":false},"excerpt":{"rendered":"","protected":false},"author":1,"featured_media":52341,"comment_status":"closed","ping_status":"closed","sticky":false,"template":"","format":"standard","meta":{"footnotes":""},"categories":[35],"tags":[],"class_list":["post-52340","post","type-post","status-publish","format-standard","has-post-thumbnail","hentry","category-politica"],"jetpack_featured_media_url":"https:\/\/radiorevelacionfm.cl\/wp-content\/uploads\/2025\/04\/7iv1540-enhanced-nr-1_optimized.jpg","_links":{"self":[{"href":"https:\/\/radiorevelacionfm.cl\/index.php?rest_route=\/wp\/v2\/posts\/52340","targetHints":{"allow":["GET"]}}],"collection":[{"href":"https:\/\/radiorevelacionfm.cl\/index.php?rest_route=\/wp\/v2\/posts"}],"about":[{"href":"https:\/\/radiorevelacionfm.cl\/index.php?rest_route=\/wp\/v2\/types\/post"}],"author":[{"embeddable":true,"href":"https:\/\/radiorevelacionfm.cl\/index.php?rest_route=\/wp\/v2\/users\/1"}],"replies":[{"embeddable":true,"href":"https:\/\/radiorevelacionfm.cl\/index.php?rest_route=%2Fwp%2Fv2%2Fcomments&post=52340"}],"version-history":[{"count":3,"href":"https:\/\/radiorevelacionfm.cl\/index.php?rest_route=\/wp\/v2\/posts\/52340\/revisions"}],"predecessor-version":[{"id":52405,"href":"https:\/\/radiorevelacionfm.cl\/index.php?rest_route=\/wp\/v2\/posts\/52340\/revisions\/52405"}],"wp:featuredmedia":[{"embeddable":true,"href":"https:\/\/radiorevelacionfm.cl\/index.php?rest_route=\/wp\/v2\/media\/52341"}],"wp:attachment":[{"href":"https:\/\/radiorevelacionfm.cl\/index.php?rest_route=%2Fwp%2Fv2%2Fmedia&parent=52340"}],"wp:term":[{"taxonomy":"category","embeddable":true,"href":"https:\/\/radiorevelacionfm.cl\/index.php?rest_route=%2Fwp%2Fv2%2Fcategories&post=52340"},{"taxonomy":"post_tag","embeddable":true,"href":"https:\/\/radiorevelacionfm.cl\/index.php?rest_route=%2Fwp%2Fv2%2Ftags&post=52340"}],"curies":[{"name":"wp","href":"https:\/\/api.w.org\/{rel}","templated":true}]}}