{"id":5234,"date":"2021-06-14T17:35:02","date_gmt":"2021-06-14T20:35:02","guid":{"rendered":"https:\/\/radiorevelacionfm.cl\/?p=5234"},"modified":"2021-06-14T18:05:25","modified_gmt":"2021-06-14T21:05:25","slug":"jovenes-de-coyhaique-participan-en-proyecto-de-escuela-al-aire-libre-del-club-de-esqui-de-montana","status":"publish","type":"post","link":"https:\/\/radiorevelacionfm.cl\/?p=5234","title":{"rendered":"J\u00f3venes de Coyhaique participan en proyecto de escuela al aire libre del Club de Esqu\u00ed de Monta\u00f1a"},"content":{"rendered":"<div class=\"flex_column av_one_full  flex_column_div av-zero-column-padding first  avia-builder-el-0  el_before_av_one_full  avia-builder-el-first  \" style='border-radius:0px; '><div  class='avia-image-container  av-styling-    avia-builder-el-1  avia-builder-el-no-sibling  avia-align-center '  itemprop=\"image\" itemscope=\"itemscope\" itemtype=\"https:\/\/schema.org\/ImageObject\"  ><div class='avia-image-container-inner'><div class='avia-image-overlay-wrap'><img decoding=\"async\" class='wp-image-5241 avia-img-lazy-loading-not-5241 avia_image' src=\"https:\/\/radiorevelacionfm.cl\/wp-content\/uploads\/2021\/06\/5-17v2-1-1-1.jpg\" alt='' title='5 (17)v2 (1) (1)' height=\"600\" width=\"884\"  itemprop=\"thumbnailUrl\" srcset=\"https:\/\/radiorevelacionfm.cl\/wp-content\/uploads\/2021\/06\/5-17v2-1-1-1.jpg 884w, https:\/\/radiorevelacionfm.cl\/wp-content\/uploads\/2021\/06\/5-17v2-1-1-1-300x204.jpg 300w, https:\/\/radiorevelacionfm.cl\/wp-content\/uploads\/2021\/06\/5-17v2-1-1-1-768x521.jpg 768w, https:\/\/radiorevelacionfm.cl\/wp-content\/uploads\/2021\/06\/5-17v2-1-1-1-705x479.jpg 705w, https:\/\/radiorevelacionfm.cl\/wp-content\/uploads\/2021\/06\/5-17v2-1-1-1-600x407.jpg 600w\" sizes=\"(max-width: 884px) 100vw, 884px\" \/><\/div><\/div><\/div><\/div><div class=\"flex_column av_one_full  flex_column_div av-zero-column-padding first  avia-builder-el-2  el_after_av_one_full  el_before_av_one_full  column-top-margin\" style='border-radius:0px; '><section class=\"av_textblock_section \"  itemscope=\"itemscope\" itemtype=\"https:\/\/schema.org\/BlogPosting\" itemprop=\"blogPost\" ><div class='avia_textblock  '   itemprop=\"text\" ><p style=\"text-align: center;\"><strong><span style=\"font-size: 18pt;\">J\u00f3venes de Coyhaique participan en proyecto de escuela al aire libre del Club de Esqu\u00ed de Monta\u00f1a <\/span><\/strong><\/p>\n<div id=\"gtx-trans\" style=\"position: absolute; left: -50px; top: 4.31534px;\">\n<div class=\"gtx-trans-icon\"><\/div>\n<\/div>\n<\/div><\/section><\/div><\/p>\n<div class=\"flex_column av_one_full  flex_column_div av-zero-column-padding first  avia-builder-el-4  el_after_av_one_full  el_before_av_hr  column-top-margin\" style='border-radius:0px; '><section class=\"av_textblock_section \"  itemscope=\"itemscope\" itemtype=\"https:\/\/schema.org\/BlogPosting\" itemprop=\"blogPost\" ><div class='avia_textblock  '   itemprop=\"text\" ><p style=\"text-align: justify;\">El proyecto \u201cEscuela al aire libre, vincul\u00e1ndonos con nuestro entorno\u201d, financiado por el programa Acci\u00f3n iniciativas autogestionadas del FOSIS, fue ejecutado por el Club de Esqu\u00ed de Monta\u00f1a Ays\u00e9n y permiti\u00f3 introducir a 12 j\u00f3venes de Coyhaique en la pr\u00e1ctica del senderismo, junto con conocer \u00e1reas silvestres protegidas como la Reserva Coyhaique y el Monumento Natural Dos Lagunas.<\/p>\n<p style=\"text-align: justify;\">La intervenci\u00f3n permiti\u00f3 realizar talleres v\u00eda remota y presenciales, donde se abordaron temas como t\u00e9cnicas de no deje rastro, reconocimiento de flora y fauna, primeros auxilios y medidas de seguridad, senderismo, planificar una salida al aire libre, habilidades blandas para la toma de decisiones y trabajo en equipo y un taller de identificaci\u00f3n de hongos.<\/p>\n<p style=\"text-align: justify;\">Mauro Bahamondes, joven coyhaiquino usuario del proyecto destac\u00f3 que \u201cfue una tremenda oportunidad porque en tiempos de pandemia estuvo complicado el tema de las salidas a Reservas o cualquier parte fuera de Coyhaique. Por mi parte se me hac\u00eda complicado por tema de transporte. Quise aprovechar esta instancia, me un\u00ed a participar y estuve aprendido muchas cosas. Me dieron material para que siga estudiando y elementos como bastones de trekking y otros implementos. En los talleres nos ense\u00f1aron las t\u00e9cnicas de no deje rastro y en cada clase en l\u00ednea siempre las \u00edbamos recordando. En las salidas aprend\u00ed varias cosas sobre las plantas y \u00e1rboles, donde yo no ten\u00eda conocimiento y me sirvi\u00f3 mucho.\u201d<\/p>\n<p style=\"text-align: justify;\">La Directora Regional del FOSIS en Ays\u00e9n, Dominique Br\u00e4utigam, agradeci\u00f3 la ejecuci\u00f3n al Club Esqu\u00ed de Monta\u00f1a que postul\u00f3 a estos fondos de FOSIS. \u201cEsta iniciativa nos permiti\u00f3 apoyar a j\u00f3venes en valorar y conocer el ecosistema en el cual nos desenvolvemos. Tuvieron la oportunidad de visitar 2 \u00e1reas silvestres protegidas y participaron de un taller de hongos para conocer las especies que hay en la regi\u00f3n de Ays\u00e9n. Adem\u00e1s, este proyecto entreg\u00f3 herramientas y contenidos para generar habilidades en senderismo, tales como aprender a armar una mochila para realizar actividades al aire libre. Se promovieron habilidades blandas en los participantes y as\u00ed fue posible en momentos de pandemia, con todos los resguardos necesarios, abrir un espacio de alivio y recreaci\u00f3n a nuestros j\u00f3venes, donde respetando las medidas sanitarias, se organizaron las actividades\u201d.<\/p>\n<p style=\"text-align: justify;\">Desde el Club de Esqu\u00ed de Monta\u00f1a Ays\u00e9n, Verena Soto, gestora de la iniciativa, asegur\u00f3 que \u201cquisimos cubrir una necesidad que ven\u00edamos presenciando hace bastante tiempo como Club. Ve\u00edamos que muchas personas no pueden tener acceso a las Reservas o Monumentos, ya que no cuentan con la movilizaci\u00f3n, hoy en d\u00eda no contamos con transporte p\u00fablico para ir a estos lugares. Al momento de conformarnos como club nos plateamos ser una organizaci\u00f3n cercana a la comunidad, acercar los deportes invernales y crear una cultura responsable y comprometida con nuestro entorno. El resultado del proyecto fue maravilloso, logramos llegar a muchas mujeres, se logr\u00f3 una simbiosis de conocimiento entre los monitores y usuarios y as\u00ed pudimos generar talleres l\u00fadicos v\u00eda remota y al momento del terreno poner en pr\u00e1ctica todo aquello.\u201d<\/p>\n<p style=\"text-align: justify;\">Gracias a la ejecuci\u00f3n de esta iniciativa cada uno de los j\u00f3venes participantes recibi\u00f3 implementos b\u00e1sicos para el desarrollo de actividades al aire libre tales como bastones de trekking, botella de agua boca ancha, linternas frontales, gu\u00edas de campo de mam\u00edferos y aves del sur, botiquines, calcetines invernales y una bandana institucional.<\/p>\n<p style=\"text-align: justify;\">El programa Acci\u00f3n iniciativas autogestionadas, busca que las organizaciones sociales sean capaces de definir y analizar problem\u00e1ticas y necesidades propias de su comunidad, como tambi\u00e9n las posibles alternativas de soluci\u00f3n para aportar generando responsabilidad en su gesti\u00f3n; fortaleciendo habilidades de planificaci\u00f3n, organizaci\u00f3n, toma de decisiones y potenciando las buenas relaciones interpersonales.<\/p>\n<\/div><\/section><\/div>\n<div  style='height:50px' class='hr hr-invisible   avia-builder-el-6  el_after_av_one_full  el_before_av_social_share '><span class='hr-inner ' ><span class='hr-inner-style'><\/span><\/span><\/div>\n<div  class='av-social-sharing-box  avia-builder-el-7  el_after_av_hr  el_before_av_hr  '><div class='av-share-box'><h5 class='av-share-link-description av-no-toc '>Compartir esta noticia<\/h5><ul class='av-share-box-list noLightbox'><li class='av-share-link av-social-link-facebook' ><a target=\"_blank\" aria-label=\"Compartir en Facebook\" href='https:\/\/www.facebook.com\/sharer.php?u=https:\/\/radiorevelacionfm.cl\/?p=5234&#038;t=J%C3%B3venes%20de%20Coyhaique%20participan%20en%20proyecto%20de%20escuela%20al%20aire%20libre%20del%20Club%20de%20Esqu%C3%AD%20de%20Monta%C3%B1a' aria-hidden='false' data-av_icon='\ue8f3' data-av_iconfont='entypo-fontello' title='' data-avia-related-tooltip='Compartir en Facebook' rel=\"noopener\"><span class='avia_hidden_link_text'>Compartir en Facebook<\/span><\/a><\/li><li class='av-share-link av-social-link-twitter' ><a target=\"_blank\" aria-label=\"Compartir en Twitter\" href='https:\/\/twitter.com\/share?text=J%C3%B3venes%20de%20Coyhaique%20participan%20en%20proyecto%20de%20escuela%20al%20aire%20libre%20del%20Club%20de%20Esqu%C3%AD%20de%20Monta%C3%B1a&#038;url=https:\/\/radiorevelacionfm.cl\/?p=5234' aria-hidden='false' data-av_icon='\ue8f1' data-av_iconfont='entypo-fontello' title='' data-avia-related-tooltip='Compartir en Twitter' rel=\"noopener\"><span class='avia_hidden_link_text'>Compartir en Twitter<\/span><\/a><\/li><li class='av-share-link av-social-link-whatsapp' ><a target=\"_blank\" aria-label=\"Compartir en Whatsapp\" href='https:\/\/api.whatsapp.com\/send?text=https:\/\/radiorevelacionfm.cl\/?p=5234' aria-hidden='false' data-av_icon='\uf232' data-av_iconfont='entypo-fontello' title='' data-avia-related-tooltip='Compartir en Whatsapp' rel=\"noopener\"><span class='avia_hidden_link_text'>Compartir en Whatsapp<\/span><\/a><\/li><li class='av-share-link av-social-link-linkedin' ><a target=\"_blank\" aria-label=\"Compartir en LinkedIn\" href='https:\/\/linkedin.com\/shareArticle?mini=true&#038;title=J%C3%B3venes%20de%20Coyhaique%20participan%20en%20proyecto%20de%20escuela%20al%20aire%20libre%20del%20Club%20de%20Esqu%C3%AD%20de%20Monta%C3%B1a&#038;url=https:\/\/radiorevelacionfm.cl\/?p=5234' aria-hidden='false' data-av_icon='\ue8fc' data-av_iconfont='entypo-fontello' title='' data-avia-related-tooltip='Compartir en LinkedIn' rel=\"noopener\"><span class='avia_hidden_link_text'>Compartir en LinkedIn<\/span><\/a><\/li><li class='av-share-link av-social-link-mail' ><a  aria-label=\"Compartir por correo\" href='mailto:?subject=J%C3%B3venes%20de%20Coyhaique%20participan%20en%20proyecto%20de%20escuela%20al%20aire%20libre%20del%20Club%20de%20Esqu%C3%AD%20de%20Monta%C3%B1a&#038;body=https:\/\/radiorevelacionfm.cl\/?p=5234' aria-hidden='false' data-av_icon='\ue805' data-av_iconfont='entypo-fontello' title='' data-avia-related-tooltip='Compartir por correo'><span class='avia_hidden_link_text'>Compartir por correo<\/span><\/a><\/li><\/ul><\/div><\/div>\n<div  style='height:50px' class='hr hr-invisible   avia-builder-el-8  el_after_av_social_share  el_before_av_comments_list '><span class='hr-inner ' ><span class='hr-inner-style'><\/span><\/span><\/div>\n<div  class='av-buildercomment  av-blog-meta-html-info-disabled av-blog-meta-tag-disabled  '><\/div>\n","protected":false},"excerpt":{"rendered":"","protected":false},"author":1,"featured_media":5241,"comment_status":"open","ping_status":"open","sticky":false,"template":"","format":"standard","meta":{"footnotes":""},"categories":[38],"tags":[],"class_list":["post-5234","post","type-post","status-publish","format-standard","has-post-thumbnail","hentry","category-regional"],"jetpack_featured_media_url":"https:\/\/radiorevelacionfm.cl\/wp-content\/uploads\/2021\/06\/5-17v2-1-1-1.jpg","_links":{"self":[{"href":"https:\/\/radiorevelacionfm.cl\/index.php?rest_route=\/wp\/v2\/posts\/5234","targetHints":{"allow":["GET"]}}],"collection":[{"href":"https:\/\/radiorevelacionfm.cl\/index.php?rest_route=\/wp\/v2\/posts"}],"about":[{"href":"https:\/\/radiorevelacionfm.cl\/index.php?rest_route=\/wp\/v2\/types\/post"}],"author":[{"embeddable":true,"href":"https:\/\/radiorevelacionfm.cl\/index.php?rest_route=\/wp\/v2\/users\/1"}],"replies":[{"embeddable":true,"href":"https:\/\/radiorevelacionfm.cl\/index.php?rest_route=%2Fwp%2Fv2%2Fcomments&post=5234"}],"version-history":[{"count":4,"href":"https:\/\/radiorevelacionfm.cl\/index.php?rest_route=\/wp\/v2\/posts\/5234\/revisions"}],"predecessor-version":[{"id":5243,"href":"https:\/\/radiorevelacionfm.cl\/index.php?rest_route=\/wp\/v2\/posts\/5234\/revisions\/5243"}],"wp:featuredmedia":[{"embeddable":true,"href":"https:\/\/radiorevelacionfm.cl\/index.php?rest_route=\/wp\/v2\/media\/5241"}],"wp:attachment":[{"href":"https:\/\/radiorevelacionfm.cl\/index.php?rest_route=%2Fwp%2Fv2%2Fmedia&parent=5234"}],"wp:term":[{"taxonomy":"category","embeddable":true,"href":"https:\/\/radiorevelacionfm.cl\/index.php?rest_route=%2Fwp%2Fv2%2Fcategories&post=5234"},{"taxonomy":"post_tag","embeddable":true,"href":"https:\/\/radiorevelacionfm.cl\/index.php?rest_route=%2Fwp%2Fv2%2Ftags&post=5234"}],"curies":[{"name":"wp","href":"https:\/\/api.w.org\/{rel}","templated":true}]}}