{"id":52336,"date":"2025-04-07T19:33:57","date_gmt":"2025-04-07T22:33:57","guid":{"rendered":"https:\/\/radiorevelacionfm.cl\/?p=52336"},"modified":"2025-04-07T19:33:57","modified_gmt":"2025-04-07T22:33:57","slug":"carabineros-de-puerto-aysen-detuvo-a-6-personas-en-cinco-procedimientos-distintos","status":"publish","type":"post","link":"https:\/\/radiorevelacionfm.cl\/?p=52336","title":{"rendered":"Carabineros de Puerto Ays\u00e9n detuvo a 6 personas en cinco procedimientos distintos"},"content":{"rendered":"<div class=\"flex_column av_one_full  flex_column_div av-zero-column-padding first  avia-builder-el-0  el_before_av_one_full  avia-builder-el-first  \" style='border-radius:0px; '><div  class='avia-image-container  av-styling-    avia-builder-el-1  avia-builder-el-no-sibling  avia-align-center '  itemprop=\"image\" itemscope=\"itemscope\" itemtype=\"https:\/\/schema.org\/ImageObject\"  ><div class='avia-image-container-inner'><div class='avia-image-overlay-wrap'><img decoding=\"async\" class='wp-image-52337 avia-img-lazy-loading-not-52337 avia_image' src=\"https:\/\/radiorevelacionfm.cl\/wp-content\/uploads\/2025\/04\/Carabineros-5-1-1.jpg\" alt='' title='Carabineros (5) (1) (1)' height=\"600\" width=\"1143\"  itemprop=\"thumbnailUrl\" srcset=\"https:\/\/radiorevelacionfm.cl\/wp-content\/uploads\/2025\/04\/Carabineros-5-1-1.jpg 1143w, https:\/\/radiorevelacionfm.cl\/wp-content\/uploads\/2025\/04\/Carabineros-5-1-1-300x157.jpg 300w, https:\/\/radiorevelacionfm.cl\/wp-content\/uploads\/2025\/04\/Carabineros-5-1-1-1030x541.jpg 1030w, https:\/\/radiorevelacionfm.cl\/wp-content\/uploads\/2025\/04\/Carabineros-5-1-1-768x403.jpg 768w, https:\/\/radiorevelacionfm.cl\/wp-content\/uploads\/2025\/04\/Carabineros-5-1-1-705x370.jpg 705w, https:\/\/radiorevelacionfm.cl\/wp-content\/uploads\/2025\/04\/Carabineros-5-1-1-450x236.jpg 450w, https:\/\/radiorevelacionfm.cl\/wp-content\/uploads\/2025\/04\/Carabineros-5-1-1-600x315.jpg 600w\" sizes=\"(max-width: 1143px) 100vw, 1143px\" \/><\/div><\/div><\/div><\/div><div class=\"flex_column av_one_full  flex_column_div av-zero-column-padding first  avia-builder-el-2  el_after_av_one_full  el_before_av_one_full  column-top-margin\" style='border-radius:0px; '><section class=\"av_textblock_section \"  itemscope=\"itemscope\" itemtype=\"https:\/\/schema.org\/BlogPosting\" itemprop=\"blogPost\" ><div class='avia_textblock  '   itemprop=\"text\" ><p style=\"text-align: center;\"><strong><span style=\"font-size: 18pt;\">Carabineros de Puerto Ays\u00e9n detuvo a 6 personas en cinco procedimientos distintos<\/span><\/strong><\/p>\n<div id=\"gtx-trans\" style=\"position: absolute; left: -50px; top: 4.31534px;\">\n<div class=\"gtx-trans-icon\"><\/div>\n<\/div>\n<\/div><\/section><\/div><div class=\"flex_column av_one_full  flex_column_div av-zero-column-padding first  avia-builder-el-4  el_after_av_one_full  el_before_av_hr  column-top-margin\" style='border-radius:0px; '><section class=\"av_textblock_section \"  itemscope=\"itemscope\" itemtype=\"https:\/\/schema.org\/BlogPosting\" itemprop=\"blogPost\" ><div class='avia_textblock  '   itemprop=\"text\" ><p dir=\"ltr\" style=\"text-align: justify;\"><em>Entre los hechos destacan casos de violencia intrafamiliar, desacato, lesiones y maltrato animal, siendo los antecedentes remitidos a la Fiscal\u00eda.<\/em><\/p>\n<p dir=\"ltr\" style=\"text-align: justify;\"><em>Parte de los detenidos registran 10, 22 y 25 prehensiones previas por diversos delitos.<\/em><\/p>\n<p dir=\"ltr\" style=\"text-align: justify;\">Un total de seis personas detenidas en cinco procedimientos diferentes fue el resultado de la labor desarrollada por Carabineros de dotaci\u00f3n de la 2da Comisar\u00eda de Puerto Ays\u00e9n, donde la denuncia oportuna, sumado a una r\u00e1pida respuesta permiti\u00f3 estar donde la comunidad no requieres, brindado m\u00e1s seguridad y protecci\u00f3n a nuestros vecinos.<\/p>\n<p dir=\"ltr\" style=\"text-align: justify;\">El d\u00eda viernes reci\u00e9n pasado Carabineros adopt\u00f3 dos procedimientos por violencia intrafamiliar, en uno de los cuales, un sujeto de sexo masculino agredi\u00f3 con golpes de pu\u00f1o a su conviviente, la cual result\u00f3 con diversas lesiones producto de este episodio.<\/p>\n<p dir=\"ltr\" style=\"text-align: justify;\">Tras la denuncia respectiva, Carabineros de la 2da Comisar\u00eda de Puerto Ays\u00e9n, concurri\u00f3 al lugar de los hechos, logrando la detenci\u00f3n del sujeto, quien registra otras 10 detenciones previas por diversos delitos, indic\u00f3 el Comisario de Puerto Ays\u00e9n, Mayor Patricio Parada Cerda.<\/p>\n<p dir=\"ltr\" style=\"text-align: justify;\">Asimismo, durante la tarde del viernes, un segundo sujeto fue aprehendido por amenazas en contra de su madre -mayor de edad- en el contexto de violencia intrafamiliar, individuo que registra m\u00e1s de 22 detenciones previas.<\/p>\n<p dir=\"ltr\" style=\"text-align: justify;\"><strong>Pas\u00f3 a cargar celular y fue detenido por desacato\u00a0<\/strong><\/p>\n<p dir=\"ltr\" style=\"text-align: justify;\">En otro hecho, en horas de la madrugada del s\u00e1bado se present\u00f3 en el servicio de guardia de la 2da Comisar\u00eda un individuo quien solicit\u00f3 a carabineros de servicio la posibilidad de cargar su tel\u00e9fono celular en la Unidad.<\/p>\n<p dir=\"ltr\" style=\"text-align: justify;\">\u00abFue en ese instante que el personal lo identifica como una persona que mantiene una medida cautelar vigente consistente en arresto domiciliario nocturno entre las 22:00 a las 06:00 horas. Se revis\u00f3 el libro del cumplimento de estas medidas cautelares y efectivamente, horas antes personal de servicio hab\u00eda concurrido al domicilio, no siendo encontrado en el lugar. Ante eso, y frente al delito de desacato, que es el no cumplimiento de la medida cautelar, esta persona fue detenida en el servicio de guardia siendo puesto a disposici\u00f3n del Ministerio P\u00fablico\u00bb expres\u00f3 el Mayor Patricio Parada, quien a\u00f1adi\u00f3 que el sujeto registra 25 detenciones previas por m\u00faltiples delitos.<\/p>\n<p dir=\"ltr\" style=\"text-align: justify;\"><strong>Lesiones en discotheque<\/strong><\/p>\n<p dir=\"ltr\" style=\"text-align: justify;\">En horas de la madrugada, una persona manifestando que hab\u00eda extraviado su tel\u00e9fono celular al interior de una discotheque de la ciudad, ingres\u00f3 al local, tras lo cual se gener\u00f3 una discusi\u00f3n con el administrador, tras lo cual ambos resultaron con lesiones de car\u00e1cter leve, siendo detenidos y puestos a disposici\u00f3n de la Fiscal\u00eda.<\/p>\n<p dir=\"ltr\" style=\"text-align: justify;\"><strong>Maltrato animal<\/strong><\/p>\n<p dir=\"ltr\" style=\"text-align: justify;\">Asimismo, el d\u00eda s\u00e1bado tras la viralizaci\u00f3n de un video en redes sociales, en que un sujeto provisto de un elemento contundente agrede a un can en la v\u00eda p\u00fablica, diligencias efectuadas por carabineros permitieron aclarar lo ocurrido y detener al sujeto.<\/p>\n<p dir=\"ltr\" style=\"text-align: justify;\">\u00abEste hecho se dio en el contexto en que la due\u00f1a de este can de raza akita, en un momento de descuido dej\u00f3 la reja abierta, tras lo cual el can sali\u00f3 a la v\u00eda p\u00fablica y se gener\u00f3 una pelea con un perro pastor alem\u00e1n de propiedad de un vecino, quien ya habiendo separado a los canes, agrede al perro de raza akita de la v\u00edctima, caus\u00e1ndole lesiones de diversa consideraci\u00f3n\u00bb, detall\u00f3 el Mayor Parada.<\/p>\n<p dir=\"ltr\" style=\"text-align: justify;\">Frente a lo ocurrido, Carabineros se traslad\u00f3 al lugar, entrevistando a testigos del hecho, quienes ratificaron las im\u00e1genes del video que circula en redes sociales, ante lo cual el sujeto fue detenido por maltrato animal, siendo los antecedentes del procedimiento remitidos al Ministerio P\u00fablico de esta ciudad.<\/p>\n<\/div><\/section><\/div><div  style='height:50px' class='hr hr-invisible   avia-builder-el-6  el_after_av_one_full  el_before_av_social_share '><span class='hr-inner ' ><span class='hr-inner-style'><\/span><\/span><\/div><\/p>\n<div  class='av-social-sharing-box  avia-builder-el-7  el_after_av_hr  el_before_av_hr  '><div class='av-share-box'><h5 class='av-share-link-description av-no-toc '>Compartir esta noticia<\/h5><ul class='av-share-box-list noLightbox'><li class='av-share-link av-social-link-facebook' ><a target=\"_blank\" aria-label=\"Compartir en Facebook\" href='https:\/\/www.facebook.com\/sharer.php?u=https:\/\/radiorevelacionfm.cl\/?p=52336&#038;t=Carabineros%20de%20Puerto%20Ays%C3%A9n%20detuvo%20a%206%20personas%20en%20cinco%20procedimientos%20distintos' aria-hidden='false' data-av_icon='\ue8f3' data-av_iconfont='entypo-fontello' title='' data-avia-related-tooltip='Compartir en Facebook' rel=\"noopener\"><span class='avia_hidden_link_text'>Compartir en Facebook<\/span><\/a><\/li><li class='av-share-link av-social-link-twitter' ><a target=\"_blank\" aria-label=\"Compartir en Twitter\" href='https:\/\/twitter.com\/share?text=Carabineros%20de%20Puerto%20Ays%C3%A9n%20detuvo%20a%206%20personas%20en%20cinco%20procedimientos%20distintos&#038;url=https:\/\/radiorevelacionfm.cl\/?p=52336' aria-hidden='false' data-av_icon='\ue8f1' data-av_iconfont='entypo-fontello' title='' data-avia-related-tooltip='Compartir en Twitter' rel=\"noopener\"><span class='avia_hidden_link_text'>Compartir en Twitter<\/span><\/a><\/li><li class='av-share-link av-social-link-whatsapp' ><a target=\"_blank\" aria-label=\"Compartir en Whatsapp\" href='https:\/\/api.whatsapp.com\/send?text=https:\/\/radiorevelacionfm.cl\/?p=52336' aria-hidden='false' data-av_icon='\uf232' data-av_iconfont='entypo-fontello' title='' data-avia-related-tooltip='Compartir en Whatsapp' rel=\"noopener\"><span class='avia_hidden_link_text'>Compartir en Whatsapp<\/span><\/a><\/li><li class='av-share-link av-social-link-linkedin' ><a target=\"_blank\" aria-label=\"Compartir en LinkedIn\" href='https:\/\/linkedin.com\/shareArticle?mini=true&#038;title=Carabineros%20de%20Puerto%20Ays%C3%A9n%20detuvo%20a%206%20personas%20en%20cinco%20procedimientos%20distintos&#038;url=https:\/\/radiorevelacionfm.cl\/?p=52336' aria-hidden='false' data-av_icon='\ue8fc' data-av_iconfont='entypo-fontello' title='' data-avia-related-tooltip='Compartir en LinkedIn' rel=\"noopener\"><span class='avia_hidden_link_text'>Compartir en LinkedIn<\/span><\/a><\/li><li class='av-share-link av-social-link-mail' ><a  aria-label=\"Compartir por correo\" href='mailto:?subject=Carabineros%20de%20Puerto%20Ays%C3%A9n%20detuvo%20a%206%20personas%20en%20cinco%20procedimientos%20distintos&#038;body=https:\/\/radiorevelacionfm.cl\/?p=52336' aria-hidden='false' data-av_icon='\ue805' data-av_iconfont='entypo-fontello' title='' data-avia-related-tooltip='Compartir por correo'><span class='avia_hidden_link_text'>Compartir por correo<\/span><\/a><\/li><\/ul><\/div><\/div>\n<div  style='height:50px' class='hr hr-invisible   avia-builder-el-8  el_after_av_social_share  el_before_av_comments_list '><span class='hr-inner ' ><span class='hr-inner-style'><\/span><\/span><\/div>\n<div  class='av-buildercomment  av-blog-meta-html-info-disabled av-blog-meta-tag-disabled  '><\/div>\n","protected":false},"excerpt":{"rendered":"","protected":false},"author":1,"featured_media":52337,"comment_status":"closed","ping_status":"closed","sticky":false,"template":"","format":"standard","meta":{"footnotes":""},"categories":[36],"tags":[],"class_list":["post-52336","post","type-post","status-publish","format-standard","has-post-thumbnail","hentry","category-policial"],"jetpack_featured_media_url":"https:\/\/radiorevelacionfm.cl\/wp-content\/uploads\/2025\/04\/Carabineros-5-1-1.jpg","_links":{"self":[{"href":"https:\/\/radiorevelacionfm.cl\/index.php?rest_route=\/wp\/v2\/posts\/52336","targetHints":{"allow":["GET"]}}],"collection":[{"href":"https:\/\/radiorevelacionfm.cl\/index.php?rest_route=\/wp\/v2\/posts"}],"about":[{"href":"https:\/\/radiorevelacionfm.cl\/index.php?rest_route=\/wp\/v2\/types\/post"}],"author":[{"embeddable":true,"href":"https:\/\/radiorevelacionfm.cl\/index.php?rest_route=\/wp\/v2\/users\/1"}],"replies":[{"embeddable":true,"href":"https:\/\/radiorevelacionfm.cl\/index.php?rest_route=%2Fwp%2Fv2%2Fcomments&post=52336"}],"version-history":[{"count":2,"href":"https:\/\/radiorevelacionfm.cl\/index.php?rest_route=\/wp\/v2\/posts\/52336\/revisions"}],"predecessor-version":[{"id":52339,"href":"https:\/\/radiorevelacionfm.cl\/index.php?rest_route=\/wp\/v2\/posts\/52336\/revisions\/52339"}],"wp:featuredmedia":[{"embeddable":true,"href":"https:\/\/radiorevelacionfm.cl\/index.php?rest_route=\/wp\/v2\/media\/52337"}],"wp:attachment":[{"href":"https:\/\/radiorevelacionfm.cl\/index.php?rest_route=%2Fwp%2Fv2%2Fmedia&parent=52336"}],"wp:term":[{"taxonomy":"category","embeddable":true,"href":"https:\/\/radiorevelacionfm.cl\/index.php?rest_route=%2Fwp%2Fv2%2Fcategories&post=52336"},{"taxonomy":"post_tag","embeddable":true,"href":"https:\/\/radiorevelacionfm.cl\/index.php?rest_route=%2Fwp%2Fv2%2Ftags&post=52336"}],"curies":[{"name":"wp","href":"https:\/\/api.w.org\/{rel}","templated":true}]}}