{"id":52330,"date":"2025-04-07T21:09:22","date_gmt":"2025-04-08T00:09:22","guid":{"rendered":"https:\/\/radiorevelacionfm.cl\/?p=52330"},"modified":"2025-04-07T21:09:22","modified_gmt":"2025-04-08T00:09:22","slug":"junji-y-senadis-firman-convenio-por-la-inclusion-en-primera-infancia","status":"publish","type":"post","link":"https:\/\/radiorevelacionfm.cl\/?p=52330","title":{"rendered":"Junji y Senadis firman convenio por la inclusi\u00f3n en primera infancia"},"content":{"rendered":"<div class=\"flex_column av_one_full  flex_column_div av-zero-column-padding first  avia-builder-el-0  el_before_av_one_full  avia-builder-el-first  \" style='border-radius:0px; '><div  class='avia-image-container  av-styling-    avia-builder-el-1  avia-builder-el-no-sibling  avia-align-center '  itemprop=\"image\" itemscope=\"itemscope\" itemtype=\"https:\/\/schema.org\/ImageObject\"  ><div class='avia-image-container-inner'><div class='avia-image-overlay-wrap'><img decoding=\"async\" class='wp-image-52331 avia-img-lazy-loading-not-52331 avia_image' src=\"https:\/\/radiorevelacionfm.cl\/wp-content\/uploads\/2025\/04\/img_8475-1_optimized.jpg\" alt='' title='img_8475-(1)_optimized' height=\"600\" width=\"1067\"  itemprop=\"thumbnailUrl\" srcset=\"https:\/\/radiorevelacionfm.cl\/wp-content\/uploads\/2025\/04\/img_8475-1_optimized.jpg 1067w, https:\/\/radiorevelacionfm.cl\/wp-content\/uploads\/2025\/04\/img_8475-1_optimized-300x169.jpg 300w, https:\/\/radiorevelacionfm.cl\/wp-content\/uploads\/2025\/04\/img_8475-1_optimized-1030x579.jpg 1030w, https:\/\/radiorevelacionfm.cl\/wp-content\/uploads\/2025\/04\/img_8475-1_optimized-768x432.jpg 768w, https:\/\/radiorevelacionfm.cl\/wp-content\/uploads\/2025\/04\/img_8475-1_optimized-705x396.jpg 705w, https:\/\/radiorevelacionfm.cl\/wp-content\/uploads\/2025\/04\/img_8475-1_optimized-450x253.jpg 450w, https:\/\/radiorevelacionfm.cl\/wp-content\/uploads\/2025\/04\/img_8475-1_optimized-600x337.jpg 600w\" sizes=\"(max-width: 1067px) 100vw, 1067px\" \/><\/div><\/div><\/div><\/div><div class=\"flex_column av_one_full  flex_column_div av-zero-column-padding first  avia-builder-el-2  el_after_av_one_full  el_before_av_one_full  column-top-margin\" style='border-radius:0px; '><section class=\"av_textblock_section \"  itemscope=\"itemscope\" itemtype=\"https:\/\/schema.org\/BlogPosting\" itemprop=\"blogPost\" ><div class='avia_textblock  '   itemprop=\"text\" ><p style=\"text-align: center;\"><strong><span style=\"font-size: 18pt;\">Junji y Senadis firman convenio por la inclusi\u00f3n en primera infancia<\/span><\/strong><\/p>\n<div id=\"gtx-trans\" style=\"position: absolute; left: -50px; top: 4.31534px;\">\n<div class=\"gtx-trans-icon\"><\/div>\n<\/div>\n<\/div><\/section><\/div><div class=\"flex_column av_one_full  flex_column_div av-zero-column-padding first  avia-builder-el-4  el_after_av_one_full  el_before_av_hr  column-top-margin\" style='border-radius:0px; '><section class=\"av_textblock_section \"  itemscope=\"itemscope\" itemtype=\"https:\/\/schema.org\/BlogPosting\" itemprop=\"blogPost\" ><div class='avia_textblock  '   itemprop=\"text\" ><p style=\"text-align: justify;\"><em>En el jard\u00edn infantil \u201cTroperitos del Valle\u201d de Coyhaique se lanz\u00f3 oficialmente el convenio que permitir\u00e1 desarrollar el programa de atenci\u00f3n temprana en 6 jardines de la regi\u00f3n Ays\u00e9n.<\/em><\/p>\n<p style=\"text-align: justify;\">Este convenio llega como una herramienta muy sustancial para el trabajo en primera infancia de Junji, su director regional, Juan Eduardo Lorca Valdivia, dijo: \u201cEste convenio nos permite establecer un sistema de atenci\u00f3n temprana que va a impactar a 6 jardines infantiles de Junji ubicados en; Coyhaique, Chile Chico, Cisnes y adem\u00e1s acompa\u00f1ar a 50 ni\u00f1os y ni\u00f1as. Tendremos competencias en los equipos educativos para poder trabajar en generar ambientes m\u00e1s inclusivos y sobre todo con foco en la discapacidad. Es muy importante el poder ampliar el c\u00edrculo de colaboradores, tanto como p\u00fablicos como privados, que nos permitan entregar mayores capacidades y mayores a herramientas a nuestros equipos educativos. Agradecemos a Senadis esta alianza fuerte que nos permite trabajar con las comunidades y maximizar el impacto de un proyecto como \u00e9ste\u201d.<\/p>\n<p style=\"text-align: justify;\">El objetivo de este programa de atenci\u00f3n temprana tiene como norte contribuir a la inclusi\u00f3n social y equiparaci\u00f3n de oportunidades de ni\u00f1os y ni\u00f1as con discapacidad o retraso del desarrollo psicomotor, procurando el acceso y participaci\u00f3n en igualdad de condiciones al sistema de educaci\u00f3n en general y especialmente parvularia, a salud y bienestar social.<\/p>\n<p style=\"text-align: justify;\">\u201cPara nosotros como servicio muy relevante poder potenciar el trabajo para que tanto las familias como los equipos educativos, adquieran m\u00e1s herramientas para la atenci\u00f3n de ni\u00f1os y ni\u00f1as con discapacidad o con rezago en el desarrollo psicomotor. Esperamos que de aqu\u00ed al t\u00e9rmino de a\u00f1o tengamos equipos con competencias instaladas. Familias tambi\u00e9n con herramientas que les permitan apoyar de mejor forma la trayectoria de educativa de sus hijos\u201d Se\u00f1al\u00f3 Viviana Mu\u00f1oz Vargas, directora regional de Senadis.<\/p>\n<p style=\"text-align: justify;\">Los jardines infantiles; Mart\u00edn Pescador, Troperitos del Valle, La Sirenita, Los Navegantes, Rayito de Sol y Aukant\u00fcn contaran con una tr\u00edada de profesionales enfocadas en el \u00e1rea de educaci\u00f3n, salud y social.\u00a0 El beneficio y financiamiento se destinar\u00e1 a equipamiento, profesionales y asesor\u00edas para familias y comunidades educativas.<\/p>\n<p style=\"text-align: justify;\">Una noticia que ha sido muy bien recibida por las familias, as\u00ed lo manifest\u00f3 V\u00edctor Contreras, apoderado del Troperitos del Valle: \u201cEs una grata noticia, me parece estupendo, una iniciativa muy buena abordar estos temas desde la infancia, es primordial para tener un buen desarrollo luego. Esta herramienta viene a complementar las funciones de todas y todos los funcionarios de los jardines infantiles\u201d, se\u00f1al\u00f3.<\/p>\n<p style=\"text-align: justify;\">Jardines infantiles de Junji en la regi\u00f3n de Ays\u00e9n a\u00fan tiene vacantes en este a\u00f1o 2025 para ni\u00f1os y ni\u00f1as de 0 a 4 a\u00f1os. M\u00e1s informaci\u00f3n comunic\u00e1ndote con la plataforma SIAC: 672577307- 672577371 o escribiendo a mjarar@junji.cl &#8211; snaguelquin@junji.cl. Adem\u00e1s, puede hacer su inscripci\u00f3n directamente en el sitio www.junji.gob.cl<\/p>\n<\/div><\/section><\/div><div  style='height:50px' class='hr hr-invisible   avia-builder-el-6  el_after_av_one_full  el_before_av_social_share '><span class='hr-inner ' ><span class='hr-inner-style'><\/span><\/span><\/div><\/p>\n<div  class='av-social-sharing-box  avia-builder-el-7  el_after_av_hr  el_before_av_hr  '><div class='av-share-box'><h5 class='av-share-link-description av-no-toc '>Compartir esta noticia<\/h5><ul class='av-share-box-list noLightbox'><li class='av-share-link av-social-link-facebook' ><a target=\"_blank\" aria-label=\"Compartir en Facebook\" href='https:\/\/www.facebook.com\/sharer.php?u=https:\/\/radiorevelacionfm.cl\/?p=52330&#038;t=Junji%20y%20Senadis%20firman%20convenio%20por%20la%20inclusi%C3%B3n%20en%20primera%20infancia' aria-hidden='false' data-av_icon='\ue8f3' data-av_iconfont='entypo-fontello' title='' data-avia-related-tooltip='Compartir en Facebook' rel=\"noopener\"><span class='avia_hidden_link_text'>Compartir en Facebook<\/span><\/a><\/li><li class='av-share-link av-social-link-twitter' ><a target=\"_blank\" aria-label=\"Compartir en Twitter\" href='https:\/\/twitter.com\/share?text=Junji%20y%20Senadis%20firman%20convenio%20por%20la%20inclusi%C3%B3n%20en%20primera%20infancia&#038;url=https:\/\/radiorevelacionfm.cl\/?p=52330' aria-hidden='false' data-av_icon='\ue8f1' data-av_iconfont='entypo-fontello' title='' data-avia-related-tooltip='Compartir en Twitter' rel=\"noopener\"><span class='avia_hidden_link_text'>Compartir en Twitter<\/span><\/a><\/li><li class='av-share-link av-social-link-whatsapp' ><a target=\"_blank\" aria-label=\"Compartir en Whatsapp\" href='https:\/\/api.whatsapp.com\/send?text=https:\/\/radiorevelacionfm.cl\/?p=52330' aria-hidden='false' data-av_icon='\uf232' data-av_iconfont='entypo-fontello' title='' data-avia-related-tooltip='Compartir en Whatsapp' rel=\"noopener\"><span class='avia_hidden_link_text'>Compartir en Whatsapp<\/span><\/a><\/li><li class='av-share-link av-social-link-linkedin' ><a target=\"_blank\" aria-label=\"Compartir en LinkedIn\" href='https:\/\/linkedin.com\/shareArticle?mini=true&#038;title=Junji%20y%20Senadis%20firman%20convenio%20por%20la%20inclusi%C3%B3n%20en%20primera%20infancia&#038;url=https:\/\/radiorevelacionfm.cl\/?p=52330' aria-hidden='false' data-av_icon='\ue8fc' data-av_iconfont='entypo-fontello' title='' data-avia-related-tooltip='Compartir en LinkedIn' rel=\"noopener\"><span class='avia_hidden_link_text'>Compartir en LinkedIn<\/span><\/a><\/li><li class='av-share-link av-social-link-mail' ><a  aria-label=\"Compartir por correo\" href='mailto:?subject=Junji%20y%20Senadis%20firman%20convenio%20por%20la%20inclusi%C3%B3n%20en%20primera%20infancia&#038;body=https:\/\/radiorevelacionfm.cl\/?p=52330' aria-hidden='false' data-av_icon='\ue805' data-av_iconfont='entypo-fontello' title='' data-avia-related-tooltip='Compartir por correo'><span class='avia_hidden_link_text'>Compartir por correo<\/span><\/a><\/li><\/ul><\/div><\/div>\n<div  style='height:50px' class='hr hr-invisible   avia-builder-el-8  el_after_av_social_share  el_before_av_comments_list '><span class='hr-inner ' ><span class='hr-inner-style'><\/span><\/span><\/div>\n<div  class='av-buildercomment  av-blog-meta-html-info-disabled av-blog-meta-tag-disabled  '><\/div>\n","protected":false},"excerpt":{"rendered":"","protected":false},"author":1,"featured_media":52331,"comment_status":"closed","ping_status":"closed","sticky":false,"template":"","format":"standard","meta":{"footnotes":""},"categories":[49],"tags":[],"class_list":["post-52330","post","type-post","status-publish","format-standard","has-post-thumbnail","hentry","category-educacion"],"jetpack_featured_media_url":"https:\/\/radiorevelacionfm.cl\/wp-content\/uploads\/2025\/04\/img_8475-1_optimized.jpg","_links":{"self":[{"href":"https:\/\/radiorevelacionfm.cl\/index.php?rest_route=\/wp\/v2\/posts\/52330","targetHints":{"allow":["GET"]}}],"collection":[{"href":"https:\/\/radiorevelacionfm.cl\/index.php?rest_route=\/wp\/v2\/posts"}],"about":[{"href":"https:\/\/radiorevelacionfm.cl\/index.php?rest_route=\/wp\/v2\/types\/post"}],"author":[{"embeddable":true,"href":"https:\/\/radiorevelacionfm.cl\/index.php?rest_route=\/wp\/v2\/users\/1"}],"replies":[{"embeddable":true,"href":"https:\/\/radiorevelacionfm.cl\/index.php?rest_route=%2Fwp%2Fv2%2Fcomments&post=52330"}],"version-history":[{"count":2,"href":"https:\/\/radiorevelacionfm.cl\/index.php?rest_route=\/wp\/v2\/posts\/52330\/revisions"}],"predecessor-version":[{"id":52343,"href":"https:\/\/radiorevelacionfm.cl\/index.php?rest_route=\/wp\/v2\/posts\/52330\/revisions\/52343"}],"wp:featuredmedia":[{"embeddable":true,"href":"https:\/\/radiorevelacionfm.cl\/index.php?rest_route=\/wp\/v2\/media\/52331"}],"wp:attachment":[{"href":"https:\/\/radiorevelacionfm.cl\/index.php?rest_route=%2Fwp%2Fv2%2Fmedia&parent=52330"}],"wp:term":[{"taxonomy":"category","embeddable":true,"href":"https:\/\/radiorevelacionfm.cl\/index.php?rest_route=%2Fwp%2Fv2%2Fcategories&post=52330"},{"taxonomy":"post_tag","embeddable":true,"href":"https:\/\/radiorevelacionfm.cl\/index.php?rest_route=%2Fwp%2Fv2%2Ftags&post=52330"}],"curies":[{"name":"wp","href":"https:\/\/api.w.org\/{rel}","templated":true}]}}