{"id":52325,"date":"2025-04-08T09:47:57","date_gmt":"2025-04-08T12:47:57","guid":{"rendered":"https:\/\/radiorevelacionfm.cl\/?p=52325"},"modified":"2025-04-08T09:47:57","modified_gmt":"2025-04-08T12:47:57","slug":"conserva-conciencia-reunio-a-expertos-en-aysen-para-impulsar-la-innovacion-y-emprendimiento-en-alimentos-fermentados","status":"publish","type":"post","link":"https:\/\/radiorevelacionfm.cl\/?p=52325","title":{"rendered":"Conserva ConCiencia reuni\u00f3 a expertos en Ays\u00e9n para impulsar la innovaci\u00f3n y emprendimiento en alimentos fermentados"},"content":{"rendered":"<div class=\"flex_column av_one_full  flex_column_div av-zero-column-padding first  avia-builder-el-0  el_before_av_one_full  avia-builder-el-first  \" style='border-radius:0px; '><div  class='avia-image-container  av-styling-    avia-builder-el-1  avia-builder-el-no-sibling  avia-align-center '  itemprop=\"image\" itemscope=\"itemscope\" itemtype=\"https:\/\/schema.org\/ImageObject\"  ><div class='avia-image-container-inner'><div class='avia-image-overlay-wrap'><img decoding=\"async\" class='wp-image-52326 avia-img-lazy-loading-not-52326 avia_image' src=\"https:\/\/radiorevelacionfm.cl\/wp-content\/uploads\/2025\/04\/1z9a0697-1_optimized.jpg\" alt='' title='1z9a0697-(1)_optimized' height=\"600\" width=\"1036\"  itemprop=\"thumbnailUrl\" srcset=\"https:\/\/radiorevelacionfm.cl\/wp-content\/uploads\/2025\/04\/1z9a0697-1_optimized.jpg 1036w, https:\/\/radiorevelacionfm.cl\/wp-content\/uploads\/2025\/04\/1z9a0697-1_optimized-300x174.jpg 300w, https:\/\/radiorevelacionfm.cl\/wp-content\/uploads\/2025\/04\/1z9a0697-1_optimized-1030x597.jpg 1030w, https:\/\/radiorevelacionfm.cl\/wp-content\/uploads\/2025\/04\/1z9a0697-1_optimized-768x445.jpg 768w, https:\/\/radiorevelacionfm.cl\/wp-content\/uploads\/2025\/04\/1z9a0697-1_optimized-705x408.jpg 705w, https:\/\/radiorevelacionfm.cl\/wp-content\/uploads\/2025\/04\/1z9a0697-1_optimized-450x261.jpg 450w, https:\/\/radiorevelacionfm.cl\/wp-content\/uploads\/2025\/04\/1z9a0697-1_optimized-600x347.jpg 600w\" sizes=\"(max-width: 1036px) 100vw, 1036px\" \/><\/div><\/div><\/div><\/div>\n<div class=\"flex_column av_one_full  flex_column_div av-zero-column-padding first  avia-builder-el-2  el_after_av_one_full  el_before_av_one_full  column-top-margin\" style='border-radius:0px; '><section class=\"av_textblock_section \"  itemscope=\"itemscope\" itemtype=\"https:\/\/schema.org\/BlogPosting\" itemprop=\"blogPost\" ><div class='avia_textblock  '   itemprop=\"text\" ><p style=\"text-align: center;\"><strong><span style=\"font-size: 18pt;\">Conserva ConCiencia reuni\u00f3 a expertos en Ays\u00e9n para impulsar la innovaci\u00f3n y emprendimiento en alimentos fermentados<\/span><\/strong><\/p>\n<div id=\"gtx-trans\" style=\"position: absolute; left: -50px; top: 4.31534px;\">\n<div class=\"gtx-trans-icon\"><\/div>\n<\/div>\n<\/div><\/section><\/div>\n<div class=\"flex_column av_one_full  flex_column_div av-zero-column-padding first  avia-builder-el-4  el_after_av_one_full  el_before_av_hr  column-top-margin\" style='border-radius:0px; '><section class=\"av_textblock_section \"  itemscope=\"itemscope\" itemtype=\"https:\/\/schema.org\/BlogPosting\" itemprop=\"blogPost\" ><div class='avia_textblock  '   itemprop=\"text\" ><div>\n<p style=\"text-align: justify;\"><em>M\u00e1s de 200 personas participaron en este encuentro de ciencia, cultura y tradici\u00f3n alimentaria.<\/em><\/p>\n<p style=\"text-align: justify;\">El valor hist\u00f3rico, sus proyecciones y el aporte nutricional de los alimentos fermentados fue el eje central de Conserva ConCiencia, evento realizado el viernes 4 y s\u00e1bado 5 de abril, organizado por INIA Tamel Aike junto a Fermenter\u00eda Ays\u00e9n, apoyado por Seremi de Agricultura, y con el respaldo de Corfo Ays\u00e9n.<\/p>\n<p style=\"text-align: justify;\">La actividad se realiz\u00f3 en\u00a0 el Museo Regional de Ays\u00e9n, y convoc\u00f3 a investigadores, productores y emprendedores, nacionales e internacionales con el objetivo de promover el conocimiento, la colaboraci\u00f3n y la innovaci\u00f3n en torno a estos alimentos.<\/p>\n<p style=\"text-align: justify;\">El encuentro, financiado a trav\u00e9s del programa Viraliza de Difusi\u00f3n de Corfo, congreg\u00f3 a m\u00e1s de 200 personas en exposiciones cient\u00edficas, charlas t\u00e9cnicas, talleres pr\u00e1cticos, paneles de discusi\u00f3n y degustaciones, abordando desde la microbiolog\u00eda de la fermentaci\u00f3n hasta el uso de energ\u00edas renovables en procesos productivos.<\/p>\n<p style=\"text-align: justify;\">\u00abEstamos rescatando tradiciones, y al mismo tiempo, incorporando elementos de conocimiento cient\u00edfico y tecnol\u00f3gico de hoy en d\u00eda. Esto representa un gran aporte para mantener y fortalecer nuestras tradiciones, permitiendo garantizar conocimientos para las formas y procesos de alimentaci\u00f3n en nuestra Patagonia\u00bb, se\u00f1al\u00f3 el seremi de Agricultura, Eugenio Ruiz, quien adem\u00e1s valor\u00f3 el enfoque integral del evento al detallar que \u00abeste seminario precisamente nos invita a reflexionar sobre estos desaf\u00edos, claves para el desarrollo rural y el buen vivir desde la perspectiva que impulsa el Ministerio de Agricultura\u00bb, concluy\u00f3.<\/p>\n<p style=\"text-align: justify;\">Por su parte, el director de Corfo Ays\u00e9n, Humberto Mar\u00edn, destac\u00f3 la pertinencia de esta l\u00ednea de trabajo, se\u00f1alando que \u00abla soberan\u00eda alimentaria es un concepto clave, al igual que la sostenibilidad, entendida como una intervenci\u00f3n de triple impacto: social, econ\u00f3mico y medioambiental. Es una apuesta que hacemos desde Corfo, por lo tanto, instrumentos como el que hoy nos convoca, el programa Viraliza, est\u00e1n disponibles y abiertos para seguir fortaleciendo este tipo de iniciativas\u00bb.<\/p>\n<p style=\"text-align: justify;\">La directora de INIA Tamel Aike, Camila Reyes, valor\u00f3 la alta participaci\u00f3n y enfatiz\u00f3 el inter\u00e9s transversal que despierta la fermentaci\u00f3n. \u00abEsta tem\u00e1tica genera gran inter\u00e9s entre nuestras productoras hort\u00edcolas, emprendedores, estudiantes y tambi\u00e9n en el rubro gastron\u00f3mico y aqu\u00ed agradecemos tambi\u00e9n este instrumento de Corfo que permite hacer estas redes de colaboraci\u00f3n entre diferentes actores\u00bb, relev\u00f3.<\/p>\n<p style=\"text-align: justify;\">Desde Fermenter\u00eda Ays\u00e9n, Yoselin Bustamante subray\u00f3 que \u00abeste seminario tiene un enfoque de ciencia y tambi\u00e9n social, as\u00ed que esta es una s\u00faper buena instancia para conocer la regi\u00f3n desde su conducta alimentaria, entender y valorizar estos alimentos saludables\u00bb.<\/p>\n<p style=\"text-align: justify;\"><b>Un evento que promueve intercambio de conocimientos\u00a0<\/b><\/p>\n<p style=\"text-align: justify;\">Uno de los invitados internacionales fue Guillermo Perticar\u00e1, ingeniero qu\u00edmico cervecero de San Carlos de Bariloche, quien valor\u00f3 la instancia. \u00abEs un placer muy grande, es un evento que ha reunido mucha informaci\u00f3n, a muchos productores, en talleres de calidad que potencian e incentivan la producci\u00f3n de fermentos. Creo que este tipo de iniciativas nos ayudan a crecer como productores y a proyectar negocios m\u00e1s sanos, tanto para nosotros como para el medioambiente\u00bb, estim\u00f3.<\/p>\n<p style=\"text-align: justify;\">El evento tambi\u00e9n incorpor\u00f3 experiencias pr\u00e1cticas con impacto en la producci\u00f3n agropecuaria. En este sentido, Mariana Holzapfel, dedicada a la avicultura, explic\u00f3 la pertinencia de estos talleres para su rubro, donde ha comenzado a introducir alimentos fermentados en la dieta de sus aves. \u00abEstoy introduciendo los fermentos en la alimentaci\u00f3n de las aves para mejorar su calidad de vida, mejorar la alimentaci\u00f3n y disminuir los costos productivos. Fermentando los granos, hacemos nutrientes biodisponibles, lo que mejora la inmunidad, reduce enfermedades y aumenta la hidrataci\u00f3n, especialmente en invierno, cuando es dif\u00edcil que las aves consuman agua\u00bb.<\/p>\n<p style=\"text-align: justify;\">Desde el \u00e1mbito gastron\u00f3mico, Pablo Arce, de Puerto Ays\u00e9n, valor\u00f3 la riqueza cultural y patrimonial del evento. \u00abNos hemos nutrido mucho del conocimiento, principalmente, de lo que son los alimentos fermentados y la riqueza que tenemos ac\u00e1 en la regi\u00f3n. Esto nos recuerda c\u00f3mo era la vida antiguamente, principalmente con la conservaci\u00f3n de alimentos. Es bonito saberlo y cada uno puede aplicarlo de la mejor manera\u00bb, concluy\u00f3.<\/p>\n<p style=\"text-align: justify;\">Entre las actividades destacadas del programa, se realizaron charlas sobre antioxidantes en alimentos fermentados, control de calidad en bebidas sin alcohol y paneles sobre innovaci\u00f3n y emprendimiento regional. Adem\u00e1s, se desarrollaron talleres de an\u00e1lisis organol\u00e9ptico, recuperaci\u00f3n de subproductos y cocina en vivo, junto con la exposici\u00f3n patrimonial \u00abDe la Sobrevivencia a la Conservaci\u00f3n\u00bb que permanecer\u00e1 abierta hasta el 18 de abril en el Museo Regional de Ays\u00e9n.<\/p>\n<\/div>\n<div style=\"text-align: justify;\"><\/div>\n<\/div><\/section><\/div><div  style='height:50px' class='hr hr-invisible   avia-builder-el-6  el_after_av_one_full  el_before_av_social_share '><span class='hr-inner ' ><span class='hr-inner-style'><\/span><\/span><\/div><\/p>\n<div  class='av-social-sharing-box  avia-builder-el-7  el_after_av_hr  el_before_av_hr  '><div class='av-share-box'><h5 class='av-share-link-description av-no-toc '>Compartir esta noticia<\/h5><ul class='av-share-box-list noLightbox'><li class='av-share-link av-social-link-facebook' ><a target=\"_blank\" aria-label=\"Compartir en Facebook\" href='https:\/\/www.facebook.com\/sharer.php?u=https:\/\/radiorevelacionfm.cl\/?p=52325&#038;t=Conserva%20ConCiencia%20reuni%C3%B3%20a%20expertos%20en%20Ays%C3%A9n%20para%20impulsar%20la%20innovaci%C3%B3n%20y%20emprendimiento%20en%20alimentos%20fermentados' aria-hidden='false' data-av_icon='\ue8f3' data-av_iconfont='entypo-fontello' title='' data-avia-related-tooltip='Compartir en Facebook' rel=\"noopener\"><span class='avia_hidden_link_text'>Compartir en Facebook<\/span><\/a><\/li><li class='av-share-link av-social-link-twitter' ><a target=\"_blank\" aria-label=\"Compartir en Twitter\" href='https:\/\/twitter.com\/share?text=Conserva%20ConCiencia%20reuni%C3%B3%20a%20expertos%20en%20Ays%C3%A9n%20para%20impulsar%20la%20innovaci%C3%B3n%20y%20emprendimiento%20en%20alimentos%20fermentados&#038;url=https:\/\/radiorevelacionfm.cl\/?p=52325' aria-hidden='false' data-av_icon='\ue8f1' data-av_iconfont='entypo-fontello' title='' data-avia-related-tooltip='Compartir en Twitter' rel=\"noopener\"><span class='avia_hidden_link_text'>Compartir en Twitter<\/span><\/a><\/li><li class='av-share-link av-social-link-whatsapp' ><a target=\"_blank\" aria-label=\"Compartir en Whatsapp\" href='https:\/\/api.whatsapp.com\/send?text=https:\/\/radiorevelacionfm.cl\/?p=52325' aria-hidden='false' data-av_icon='\uf232' data-av_iconfont='entypo-fontello' title='' data-avia-related-tooltip='Compartir en Whatsapp' rel=\"noopener\"><span class='avia_hidden_link_text'>Compartir en Whatsapp<\/span><\/a><\/li><li class='av-share-link av-social-link-linkedin' ><a target=\"_blank\" aria-label=\"Compartir en LinkedIn\" href='https:\/\/linkedin.com\/shareArticle?mini=true&#038;title=Conserva%20ConCiencia%20reuni%C3%B3%20a%20expertos%20en%20Ays%C3%A9n%20para%20impulsar%20la%20innovaci%C3%B3n%20y%20emprendimiento%20en%20alimentos%20fermentados&#038;url=https:\/\/radiorevelacionfm.cl\/?p=52325' aria-hidden='false' data-av_icon='\ue8fc' data-av_iconfont='entypo-fontello' title='' data-avia-related-tooltip='Compartir en LinkedIn' rel=\"noopener\"><span class='avia_hidden_link_text'>Compartir en LinkedIn<\/span><\/a><\/li><li class='av-share-link av-social-link-mail' ><a  aria-label=\"Compartir por correo\" href='mailto:?subject=Conserva%20ConCiencia%20reuni%C3%B3%20a%20expertos%20en%20Ays%C3%A9n%20para%20impulsar%20la%20innovaci%C3%B3n%20y%20emprendimiento%20en%20alimentos%20fermentados&#038;body=https:\/\/radiorevelacionfm.cl\/?p=52325' aria-hidden='false' data-av_icon='\ue805' data-av_iconfont='entypo-fontello' title='' data-avia-related-tooltip='Compartir por correo'><span class='avia_hidden_link_text'>Compartir por correo<\/span><\/a><\/li><\/ul><\/div><\/div>\n<div  style='height:50px' class='hr hr-invisible   avia-builder-el-8  el_after_av_social_share  el_before_av_comments_list '><span class='hr-inner ' ><span class='hr-inner-style'><\/span><\/span><\/div>\n<div  class='av-buildercomment  av-blog-meta-html-info-disabled av-blog-meta-tag-disabled  '><\/div>\n","protected":false},"excerpt":{"rendered":"","protected":false},"author":1,"featured_media":52326,"comment_status":"closed","ping_status":"closed","sticky":false,"template":"","format":"standard","meta":{"footnotes":""},"categories":[38],"tags":[],"class_list":["post-52325","post","type-post","status-publish","format-standard","has-post-thumbnail","hentry","category-regional"],"jetpack_featured_media_url":"https:\/\/radiorevelacionfm.cl\/wp-content\/uploads\/2025\/04\/1z9a0697-1_optimized.jpg","_links":{"self":[{"href":"https:\/\/radiorevelacionfm.cl\/index.php?rest_route=\/wp\/v2\/posts\/52325","targetHints":{"allow":["GET"]}}],"collection":[{"href":"https:\/\/radiorevelacionfm.cl\/index.php?rest_route=\/wp\/v2\/posts"}],"about":[{"href":"https:\/\/radiorevelacionfm.cl\/index.php?rest_route=\/wp\/v2\/types\/post"}],"author":[{"embeddable":true,"href":"https:\/\/radiorevelacionfm.cl\/index.php?rest_route=\/wp\/v2\/users\/1"}],"replies":[{"embeddable":true,"href":"https:\/\/radiorevelacionfm.cl\/index.php?rest_route=%2Fwp%2Fv2%2Fcomments&post=52325"}],"version-history":[{"count":3,"href":"https:\/\/radiorevelacionfm.cl\/index.php?rest_route=\/wp\/v2\/posts\/52325\/revisions"}],"predecessor-version":[{"id":52344,"href":"https:\/\/radiorevelacionfm.cl\/index.php?rest_route=\/wp\/v2\/posts\/52325\/revisions\/52344"}],"wp:featuredmedia":[{"embeddable":true,"href":"https:\/\/radiorevelacionfm.cl\/index.php?rest_route=\/wp\/v2\/media\/52326"}],"wp:attachment":[{"href":"https:\/\/radiorevelacionfm.cl\/index.php?rest_route=%2Fwp%2Fv2%2Fmedia&parent=52325"}],"wp:term":[{"taxonomy":"category","embeddable":true,"href":"https:\/\/radiorevelacionfm.cl\/index.php?rest_route=%2Fwp%2Fv2%2Fcategories&post=52325"},{"taxonomy":"post_tag","embeddable":true,"href":"https:\/\/radiorevelacionfm.cl\/index.php?rest_route=%2Fwp%2Fv2%2Ftags&post=52325"}],"curies":[{"name":"wp","href":"https:\/\/api.w.org\/{rel}","templated":true}]}}