{"id":52322,"date":"2025-04-07T18:51:34","date_gmt":"2025-04-07T21:51:34","guid":{"rendered":"https:\/\/radiorevelacionfm.cl\/?p=52322"},"modified":"2025-04-07T18:51:34","modified_gmt":"2025-04-07T21:51:34","slug":"refuerzan-coordinacion-ante-pesca-y-traslado-de-recursos-marinos-ad-portas-de-semana-santa","status":"publish","type":"post","link":"https:\/\/radiorevelacionfm.cl\/?p=52322","title":{"rendered":"Refuerzan coordinaci\u00f3n ante pesca y traslado de recursos marinos ad portas de Semana Santa"},"content":{"rendered":"<div class=\"flex_column av_one_full  flex_column_div av-zero-column-padding first  avia-builder-el-0  el_before_av_one_full  avia-builder-el-first  \" style='border-radius:0px; '><div  class='avia-image-container  av-styling-    avia-builder-el-1  avia-builder-el-no-sibling  avia-align-center '  itemprop=\"image\" itemscope=\"itemscope\" itemtype=\"https:\/\/schema.org\/ImageObject\"  ><div class='avia-image-container-inner'><div class='avia-image-overlay-wrap'><img decoding=\"async\" class='wp-image-52323 avia-img-lazy-loading-not-52323 avia_image' src=\"https:\/\/radiorevelacionfm.cl\/wp-content\/uploads\/2025\/04\/487329448_1101025188733981_8033323115817266962_n-1.jpg\" alt='' title='487329448_1101025188733981_8033323115817266962_n (1)' height=\"600\" width=\"800\"  itemprop=\"thumbnailUrl\" srcset=\"https:\/\/radiorevelacionfm.cl\/wp-content\/uploads\/2025\/04\/487329448_1101025188733981_8033323115817266962_n-1.jpg 800w, https:\/\/radiorevelacionfm.cl\/wp-content\/uploads\/2025\/04\/487329448_1101025188733981_8033323115817266962_n-1-300x225.jpg 300w, https:\/\/radiorevelacionfm.cl\/wp-content\/uploads\/2025\/04\/487329448_1101025188733981_8033323115817266962_n-1-768x576.jpg 768w, https:\/\/radiorevelacionfm.cl\/wp-content\/uploads\/2025\/04\/487329448_1101025188733981_8033323115817266962_n-1-705x529.jpg 705w, https:\/\/radiorevelacionfm.cl\/wp-content\/uploads\/2025\/04\/487329448_1101025188733981_8033323115817266962_n-1-450x338.jpg 450w, https:\/\/radiorevelacionfm.cl\/wp-content\/uploads\/2025\/04\/487329448_1101025188733981_8033323115817266962_n-1-600x450.jpg 600w\" sizes=\"(max-width: 800px) 100vw, 800px\" \/><\/div><\/div><\/div><\/div>\n<div class=\"flex_column av_one_full  flex_column_div av-zero-column-padding first  avia-builder-el-2  el_after_av_one_full  el_before_av_one_full  column-top-margin\" style='border-radius:0px; '><section class=\"av_textblock_section \"  itemscope=\"itemscope\" itemtype=\"https:\/\/schema.org\/BlogPosting\" itemprop=\"blogPost\" ><div class='avia_textblock  '   itemprop=\"text\" ><p style=\"text-align: center;\"><strong><span style=\"font-size: 18pt;\">Refuerzan coordinaci\u00f3n ante pesca y traslado de recursos marinos ad portas de Semana Santa<\/span><\/strong><\/p>\n<div id=\"gtx-trans\" style=\"position: absolute; left: -50px; top: 4.31534px;\">\n<div class=\"gtx-trans-icon\"><\/div>\n<\/div>\n<\/div><\/section><\/div><div class=\"flex_column av_one_full  flex_column_div av-zero-column-padding first  avia-builder-el-4  el_after_av_one_full  el_before_av_hr  column-top-margin\" style='border-radius:0px; '><section class=\"av_textblock_section \"  itemscope=\"itemscope\" itemtype=\"https:\/\/schema.org\/BlogPosting\" itemprop=\"blogPost\" ><div class='avia_textblock  '   itemprop=\"text\" ><p style=\"font-weight: 400; text-align: justify;\">Con el objetivo de fortalecer el trabajo conjunto en el sector litoral y prevenir la ocurrencia de delitos, en especial, aquellos asociados al per\u00edodo del feriado de Semana Santa, el Gobierno estableci\u00f3 la Mesa de Control de Pesca y Tr\u00e1nsito Ilegal de Recursos Hidrobiol\u00f3gicos del Mar de Ays\u00e9n.<\/p>\n<p style=\"font-weight: 400; text-align: justify;\">La instancia tuvo su primera sesi\u00f3n en Puerto Chacabuco, encabezada por el Vicepresidente de la Rep\u00fablica, \u00c1lvaro Elizalde, junto al Delegado Presidencial Regional, Jorge D\u00edaz Guzm\u00e1n; Delegado Provincial Rodrigo Moreno; seremis de Seguridad, Ruth Vallejos; de Econom\u00eda, Felipe Rojas; y de Salud Carmen Monsalve; Comandante de Guarnici\u00f3n Naval y Gobernador Mar\u00edtimo de Ays\u00e9n, Capit\u00e1n de Fragata Lt Octavio Valenzuela Iturra; Jefe XI Zona de Carabineros, General Eduardo Palma; Jefe de la Regi\u00f3n Policial del General Carlos Ib\u00e1\u00f1ez del Campo, Prefecto Inspector Javier Valenzuela, y directores regionales de Aduanas, Servicio de Impuestos Internos, Sernapesca y Subpesca, entre otros.<\/p>\n<p style=\"font-weight: 400; text-align: justify;\">\u201cAqu\u00ed logramos aunar en una sola mesa a todos estos actores y hoy d\u00eda podemos exhibir que hay un trabajo coordinado, en especial, en el marco de Semana Santa que nos preocupa mucho. Estamos trabajando con las regiones de Los Lagos y la regi\u00f3n de Los R\u00edos, de manera de que todos los productos hidrobiol\u00f3gicos de nuestro litoral, tengan las certificaciones que correspondan y podamos combatir la pesca ilegal en el litoral\u201d, destac\u00f3 el Delegado Presidencial Regional, Jorge D\u00edaz Guzm\u00e1n al t\u00e9rmino de la instancia.<\/p>\n<p style=\"font-weight: 400; text-align: justify;\">La primera sesi\u00f3n de la Mesa de Control de Pesca y Tr\u00e1nsito Ilegal de Recursos Hidrobiol\u00f3gicos del Mar de Ays\u00e9n sesion\u00f3 en las nuevas dependencias del Servicio de Aduanas en Puerto Chacabuco y desarrollar\u00e1 una gesti\u00f3n peri\u00f3dica a nivel regional.<\/p>\n<p style=\"font-weight: 400; text-align: justify;\">De este modo se busca fortalecer la gesti\u00f3n de cada uno de los servicios competentes, al potenciar el trabajo mancomunado de forma permanente en materias pertinentes al litoral de Ays\u00e9n.<\/p>\n<\/div><\/section><\/div><\/p>\n<div  style='height:50px' class='hr hr-invisible   avia-builder-el-6  el_after_av_one_full  el_before_av_social_share '><span class='hr-inner ' ><span class='hr-inner-style'><\/span><\/span><\/div>\n<div  class='av-social-sharing-box  avia-builder-el-7  el_after_av_hr  el_before_av_hr  '><div class='av-share-box'><h5 class='av-share-link-description av-no-toc '>Compartir esta noticia<\/h5><ul class='av-share-box-list noLightbox'><li class='av-share-link av-social-link-facebook' ><a target=\"_blank\" aria-label=\"Compartir en Facebook\" href='https:\/\/www.facebook.com\/sharer.php?u=https:\/\/radiorevelacionfm.cl\/?p=52322&#038;t=Refuerzan%20coordinaci%C3%B3n%20ante%20pesca%20y%20traslado%20de%20recursos%20marinos%20ad%20portas%20de%20Semana%20Santa' aria-hidden='false' data-av_icon='\ue8f3' data-av_iconfont='entypo-fontello' title='' data-avia-related-tooltip='Compartir en Facebook' rel=\"noopener\"><span class='avia_hidden_link_text'>Compartir en Facebook<\/span><\/a><\/li><li class='av-share-link av-social-link-twitter' ><a target=\"_blank\" aria-label=\"Compartir en Twitter\" href='https:\/\/twitter.com\/share?text=Refuerzan%20coordinaci%C3%B3n%20ante%20pesca%20y%20traslado%20de%20recursos%20marinos%20ad%20portas%20de%20Semana%20Santa&#038;url=https:\/\/radiorevelacionfm.cl\/?p=52322' aria-hidden='false' data-av_icon='\ue8f1' data-av_iconfont='entypo-fontello' title='' data-avia-related-tooltip='Compartir en Twitter' rel=\"noopener\"><span class='avia_hidden_link_text'>Compartir en Twitter<\/span><\/a><\/li><li class='av-share-link av-social-link-whatsapp' ><a target=\"_blank\" aria-label=\"Compartir en Whatsapp\" href='https:\/\/api.whatsapp.com\/send?text=https:\/\/radiorevelacionfm.cl\/?p=52322' aria-hidden='false' data-av_icon='\uf232' data-av_iconfont='entypo-fontello' title='' data-avia-related-tooltip='Compartir en Whatsapp' rel=\"noopener\"><span class='avia_hidden_link_text'>Compartir en Whatsapp<\/span><\/a><\/li><li class='av-share-link av-social-link-linkedin' ><a target=\"_blank\" aria-label=\"Compartir en LinkedIn\" href='https:\/\/linkedin.com\/shareArticle?mini=true&#038;title=Refuerzan%20coordinaci%C3%B3n%20ante%20pesca%20y%20traslado%20de%20recursos%20marinos%20ad%20portas%20de%20Semana%20Santa&#038;url=https:\/\/radiorevelacionfm.cl\/?p=52322' aria-hidden='false' data-av_icon='\ue8fc' data-av_iconfont='entypo-fontello' title='' data-avia-related-tooltip='Compartir en LinkedIn' rel=\"noopener\"><span class='avia_hidden_link_text'>Compartir en LinkedIn<\/span><\/a><\/li><li class='av-share-link av-social-link-mail' ><a  aria-label=\"Compartir por correo\" href='mailto:?subject=Refuerzan%20coordinaci%C3%B3n%20ante%20pesca%20y%20traslado%20de%20recursos%20marinos%20ad%20portas%20de%20Semana%20Santa&#038;body=https:\/\/radiorevelacionfm.cl\/?p=52322' aria-hidden='false' data-av_icon='\ue805' data-av_iconfont='entypo-fontello' title='' data-avia-related-tooltip='Compartir por correo'><span class='avia_hidden_link_text'>Compartir por correo<\/span><\/a><\/li><\/ul><\/div><\/div>\n<div  style='height:50px' class='hr hr-invisible   avia-builder-el-8  el_after_av_social_share  el_before_av_comments_list '><span class='hr-inner ' ><span class='hr-inner-style'><\/span><\/span><\/div>\n<div  class='av-buildercomment  av-blog-meta-html-info-disabled av-blog-meta-tag-disabled  '><\/div>\n","protected":false},"excerpt":{"rendered":"","protected":false},"author":1,"featured_media":52323,"comment_status":"closed","ping_status":"closed","sticky":false,"template":"","format":"standard","meta":{"footnotes":""},"categories":[38],"tags":[],"class_list":["post-52322","post","type-post","status-publish","format-standard","has-post-thumbnail","hentry","category-regional"],"jetpack_featured_media_url":"https:\/\/radiorevelacionfm.cl\/wp-content\/uploads\/2025\/04\/487329448_1101025188733981_8033323115817266962_n-1.jpg","_links":{"self":[{"href":"https:\/\/radiorevelacionfm.cl\/index.php?rest_route=\/wp\/v2\/posts\/52322","targetHints":{"allow":["GET"]}}],"collection":[{"href":"https:\/\/radiorevelacionfm.cl\/index.php?rest_route=\/wp\/v2\/posts"}],"about":[{"href":"https:\/\/radiorevelacionfm.cl\/index.php?rest_route=\/wp\/v2\/types\/post"}],"author":[{"embeddable":true,"href":"https:\/\/radiorevelacionfm.cl\/index.php?rest_route=\/wp\/v2\/users\/1"}],"replies":[{"embeddable":true,"href":"https:\/\/radiorevelacionfm.cl\/index.php?rest_route=%2Fwp%2Fv2%2Fcomments&post=52322"}],"version-history":[{"count":3,"href":"https:\/\/radiorevelacionfm.cl\/index.php?rest_route=\/wp\/v2\/posts\/52322\/revisions"}],"predecessor-version":[{"id":52334,"href":"https:\/\/radiorevelacionfm.cl\/index.php?rest_route=\/wp\/v2\/posts\/52322\/revisions\/52334"}],"wp:featuredmedia":[{"embeddable":true,"href":"https:\/\/radiorevelacionfm.cl\/index.php?rest_route=\/wp\/v2\/media\/52323"}],"wp:attachment":[{"href":"https:\/\/radiorevelacionfm.cl\/index.php?rest_route=%2Fwp%2Fv2%2Fmedia&parent=52322"}],"wp:term":[{"taxonomy":"category","embeddable":true,"href":"https:\/\/radiorevelacionfm.cl\/index.php?rest_route=%2Fwp%2Fv2%2Fcategories&post=52322"},{"taxonomy":"post_tag","embeddable":true,"href":"https:\/\/radiorevelacionfm.cl\/index.php?rest_route=%2Fwp%2Fv2%2Ftags&post=52322"}],"curies":[{"name":"wp","href":"https:\/\/api.w.org\/{rel}","templated":true}]}}