{"id":52319,"date":"2025-04-08T12:08:53","date_gmt":"2025-04-08T15:08:53","guid":{"rendered":"https:\/\/radiorevelacionfm.cl\/?p=52319"},"modified":"2025-04-08T12:08:53","modified_gmt":"2025-04-08T15:08:53","slug":"vocera-de-gobierno-destaca-visitas-ministeriales-a-la-region-de-aysen","status":"publish","type":"post","link":"https:\/\/radiorevelacionfm.cl\/?p=52319","title":{"rendered":"Vocera de Gobierno destaca visitas ministeriales a la regi\u00f3n de Ays\u00e9n"},"content":{"rendered":"<div class=\"flex_column av_one_full  flex_column_div av-zero-column-padding first  avia-builder-el-0  el_before_av_one_full  avia-builder-el-first  \" style='border-radius:0px; '><div  class='avia-image-container  av-styling-    avia-builder-el-1  avia-builder-el-no-sibling  avia-align-center '  itemprop=\"image\" itemscope=\"itemscope\" itemtype=\"https:\/\/schema.org\/ImageObject\"  ><div class='avia-image-container-inner'><div class='avia-image-overlay-wrap'><img decoding=\"async\" class='wp-image-52320 avia-img-lazy-loading-not-52320 avia_image' src=\"https:\/\/radiorevelacionfm.cl\/wp-content\/uploads\/2025\/04\/Foto-comunicado-visitas-ministeriales-1-1.jpeg\" alt='' title='Foto comunicado visitas ministeriales (1) (1)' height=\"600\" width=\"1245\"  itemprop=\"thumbnailUrl\" srcset=\"https:\/\/radiorevelacionfm.cl\/wp-content\/uploads\/2025\/04\/Foto-comunicado-visitas-ministeriales-1-1.jpeg 1245w, https:\/\/radiorevelacionfm.cl\/wp-content\/uploads\/2025\/04\/Foto-comunicado-visitas-ministeriales-1-1-300x145.jpeg 300w, https:\/\/radiorevelacionfm.cl\/wp-content\/uploads\/2025\/04\/Foto-comunicado-visitas-ministeriales-1-1-1030x496.jpeg 1030w, https:\/\/radiorevelacionfm.cl\/wp-content\/uploads\/2025\/04\/Foto-comunicado-visitas-ministeriales-1-1-768x370.jpeg 768w, https:\/\/radiorevelacionfm.cl\/wp-content\/uploads\/2025\/04\/Foto-comunicado-visitas-ministeriales-1-1-705x340.jpeg 705w, https:\/\/radiorevelacionfm.cl\/wp-content\/uploads\/2025\/04\/Foto-comunicado-visitas-ministeriales-1-1-450x217.jpeg 450w, https:\/\/radiorevelacionfm.cl\/wp-content\/uploads\/2025\/04\/Foto-comunicado-visitas-ministeriales-1-1-600x289.jpeg 600w\" sizes=\"(max-width: 1245px) 100vw, 1245px\" \/><\/div><\/div><\/div><\/div><div class=\"flex_column av_one_full  flex_column_div av-zero-column-padding first  avia-builder-el-2  el_after_av_one_full  el_before_av_one_full  column-top-margin\" style='border-radius:0px; '><section class=\"av_textblock_section \"  itemscope=\"itemscope\" itemtype=\"https:\/\/schema.org\/BlogPosting\" itemprop=\"blogPost\" ><div class='avia_textblock  '   itemprop=\"text\" ><p style=\"text-align: center;\"><strong><span style=\"font-size: 18pt;\">Vocera de Gobierno destaca visitas ministeriales a la regi\u00f3n de Ays\u00e9n<\/span><\/strong><\/p>\n<div id=\"gtx-trans\" style=\"position: absolute; left: -50px; top: 4.31534px;\">\n<div class=\"gtx-trans-icon\"><\/div>\n<\/div>\n<\/div><\/section><\/div><div class=\"flex_column av_one_full  flex_column_div av-zero-column-padding first  avia-builder-el-4  el_after_av_one_full  el_before_av_hr  column-top-margin\" style='border-radius:0px; '><section class=\"av_textblock_section \"  itemscope=\"itemscope\" itemtype=\"https:\/\/schema.org\/BlogPosting\" itemprop=\"blogPost\" ><div class='avia_textblock  '   itemprop=\"text\" ><p style=\"text-align: justify;\">La Seremi de Gobierno, \u00darsula Mix Jim\u00e9nez, destac\u00f3 la importancia de las recientes visitas ministeriales a la regi\u00f3n\u00a0 de Ays\u00e9n por parte del Ministro del Interior, en su calidad de Vicepresidente, \u00c1lvaro Elizalde, las Ministras de Medio Ambiente, Maisa Rojas y Desarrollo Social, Javiera Toro, los subsecretarios de Obras P\u00fablicas, Danilo N\u00fa\u00f1ez, Turismo, Ver\u00f3nica Pardo y Servicios Sociales, Francisca Gallegos.<\/p>\n<p style=\"text-align: justify;\">La visita coincide con la semana en que entra en funcionamiento el Ministerio de Seguridad P\u00fablica y con esto, la instalaci\u00f3n de dicha Seremia en la regi\u00f3n que deber\u00e1 poner \u00e9nfasis en coordinar los distintos organismos en la lucha contra el delito.<\/p>\n<p style=\"text-align: justify;\">La vocera se refiri\u00f3 a las actividades en terreno realizadas por las autoridades que vienen a corroborar los compromisos establecidos por el Presidente Gabriel Boric con la regi\u00f3n. En materia de conectividad se destac\u00f3 los avances en el proyecto de pavimentaci\u00f3n del Camino a Lago Atravesado, subrayando que la conectividad de Ays\u00e9n es una prioridad para el gobierno. La inversi\u00f3n en estos trabajos supera los 21.300 millones de pesos y abarcan una extensi\u00f3n de 10,2 kil\u00f3metros. Adem\u00e1s, el 20% de avance en la construcci\u00f3n del nuevo aeropuerto en el Aer\u00f3dromo de Balmaceda, con una inversi\u00f3n de m\u00e1s de 50 millones de d\u00f3lares. El proyecto incluye la ampliaci\u00f3n del terminal de pasajeros, pasando de 2.400 m2 a 12.391 m2, as\u00ed como mejoras en el puente mecano de Pangal y el acceso norte a Coyhaique.<\/p>\n<p style=\"text-align: justify;\">Respecto de la agenda medioambiental, el foco estuvo en abordar la gesti\u00f3n de episodios cr\u00edticos y el plan de descontaminaci\u00f3n, dialogando adem\u00e1s con la comunidad sobre la capacidad de respuesta y resiliencia de comunidades por efectos de riesgos clim\u00e1ticos.<\/p>\n<p style=\"text-align: justify;\">En seguridad social, se dieron a conocer los avances del Sistema Nacional de Apoyos y Cuidados, dialogando en Coyhaique sobre la importancia y compromiso de fortalecer la red de cuidados. Adem\u00e1s, se inaugur\u00f3 el primer Centro Comunitario de Cuidados en Ays\u00e9n, cumpliendo as\u00ed con llevar Chile Cuida a todos los rincones del pa\u00eds.<\/p>\n<p style=\"text-align: justify;\">Por otra parte, en t\u00e9rminos econ\u00f3micos, principalmente en turismo, la Subsecretaria Ver\u00f3nica Pardo relev\u00f3 que la regi\u00f3n avanza en cifras alegres, con un aumento del 22,7% en las pernoctaciones en establecimientos tur\u00edsticos de la regi\u00f3n durante febrero de 2025 en comparaci\u00f3n con el a\u00f1o anterior.<\/p>\n<p style=\"text-align: justify;\">Finalmente, la Seremi de Gobierno enfatiz\u00f3 que \u201cla visita del Ministro del Interior en calidad de Vicepresidente fue una gran oportunidad para impulsar en terreno el di\u00e1logo con las personas y los gremios, difundir el cumplimiento de los compromisos con la regi\u00f3n por parte de este gobierno. Decir que se perdi\u00f3 una oportunidad para tratar los temas que realmente le interesan a la regi\u00f3n es desconocer la agenda de los ministros y subsecretarios, que se reunieron con la comunidad, los escucharon y se conectaron con los temas que le importan a las personas de Ays\u00e9n, como el crecimiento econ\u00f3mico, los avances en el sistema nacional de cuidados, en obras, turismo, seguridad, infraestructura y conectividad. Si creemos que estos temas no son importantes para Ays\u00e9n, es que entonces no conocemos ni entendemos la din\u00e1mica de nuestra regi\u00f3n\u201d.<\/p>\n<\/div><\/section><\/div><div  style='height:50px' class='hr hr-invisible   avia-builder-el-6  el_after_av_one_full  el_before_av_social_share '><span class='hr-inner ' ><span class='hr-inner-style'><\/span><\/span><\/div><\/p>\n<div  class='av-social-sharing-box  avia-builder-el-7  el_after_av_hr  el_before_av_hr  '><div class='av-share-box'><h5 class='av-share-link-description av-no-toc '>Compartir esta noticia<\/h5><ul class='av-share-box-list noLightbox'><li class='av-share-link av-social-link-facebook' ><a target=\"_blank\" aria-label=\"Compartir en Facebook\" href='https:\/\/www.facebook.com\/sharer.php?u=https:\/\/radiorevelacionfm.cl\/?p=52319&#038;t=Vocera%20de%20Gobierno%20destaca%20visitas%20ministeriales%20a%20la%20regi%C3%B3n%20de%20Ays%C3%A9n' aria-hidden='false' data-av_icon='\ue8f3' data-av_iconfont='entypo-fontello' title='' data-avia-related-tooltip='Compartir en Facebook' rel=\"noopener\"><span class='avia_hidden_link_text'>Compartir en Facebook<\/span><\/a><\/li><li class='av-share-link av-social-link-twitter' ><a target=\"_blank\" aria-label=\"Compartir en Twitter\" href='https:\/\/twitter.com\/share?text=Vocera%20de%20Gobierno%20destaca%20visitas%20ministeriales%20a%20la%20regi%C3%B3n%20de%20Ays%C3%A9n&#038;url=https:\/\/radiorevelacionfm.cl\/?p=52319' aria-hidden='false' data-av_icon='\ue8f1' data-av_iconfont='entypo-fontello' title='' data-avia-related-tooltip='Compartir en Twitter' rel=\"noopener\"><span class='avia_hidden_link_text'>Compartir en Twitter<\/span><\/a><\/li><li class='av-share-link av-social-link-whatsapp' ><a target=\"_blank\" aria-label=\"Compartir en Whatsapp\" href='https:\/\/api.whatsapp.com\/send?text=https:\/\/radiorevelacionfm.cl\/?p=52319' aria-hidden='false' data-av_icon='\uf232' data-av_iconfont='entypo-fontello' title='' data-avia-related-tooltip='Compartir en Whatsapp' rel=\"noopener\"><span class='avia_hidden_link_text'>Compartir en Whatsapp<\/span><\/a><\/li><li class='av-share-link av-social-link-linkedin' ><a target=\"_blank\" aria-label=\"Compartir en LinkedIn\" href='https:\/\/linkedin.com\/shareArticle?mini=true&#038;title=Vocera%20de%20Gobierno%20destaca%20visitas%20ministeriales%20a%20la%20regi%C3%B3n%20de%20Ays%C3%A9n&#038;url=https:\/\/radiorevelacionfm.cl\/?p=52319' aria-hidden='false' data-av_icon='\ue8fc' data-av_iconfont='entypo-fontello' title='' data-avia-related-tooltip='Compartir en LinkedIn' rel=\"noopener\"><span class='avia_hidden_link_text'>Compartir en LinkedIn<\/span><\/a><\/li><li class='av-share-link av-social-link-mail' ><a  aria-label=\"Compartir por correo\" href='mailto:?subject=Vocera%20de%20Gobierno%20destaca%20visitas%20ministeriales%20a%20la%20regi%C3%B3n%20de%20Ays%C3%A9n&#038;body=https:\/\/radiorevelacionfm.cl\/?p=52319' aria-hidden='false' data-av_icon='\ue805' data-av_iconfont='entypo-fontello' title='' data-avia-related-tooltip='Compartir por correo'><span class='avia_hidden_link_text'>Compartir por correo<\/span><\/a><\/li><\/ul><\/div><\/div>\n<div  style='height:50px' class='hr hr-invisible   avia-builder-el-8  el_after_av_social_share  el_before_av_comments_list '><span class='hr-inner ' ><span class='hr-inner-style'><\/span><\/span><\/div>\n<div  class='av-buildercomment  av-blog-meta-html-info-disabled av-blog-meta-tag-disabled  '><\/div>\n","protected":false},"excerpt":{"rendered":"","protected":false},"author":1,"featured_media":52320,"comment_status":"closed","ping_status":"closed","sticky":false,"template":"","format":"standard","meta":{"footnotes":""},"categories":[38],"tags":[],"class_list":["post-52319","post","type-post","status-publish","format-standard","has-post-thumbnail","hentry","category-regional"],"jetpack_featured_media_url":"https:\/\/radiorevelacionfm.cl\/wp-content\/uploads\/2025\/04\/Foto-comunicado-visitas-ministeriales-1-1.jpeg","_links":{"self":[{"href":"https:\/\/radiorevelacionfm.cl\/index.php?rest_route=\/wp\/v2\/posts\/52319","targetHints":{"allow":["GET"]}}],"collection":[{"href":"https:\/\/radiorevelacionfm.cl\/index.php?rest_route=\/wp\/v2\/posts"}],"about":[{"href":"https:\/\/radiorevelacionfm.cl\/index.php?rest_route=\/wp\/v2\/types\/post"}],"author":[{"embeddable":true,"href":"https:\/\/radiorevelacionfm.cl\/index.php?rest_route=\/wp\/v2\/users\/1"}],"replies":[{"embeddable":true,"href":"https:\/\/radiorevelacionfm.cl\/index.php?rest_route=%2Fwp%2Fv2%2Fcomments&post=52319"}],"version-history":[{"count":2,"href":"https:\/\/radiorevelacionfm.cl\/index.php?rest_route=\/wp\/v2\/posts\/52319\/revisions"}],"predecessor-version":[{"id":52357,"href":"https:\/\/radiorevelacionfm.cl\/index.php?rest_route=\/wp\/v2\/posts\/52319\/revisions\/52357"}],"wp:featuredmedia":[{"embeddable":true,"href":"https:\/\/radiorevelacionfm.cl\/index.php?rest_route=\/wp\/v2\/media\/52320"}],"wp:attachment":[{"href":"https:\/\/radiorevelacionfm.cl\/index.php?rest_route=%2Fwp%2Fv2%2Fmedia&parent=52319"}],"wp:term":[{"taxonomy":"category","embeddable":true,"href":"https:\/\/radiorevelacionfm.cl\/index.php?rest_route=%2Fwp%2Fv2%2Fcategories&post=52319"},{"taxonomy":"post_tag","embeddable":true,"href":"https:\/\/radiorevelacionfm.cl\/index.php?rest_route=%2Fwp%2Fv2%2Ftags&post=52319"}],"curies":[{"name":"wp","href":"https:\/\/api.w.org\/{rel}","templated":true}]}}