{"id":52315,"date":"2025-04-07T18:03:28","date_gmt":"2025-04-07T21:03:28","guid":{"rendered":"https:\/\/radiorevelacionfm.cl\/?p=52315"},"modified":"2025-04-07T18:03:49","modified_gmt":"2025-04-07T21:03:49","slug":"gendarmeria-inauguro-nueva-multicancha-el-cdp-de-cochrane","status":"publish","type":"post","link":"https:\/\/radiorevelacionfm.cl\/?p=52315","title":{"rendered":"Gendarmer\u00eda inaugur\u00f3 nueva multicancha del CDP de Cochrane"},"content":{"rendered":"<div class=\"flex_column av_one_full  flex_column_div av-zero-column-padding first  avia-builder-el-0  el_before_av_one_full  avia-builder-el-first  \" style='border-radius:0px; '><div  class='avia-image-container  av-styling-    avia-builder-el-1  avia-builder-el-no-sibling  avia-align-center '  itemprop=\"image\" itemscope=\"itemscope\" itemtype=\"https:\/\/schema.org\/ImageObject\"  ><div class='avia-image-container-inner'><div class='avia-image-overlay-wrap'><img decoding=\"async\" class='wp-image-52316 avia-img-lazy-loading-not-52316 avia_image' src=\"https:\/\/radiorevelacionfm.cl\/wp-content\/uploads\/2025\/04\/Cochrane-2-3-1-1.jpg\" alt='' title='Cochrane 2 (3) (1) (1)' height=\"600\" width=\"900\"  itemprop=\"thumbnailUrl\" srcset=\"https:\/\/radiorevelacionfm.cl\/wp-content\/uploads\/2025\/04\/Cochrane-2-3-1-1.jpg 900w, https:\/\/radiorevelacionfm.cl\/wp-content\/uploads\/2025\/04\/Cochrane-2-3-1-1-300x200.jpg 300w, https:\/\/radiorevelacionfm.cl\/wp-content\/uploads\/2025\/04\/Cochrane-2-3-1-1-768x512.jpg 768w, https:\/\/radiorevelacionfm.cl\/wp-content\/uploads\/2025\/04\/Cochrane-2-3-1-1-705x470.jpg 705w, https:\/\/radiorevelacionfm.cl\/wp-content\/uploads\/2025\/04\/Cochrane-2-3-1-1-450x300.jpg 450w, https:\/\/radiorevelacionfm.cl\/wp-content\/uploads\/2025\/04\/Cochrane-2-3-1-1-600x400.jpg 600w\" sizes=\"(max-width: 900px) 100vw, 900px\" \/><\/div><\/div><\/div><\/div>\n<div class=\"flex_column av_one_full  flex_column_div av-zero-column-padding first  avia-builder-el-2  el_after_av_one_full  el_before_av_one_full  column-top-margin\" style='border-radius:0px; '><section class=\"av_textblock_section \"  itemscope=\"itemscope\" itemtype=\"https:\/\/schema.org\/BlogPosting\" itemprop=\"blogPost\" ><div class='avia_textblock  '   itemprop=\"text\" ><p style=\"text-align: center;\"><strong><span style=\"font-size: 18pt;\">Gendarmer\u00eda inaugur\u00f3 nueva multicancha del CDP de Cochrane<\/span><\/strong><\/p>\n<div id=\"gtx-trans\" style=\"position: absolute; left: -50px; top: 4.31534px;\">\n<div class=\"gtx-trans-icon\"><\/div>\n<\/div>\n<\/div><\/section><\/div><div class=\"flex_column av_one_full  flex_column_div av-zero-column-padding first  avia-builder-el-4  el_after_av_one_full  el_before_av_hr  column-top-margin\" style='border-radius:0px; '><section class=\"av_textblock_section \"  itemscope=\"itemscope\" itemtype=\"https:\/\/schema.org\/BlogPosting\" itemprop=\"blogPost\" ><div class='avia_textblock  '   itemprop=\"text\" ><p style=\"text-align: justify;\">Con la presencia de diversas autoridades se realiz\u00f3 la inauguraci\u00f3n de la multicancha del Centro de Detenci\u00f3n Preventiva de Cochrane, obra materializada gracias a una gesti\u00f3n integrada entre diversos actores, que permiti\u00f3 el recambio de la carpeta, adem\u00e1s del mejoramiento del resto de la infraestructura deportiva del espacio.<\/p>\n<p style=\"text-align: justify;\">Para llevar adelante la tarea fue fundamental el aporte de 4 millones de pesos por parte de la subdirecci\u00f3n de Reinserci\u00f3n Social, dineros destinados a la compra de materiales como cemento, fierros y malla acma, mientras que la propia unidad penal gestion\u00f3 con actores locales otros materiales como ripio y pintura.<\/p>\n<p style=\"text-align: justify;\">\u201cParticiparon en esta iniciativa autoridades locales, tambi\u00e9n hay una colaboraci\u00f3n p\u00fablico privada que permiti\u00f3 finalmente construir ese espacio, el que fue creado por la misma poblaci\u00f3n penal, que gener\u00f3 trabajo para los internos, mejoras en sus condiciones y un espacio para generar actividades deportivas\u201d detall\u00f3 el director regional de Gendarmer\u00eda, coronel Pablo Torres Herrera.<\/p>\n<p style=\"text-align: justify;\">Los trabajos fueron ejecutados por las personas privadas de libertad en el recinto penitenciario, de manera que esta construcci\u00f3n repercute directamente en su reinserci\u00f3n social, por un lado mediante la adquisici\u00f3n de h\u00e1bitos laborales, y por otro, porque fruto de ese trabajo podr\u00e1n contar con un espacio digno para la pr\u00e1ctica deportiva y recreaci\u00f3n.<\/p>\n<p style=\"text-align: justify;\">\u201cPoder mejorar los espacios f\u00edsicos que tiene esta unidad penal gracias a una alianza estrat\u00e9gica con distintos organismos locales y la subdirecci\u00f3n de reinserci\u00f3n social nos permiti\u00f3 sacar adelante este proyecto, que sin duda alguna, mejora el bienestar f\u00edsico y mental de nuestra poblaci\u00f3n penal y tambi\u00e9n de nuestro personal\u201d agreg\u00f3 el jefe de t\u00e9cnico regional, Pablo Vargas Torres.<\/p>\n<p style=\"text-align: justify;\">Por \u00faltimo hay que destacar, que adem\u00e1s de la reposici\u00f3n de la carpeta, se pint\u00f3 la infraestructura deportiva gracias al aporte de pintura de la Municipalidad de Cochrane, tambi\u00e9n se adquiri\u00f3 implementaci\u00f3n deportiva con fondos del Programa de Deportes, Recreaci\u00f3n, Arte y Cultura (Drac) de Gendarmer\u00eda, consistente en balones de futbol, basquetbol, voleibol, mallas para la pr\u00e1ctica de los tres deportes, adem\u00e1s de un aro de baloncesto.<\/p>\n<\/div><\/section><\/div><\/p>\n<div  style='height:50px' class='hr hr-invisible   avia-builder-el-6  el_after_av_one_full  el_before_av_social_share '><span class='hr-inner ' ><span class='hr-inner-style'><\/span><\/span><\/div>\n<div  class='av-social-sharing-box  avia-builder-el-7  el_after_av_hr  el_before_av_hr  '><div class='av-share-box'><h5 class='av-share-link-description av-no-toc '>Compartir esta noticia<\/h5><ul class='av-share-box-list noLightbox'><li class='av-share-link av-social-link-facebook' ><a target=\"_blank\" aria-label=\"Compartir en Facebook\" href='https:\/\/www.facebook.com\/sharer.php?u=https:\/\/radiorevelacionfm.cl\/?p=52315&#038;t=Gendarmer%C3%ADa%20inaugur%C3%B3%20nueva%20multicancha%20del%20CDP%20de%20Cochrane' aria-hidden='false' data-av_icon='\ue8f3' data-av_iconfont='entypo-fontello' title='' data-avia-related-tooltip='Compartir en Facebook' rel=\"noopener\"><span class='avia_hidden_link_text'>Compartir en Facebook<\/span><\/a><\/li><li class='av-share-link av-social-link-twitter' ><a target=\"_blank\" aria-label=\"Compartir en Twitter\" href='https:\/\/twitter.com\/share?text=Gendarmer%C3%ADa%20inaugur%C3%B3%20nueva%20multicancha%20del%20CDP%20de%20Cochrane&#038;url=https:\/\/radiorevelacionfm.cl\/?p=52315' aria-hidden='false' data-av_icon='\ue8f1' data-av_iconfont='entypo-fontello' title='' data-avia-related-tooltip='Compartir en Twitter' rel=\"noopener\"><span class='avia_hidden_link_text'>Compartir en Twitter<\/span><\/a><\/li><li class='av-share-link av-social-link-whatsapp' ><a target=\"_blank\" aria-label=\"Compartir en Whatsapp\" href='https:\/\/api.whatsapp.com\/send?text=https:\/\/radiorevelacionfm.cl\/?p=52315' aria-hidden='false' data-av_icon='\uf232' data-av_iconfont='entypo-fontello' title='' data-avia-related-tooltip='Compartir en Whatsapp' rel=\"noopener\"><span class='avia_hidden_link_text'>Compartir en Whatsapp<\/span><\/a><\/li><li class='av-share-link av-social-link-linkedin' ><a target=\"_blank\" aria-label=\"Compartir en LinkedIn\" href='https:\/\/linkedin.com\/shareArticle?mini=true&#038;title=Gendarmer%C3%ADa%20inaugur%C3%B3%20nueva%20multicancha%20del%20CDP%20de%20Cochrane&#038;url=https:\/\/radiorevelacionfm.cl\/?p=52315' aria-hidden='false' data-av_icon='\ue8fc' data-av_iconfont='entypo-fontello' title='' data-avia-related-tooltip='Compartir en LinkedIn' rel=\"noopener\"><span class='avia_hidden_link_text'>Compartir en LinkedIn<\/span><\/a><\/li><li class='av-share-link av-social-link-mail' ><a  aria-label=\"Compartir por correo\" href='mailto:?subject=Gendarmer%C3%ADa%20inaugur%C3%B3%20nueva%20multicancha%20del%20CDP%20de%20Cochrane&#038;body=https:\/\/radiorevelacionfm.cl\/?p=52315' aria-hidden='false' data-av_icon='\ue805' data-av_iconfont='entypo-fontello' title='' data-avia-related-tooltip='Compartir por correo'><span class='avia_hidden_link_text'>Compartir por correo<\/span><\/a><\/li><\/ul><\/div><\/div>\n<div  style='height:50px' class='hr hr-invisible   avia-builder-el-8  el_after_av_social_share  el_before_av_comments_list '><span class='hr-inner ' ><span class='hr-inner-style'><\/span><\/span><\/div>\n<div  class='av-buildercomment  av-blog-meta-html-info-disabled av-blog-meta-tag-disabled  '><\/div>\n","protected":false},"excerpt":{"rendered":"","protected":false},"author":1,"featured_media":52316,"comment_status":"closed","ping_status":"closed","sticky":false,"template":"","format":"standard","meta":{"footnotes":""},"categories":[38],"tags":[],"class_list":["post-52315","post","type-post","status-publish","format-standard","has-post-thumbnail","hentry","category-regional"],"jetpack_featured_media_url":"https:\/\/radiorevelacionfm.cl\/wp-content\/uploads\/2025\/04\/Cochrane-2-3-1-1.jpg","_links":{"self":[{"href":"https:\/\/radiorevelacionfm.cl\/index.php?rest_route=\/wp\/v2\/posts\/52315","targetHints":{"allow":["GET"]}}],"collection":[{"href":"https:\/\/radiorevelacionfm.cl\/index.php?rest_route=\/wp\/v2\/posts"}],"about":[{"href":"https:\/\/radiorevelacionfm.cl\/index.php?rest_route=\/wp\/v2\/types\/post"}],"author":[{"embeddable":true,"href":"https:\/\/radiorevelacionfm.cl\/index.php?rest_route=\/wp\/v2\/users\/1"}],"replies":[{"embeddable":true,"href":"https:\/\/radiorevelacionfm.cl\/index.php?rest_route=%2Fwp%2Fv2%2Fcomments&post=52315"}],"version-history":[{"count":3,"href":"https:\/\/radiorevelacionfm.cl\/index.php?rest_route=\/wp\/v2\/posts\/52315\/revisions"}],"predecessor-version":[{"id":52328,"href":"https:\/\/radiorevelacionfm.cl\/index.php?rest_route=\/wp\/v2\/posts\/52315\/revisions\/52328"}],"wp:featuredmedia":[{"embeddable":true,"href":"https:\/\/radiorevelacionfm.cl\/index.php?rest_route=\/wp\/v2\/media\/52316"}],"wp:attachment":[{"href":"https:\/\/radiorevelacionfm.cl\/index.php?rest_route=%2Fwp%2Fv2%2Fmedia&parent=52315"}],"wp:term":[{"taxonomy":"category","embeddable":true,"href":"https:\/\/radiorevelacionfm.cl\/index.php?rest_route=%2Fwp%2Fv2%2Fcategories&post=52315"},{"taxonomy":"post_tag","embeddable":true,"href":"https:\/\/radiorevelacionfm.cl\/index.php?rest_route=%2Fwp%2Fv2%2Ftags&post=52315"}],"curies":[{"name":"wp","href":"https:\/\/api.w.org\/{rel}","templated":true}]}}