{"id":52312,"date":"2025-04-07T17:04:25","date_gmt":"2025-04-07T20:04:25","guid":{"rendered":"https:\/\/radiorevelacionfm.cl\/?p=52312"},"modified":"2025-04-07T17:04:25","modified_gmt":"2025-04-07T20:04:25","slug":"trece-profesionales-medicos-y-dentistas-se-suman-a-la-red-asistencial-de-aysen","status":"publish","type":"post","link":"https:\/\/radiorevelacionfm.cl\/?p=52312","title":{"rendered":"Trece profesionales m\u00e9dicos y dentistas se suman a la Red Asistencial de Ays\u00e9n"},"content":{"rendered":"<div class=\"flex_column av_one_full  flex_column_div av-zero-column-padding first  avia-builder-el-0  el_before_av_one_full  avia-builder-el-first  \" style='border-radius:0px; '><div  class='avia-image-container  av-styling-    avia-builder-el-1  avia-builder-el-no-sibling  avia-align-center '  itemprop=\"image\" itemscope=\"itemscope\" itemtype=\"https:\/\/schema.org\/ImageObject\"  ><div class='avia-image-container-inner'><div class='avia-image-overlay-wrap'><img decoding=\"async\" class='wp-image-52313 avia-img-lazy-loading-not-52313 avia_image' src=\"https:\/\/radiorevelacionfm.cl\/wp-content\/uploads\/2025\/04\/EDF-1-1-1.jpg\" alt='' title='EDF 1 (1) (1)' height=\"600\" width=\"800\"  itemprop=\"thumbnailUrl\" srcset=\"https:\/\/radiorevelacionfm.cl\/wp-content\/uploads\/2025\/04\/EDF-1-1-1.jpg 800w, https:\/\/radiorevelacionfm.cl\/wp-content\/uploads\/2025\/04\/EDF-1-1-1-300x225.jpg 300w, https:\/\/radiorevelacionfm.cl\/wp-content\/uploads\/2025\/04\/EDF-1-1-1-768x576.jpg 768w, https:\/\/radiorevelacionfm.cl\/wp-content\/uploads\/2025\/04\/EDF-1-1-1-705x529.jpg 705w, https:\/\/radiorevelacionfm.cl\/wp-content\/uploads\/2025\/04\/EDF-1-1-1-450x338.jpg 450w, https:\/\/radiorevelacionfm.cl\/wp-content\/uploads\/2025\/04\/EDF-1-1-1-600x450.jpg 600w\" sizes=\"(max-width: 800px) 100vw, 800px\" \/><\/div><\/div><\/div><\/div><div class=\"flex_column av_one_full  flex_column_div av-zero-column-padding first  avia-builder-el-2  el_after_av_one_full  el_before_av_one_full  column-top-margin\" style='border-radius:0px; '><section class=\"av_textblock_section \"  itemscope=\"itemscope\" itemtype=\"https:\/\/schema.org\/BlogPosting\" itemprop=\"blogPost\" ><div class='avia_textblock  '   itemprop=\"text\" ><p style=\"text-align: center;\"><strong><span style=\"font-size: 18pt;\">Trece profesionales m\u00e9dicos y dentistas se suman a la Red Asistencial de Ays\u00e9n<\/span><\/strong><\/p>\n<div id=\"gtx-trans\" style=\"position: absolute; left: -50px; top: 4.31534px;\">\n<div class=\"gtx-trans-icon\"><\/div>\n<\/div>\n<\/div><\/section><\/div><div class=\"flex_column av_one_full  flex_column_div av-zero-column-padding first  avia-builder-el-4  el_after_av_one_full  el_before_av_hr  column-top-margin\" style='border-radius:0px; '><section class=\"av_textblock_section \"  itemscope=\"itemscope\" itemtype=\"https:\/\/schema.org\/BlogPosting\" itemprop=\"blogPost\" ><div class='avia_textblock  '   itemprop=\"text\" ><p style=\"font-weight: 400; text-align: justify;\">Nueve m\u00e9dicos y cuatro dentistas se suman al trabajo que despliega la Red Asistencial de Ays\u00e9n. Se trata de j\u00f3venes profesionales en etapa de destinaci\u00f3n y formaci\u00f3n (EDF), una estrategia que forma parte del Plan Nacional de Inversi\u00f3n P\u00fablica en Salud.<\/p>\n<p style=\"font-weight: 400; text-align: justify;\">\u201cEstos nueve m\u00e9dicos y cuatro odont\u00f3logos vienen a hacer el recambio de las personas que ya cumplen su periodo. La llegada de estos profesionales nos permite dar equidad en los distintos territorios, dar la atenci\u00f3n necesaria que requieren las personas con las particularidades que tiene la regi\u00f3n, as\u00ed que estamos felices de recibir estos trece profesionales que se suman a la Red Asistencial\u201d, precis\u00f3 Juan Pablo Bravo, director del Servicio de Salud Ays\u00e9n (SSA).<\/p>\n<p style=\"font-weight: 400; text-align: justify;\">El plan destina profesionales m\u00e9dicos y odont\u00f3logos, a localidades vulnerables de nuestro pa\u00eds con dif\u00edcil acceso a la atenci\u00f3n de salud por motivos geogr\u00e1ficos, clim\u00e1ticos y socioecon\u00f3micos.<\/p>\n<p style=\"font-weight: 400; text-align: justify;\">\u201cEstamos muy contentos, sabemos que el desaf\u00edo principal es poder motivarles y darle continuidad al desarrollo del modelo de salud familiar y comunitario y por cierto reforzar este v\u00ednculo importante entre los equipos de cabecera de las zonas rurales con sus comunidades, porque es la forma de levantar con m\u00e1s pertinencia la salud en nuestra regi\u00f3n. Como Gobierno vamos a seguir impulsando todas estas estrategias que vienen en beneficio de darles pertinencia al desarrollo territorial, pero m\u00e1s a\u00fan avanzar en la resolutividad que es lo que necesitamos como pa\u00eds y particularmente como regi\u00f3n\u201d, se\u00f1al\u00f3 Carmen Gloria Monsalve, Seremi de Salud Ays\u00e9n.<\/p>\n<p style=\"font-weight: 400; text-align: justify;\">Con la incorporaci\u00f3n de los profesionales en este a\u00f1o 2025 ser\u00e1n un total 70 M\u00e9dicos Cirujanos EDF Art. 8 y un total de 09 Cirujanos Dentistas EDF Art. 8 en etapa de destinaci\u00f3n, en los Establecimientos de la Red del Servicio de Salud Ays\u00e9n.<\/p>\n<p style=\"font-weight: 400; text-align: justify;\">\u201cEste es un trabajo mancomunado que ha desarrollado el Gobierno Regional de Ays\u00e9n con el Servicio de Salud para mejorar la calidad de vida de la gente de Ays\u00e9n\u201d, mencion\u00f3 Dominique Brautigam, en representaci\u00f3n del gobernador Marcelo Santana.<\/p>\n<p style=\"font-weight: 400; text-align: justify;\">Los j\u00f3venes estar\u00e1n destinados desde La Junta a Villa O\u2019Higgins, en una pol\u00edtica p\u00fablica que data de 1955 y que busca reducir la brecha de m\u00e9dicos generales en zonas aisladas del pa\u00eds.<\/p>\n<p style=\"font-weight: 400; text-align: justify;\">Juan Aguilar, odont\u00f3logo que se trasladar\u00e1 a Villa O\u2019Higgins, coment\u00f3 acerca de lo que conoce de la localidad m\u00e1s austral de Ays\u00e9n. \u201cS\u00e9 que hay muy poquitas personas, que es una comunidad que se quiere y se aportan mucho entre todos. Es el lugar m\u00e1s remoto de la regi\u00f3n de Ays\u00e9n y espero aportar lo m\u00e1s que pueda a la comunidad\u201d, puntualiz\u00f3.<\/p>\n<p style=\"font-weight: 400; text-align: justify;\">Mientras el m\u00e9dico Juan Pablo Monta\u00f1o, vi\u00f1amarino con tres d\u00edas en la regi\u00f3n, dijo sentirse encantado del sur del pa\u00eds y agreg\u00f3 que \u201ca partir del jueves comenzamos a trabajar en el CESFAM de Puerto Ays\u00e9n\u201d.<\/p>\n<p style=\"font-weight: 400; text-align: justify;\">Por su parte Marcelo Cornejo de San Javier y quien se desempe\u00f1ar\u00e1 en Caleta Andrade, se\u00f1al\u00f3 que \u201cde lo que conozco de la isla es que son 1300 personas respecto al INE del 2018, se comunican mediante barcaza y los traslados se hacen v\u00eda a\u00e9rea o mar\u00edtima coordinado con la Armada\u201d.<\/p>\n<p style=\"font-weight: 400; text-align: justify;\">Una vez ingresado a la EDF, el per\u00edodo de destinaci\u00f3n dura entre 3 y 6 a\u00f1os, desempe\u00f1\u00e1ndose el m\u00e9dico cirujano y cirujano dentista en Establecimientos de Atenci\u00f3n Primaria de Salud u Hospitales de Baja Complejidad, otorgando atenciones de APS, de urgencias y hospitalizaci\u00f3n.<\/p>\n<p style=\"font-weight: 400; text-align: justify;\">\u201cPoder contribuir con mejorar la calidad de vida desde mi \u00e1rea, la odontolog\u00eda, aportar tambi\u00e9n desde la prevenci\u00f3n y promoci\u00f3n en salud para disminuir las brechas que existen en salud en una regi\u00f3n que tiene tantas condiciones dif\u00edciles como la dispersi\u00f3n geogr\u00e1fica y de alguna manera mejorar la equidad en salud\u201d, expres\u00f3 Daniela Figueroa, quien trabajar\u00e1 en el CESFAM La Junta.<\/p>\n<p style=\"font-weight: 400; text-align: justify;\">Melinka, La Junta, Villa O\u2019Higgins, Villa Ma\u00f1ihuales, Puerto Cisnes, Caleta Andrade, Puerto Ays\u00e9n y Chile Chico son parte de las comunas que se ver\u00e1n directamente beneficiadas con su llegada.<\/p>\n<\/div><\/section><\/div><div  style='height:50px' class='hr hr-invisible   avia-builder-el-6  el_after_av_one_full  el_before_av_social_share '><span class='hr-inner ' ><span class='hr-inner-style'><\/span><\/span><\/div><\/p>\n<div  class='av-social-sharing-box  avia-builder-el-7  el_after_av_hr  el_before_av_hr  '><div class='av-share-box'><h5 class='av-share-link-description av-no-toc '>Compartir esta noticia<\/h5><ul class='av-share-box-list noLightbox'><li class='av-share-link av-social-link-facebook' ><a target=\"_blank\" aria-label=\"Compartir en Facebook\" href='https:\/\/www.facebook.com\/sharer.php?u=https:\/\/radiorevelacionfm.cl\/?p=52312&#038;t=Trece%20profesionales%20m%C3%A9dicos%20y%20dentistas%20se%20suman%20a%20la%20Red%20Asistencial%20de%20Ays%C3%A9n' aria-hidden='false' data-av_icon='\ue8f3' data-av_iconfont='entypo-fontello' title='' data-avia-related-tooltip='Compartir en Facebook' rel=\"noopener\"><span class='avia_hidden_link_text'>Compartir en Facebook<\/span><\/a><\/li><li class='av-share-link av-social-link-twitter' ><a target=\"_blank\" aria-label=\"Compartir en Twitter\" href='https:\/\/twitter.com\/share?text=Trece%20profesionales%20m%C3%A9dicos%20y%20dentistas%20se%20suman%20a%20la%20Red%20Asistencial%20de%20Ays%C3%A9n&#038;url=https:\/\/radiorevelacionfm.cl\/?p=52312' aria-hidden='false' data-av_icon='\ue8f1' data-av_iconfont='entypo-fontello' title='' data-avia-related-tooltip='Compartir en Twitter' rel=\"noopener\"><span class='avia_hidden_link_text'>Compartir en Twitter<\/span><\/a><\/li><li class='av-share-link av-social-link-whatsapp' ><a target=\"_blank\" aria-label=\"Compartir en Whatsapp\" href='https:\/\/api.whatsapp.com\/send?text=https:\/\/radiorevelacionfm.cl\/?p=52312' aria-hidden='false' data-av_icon='\uf232' data-av_iconfont='entypo-fontello' title='' data-avia-related-tooltip='Compartir en Whatsapp' rel=\"noopener\"><span class='avia_hidden_link_text'>Compartir en Whatsapp<\/span><\/a><\/li><li class='av-share-link av-social-link-linkedin' ><a target=\"_blank\" aria-label=\"Compartir en LinkedIn\" href='https:\/\/linkedin.com\/shareArticle?mini=true&#038;title=Trece%20profesionales%20m%C3%A9dicos%20y%20dentistas%20se%20suman%20a%20la%20Red%20Asistencial%20de%20Ays%C3%A9n&#038;url=https:\/\/radiorevelacionfm.cl\/?p=52312' aria-hidden='false' data-av_icon='\ue8fc' data-av_iconfont='entypo-fontello' title='' data-avia-related-tooltip='Compartir en LinkedIn' rel=\"noopener\"><span class='avia_hidden_link_text'>Compartir en LinkedIn<\/span><\/a><\/li><li class='av-share-link av-social-link-mail' ><a  aria-label=\"Compartir por correo\" href='mailto:?subject=Trece%20profesionales%20m%C3%A9dicos%20y%20dentistas%20se%20suman%20a%20la%20Red%20Asistencial%20de%20Ays%C3%A9n&#038;body=https:\/\/radiorevelacionfm.cl\/?p=52312' aria-hidden='false' data-av_icon='\ue805' data-av_iconfont='entypo-fontello' title='' data-avia-related-tooltip='Compartir por correo'><span class='avia_hidden_link_text'>Compartir por correo<\/span><\/a><\/li><\/ul><\/div><\/div>\n<div  style='height:50px' class='hr hr-invisible   avia-builder-el-8  el_after_av_social_share  el_before_av_comments_list '><span class='hr-inner ' ><span class='hr-inner-style'><\/span><\/span><\/div>\n<div  class='av-buildercomment  av-blog-meta-html-info-disabled av-blog-meta-tag-disabled  '><\/div>\n","protected":false},"excerpt":{"rendered":"","protected":false},"author":1,"featured_media":52313,"comment_status":"closed","ping_status":"closed","sticky":false,"template":"","format":"standard","meta":{"footnotes":""},"categories":[46],"tags":[],"class_list":["post-52312","post","type-post","status-publish","format-standard","has-post-thumbnail","hentry","category-salud"],"jetpack_featured_media_url":"https:\/\/radiorevelacionfm.cl\/wp-content\/uploads\/2025\/04\/EDF-1-1-1.jpg","_links":{"self":[{"href":"https:\/\/radiorevelacionfm.cl\/index.php?rest_route=\/wp\/v2\/posts\/52312","targetHints":{"allow":["GET"]}}],"collection":[{"href":"https:\/\/radiorevelacionfm.cl\/index.php?rest_route=\/wp\/v2\/posts"}],"about":[{"href":"https:\/\/radiorevelacionfm.cl\/index.php?rest_route=\/wp\/v2\/types\/post"}],"author":[{"embeddable":true,"href":"https:\/\/radiorevelacionfm.cl\/index.php?rest_route=\/wp\/v2\/users\/1"}],"replies":[{"embeddable":true,"href":"https:\/\/radiorevelacionfm.cl\/index.php?rest_route=%2Fwp%2Fv2%2Fcomments&post=52312"}],"version-history":[{"count":2,"href":"https:\/\/radiorevelacionfm.cl\/index.php?rest_route=\/wp\/v2\/posts\/52312\/revisions"}],"predecessor-version":[{"id":52318,"href":"https:\/\/radiorevelacionfm.cl\/index.php?rest_route=\/wp\/v2\/posts\/52312\/revisions\/52318"}],"wp:featuredmedia":[{"embeddable":true,"href":"https:\/\/radiorevelacionfm.cl\/index.php?rest_route=\/wp\/v2\/media\/52313"}],"wp:attachment":[{"href":"https:\/\/radiorevelacionfm.cl\/index.php?rest_route=%2Fwp%2Fv2%2Fmedia&parent=52312"}],"wp:term":[{"taxonomy":"category","embeddable":true,"href":"https:\/\/radiorevelacionfm.cl\/index.php?rest_route=%2Fwp%2Fv2%2Fcategories&post=52312"},{"taxonomy":"post_tag","embeddable":true,"href":"https:\/\/radiorevelacionfm.cl\/index.php?rest_route=%2Fwp%2Fv2%2Ftags&post=52312"}],"curies":[{"name":"wp","href":"https:\/\/api.w.org\/{rel}","templated":true}]}}