{"id":52308,"date":"2025-04-07T16:28:42","date_gmt":"2025-04-07T19:28:42","guid":{"rendered":"https:\/\/radiorevelacionfm.cl\/?p=52308"},"modified":"2025-04-07T16:28:42","modified_gmt":"2025-04-07T19:28:42","slug":"corte-de-coyhaique-ordena-a-municipio-remover-barras-de-seguridad-que-reducen-calzada-vehicular","status":"publish","type":"post","link":"https:\/\/radiorevelacionfm.cl\/?p=52308","title":{"rendered":"Corte de Coyhaique ordena a municipio remover barras de seguridad que reducen calzada vehicular"},"content":{"rendered":"<div class=\"flex_column av_one_full  flex_column_div av-zero-column-padding first  avia-builder-el-0  el_before_av_one_full  avia-builder-el-first  \" style='border-radius:0px; '><div  class='avia-image-container  av-styling-    avia-builder-el-1  avia-builder-el-no-sibling  avia-align-center '  itemprop=\"image\" itemscope=\"itemscope\" itemtype=\"https:\/\/schema.org\/ImageObject\"  ><div class='avia-image-container-inner'><div class='avia-image-overlay-wrap'><img decoding=\"async\" class='wp-image-52309 avia-img-lazy-loading-not-52309 avia_image' src=\"https:\/\/radiorevelacionfm.cl\/wp-content\/uploads\/2025\/04\/hitos-en-calles-coyhaique-1_optimized-1.jpg\" alt='' title='hitos-en-calles-coyhaique-(1)_optimized (1)' height=\"600\" width=\"945\"  itemprop=\"thumbnailUrl\" srcset=\"https:\/\/radiorevelacionfm.cl\/wp-content\/uploads\/2025\/04\/hitos-en-calles-coyhaique-1_optimized-1.jpg 945w, https:\/\/radiorevelacionfm.cl\/wp-content\/uploads\/2025\/04\/hitos-en-calles-coyhaique-1_optimized-1-300x190.jpg 300w, https:\/\/radiorevelacionfm.cl\/wp-content\/uploads\/2025\/04\/hitos-en-calles-coyhaique-1_optimized-1-768x488.jpg 768w, https:\/\/radiorevelacionfm.cl\/wp-content\/uploads\/2025\/04\/hitos-en-calles-coyhaique-1_optimized-1-705x448.jpg 705w, https:\/\/radiorevelacionfm.cl\/wp-content\/uploads\/2025\/04\/hitos-en-calles-coyhaique-1_optimized-1-450x286.jpg 450w, https:\/\/radiorevelacionfm.cl\/wp-content\/uploads\/2025\/04\/hitos-en-calles-coyhaique-1_optimized-1-600x381.jpg 600w\" sizes=\"(max-width: 945px) 100vw, 945px\" \/><\/div><\/div><\/div><\/div><div class=\"flex_column av_one_full  flex_column_div av-zero-column-padding first  avia-builder-el-2  el_after_av_one_full  el_before_av_one_full  column-top-margin\" style='border-radius:0px; '><section class=\"av_textblock_section \"  itemscope=\"itemscope\" itemtype=\"https:\/\/schema.org\/BlogPosting\" itemprop=\"blogPost\" ><div class='avia_textblock  '   itemprop=\"text\" ><p style=\"text-align: center;\"><strong><span style=\"font-size: 18pt;\">Corte de Coyhaique ordena a municipio remover barras de seguridad que reducen calzada vehicular<\/span><\/strong><\/p>\n<div id=\"gtx-trans\" style=\"position: absolute; left: -50px; top: 4.31534px;\">\n<div class=\"gtx-trans-icon\"><\/div>\n<\/div>\n<\/div><\/section><\/div><div class=\"flex_column av_one_full  flex_column_div av-zero-column-padding first  avia-builder-el-4  el_after_av_one_full  el_before_av_hr  column-top-margin\" style='border-radius:0px; '><section class=\"av_textblock_section \"  itemscope=\"itemscope\" itemtype=\"https:\/\/schema.org\/BlogPosting\" itemprop=\"blogPost\" ><div class='avia_textblock  '   itemprop=\"text\" ><p class=\"v1MsoNormal\" style=\"text-align: justify;\">La Corte de Apelaciones de Coyhaique acogi\u00f3 el recurso de protecci\u00f3n deducido y orden\u00f3 el retiro de los hitos o barras de seguridad instaladas en la intersecci\u00f3n de las calles Col\u00f3n y Lautaro de la ciudad, por no contar con sustento legal o t\u00e9cnico de autoridad competente.<\/p>\n<p class=\"v1MsoNormal\" style=\"text-align: justify;\">En fallo un\u00e1nime (causa rol 28-2025), la Primera Sala del Tribunal de alzada \u2013integrada por los ministros Pedro Castro Espinoza, Jos\u00e9 Ignacio Mora Trujillo y Natalia Rencoret Oliva\u2013acogi\u00f3 la acci\u00f3n constitucional, tras establecer el actuar arbitrario y desproporcionado a la Municipalidad de Coyhaique.<\/p>\n<p class=\"v1MsoNormal\" style=\"text-align: justify;\">\u00ab(&#8230;) sumado a la falta de sustento normativo del acto recurrido, se observa una falta de razonabilidad y proporcionalidad en el actuar de la recurrida, lo que torna su actuar en arbitrario, puesto que del estudio citado se evidencia que en la intersecci\u00f3n de la calles Col\u00f3n con Lautaro, existe poco tr\u00e1nsito, pudiendo haberse optado por otro tipo de medidas alternativas para salvar las dificultades pesquisadas en el referido informe, tales como: pasos peatonales o una menor cantidad de hitos, no siendo proporcional, entonces, la instalaci\u00f3n de hitos en la cantidad que se hizo, los que reducen la calzada a una sola pista y perjudican la propiedad de los recurrentes y el libre tr\u00e1nsito de las personas\u00bb, sostiene el fallo.<\/p>\n<p class=\"v1MsoNormal\" style=\"text-align: justify;\">La resoluci\u00f3n agrega: \u00abQue, a mayor abundamiento, el propio estudio invocado por la recurrida, realizado por el Ministerio de Transportes y Telecomunicaciones, denominado &#8216;AN\u00c1LISIS DE PUNTOS CONGESTIONADOS EN LAS COMUNAS DE AYS\u00c9N Y COYHAIQUE&#8217;, data del a\u00f1o 2022 y corresponde a un levantamiento realizado en plena \u00e9poca de pandemia, donde el tr\u00e1nsito vehicular y de personas difiere con creces del existente hoy en d\u00eda, encontr\u00e1ndose dicho estudio desactualizado y, si bien, pudiera inferirse, por el contrario, que la normalizaci\u00f3n del tr\u00e1nsito en las v\u00edas tras ese fen\u00f3meno pand\u00e9mico ha acarreado l\u00f3gicamente un incremento de flujo vehicular y de personas en el \u00e1rea, las cifras hechas valer al efecto tampoco hacen plausible la adopci\u00f3n de una medida tan radical como la escogida, que ha provocado la reducci\u00f3n de uso a la mitad de la calzada por la instalaci\u00f3n de los mentados hitos en su eje izquierdo\u00bb.<\/p>\n<p class=\"v1MsoNormal\" style=\"text-align: justify;\">\u00a0\u00abQue, por lo antes razonado, esta Corte estima que la situaci\u00f3n f\u00e1ctica descrita en los considerandos precedentes puede ser calificada como un acto arbitrario e ilegal, desde que el actuar de la Municipalidad recurrida no encuentra sustento en una norma legal o t\u00e9cnica de car\u00e1cter general emanada de la autoridad competente, adem\u00e1s de no resultar razonable ni proporcional a los fines perseguidos, conforme a lo ya apuntado, por lo que habr\u00e1 de acogerse la presente acci\u00f3n constitucional, como se dir\u00e1, ya que restringir el uso de un bien nacional de uso p\u00fablico en los t\u00e9rminos descritos constituye una decisi\u00f3n unilateral que configura una privaci\u00f3n, perturbaci\u00f3n y amenaza en el leg\u00edtimo ejercicio de los derechos de los recurrentes, en particular, de la garant\u00eda consagrada en el art\u00edculo 19 n\u00famero 24 de la Constituci\u00f3n Pol\u00edtica del Estado de Chile, al haberse traducido tanto en la afectaci\u00f3n del empleo de un recinto habilitado como estacionamiento comercial por m\u00e1s de una d\u00e9cada, sino con la autorizaci\u00f3n al menos con la aquiescencia municipal, as\u00ed como ha resultado demostrado, con la evidencia fotogr\u00e1fica aparejada, que se ha obstaculizado objetivamente el acceso a un inmueble habitacional de dominio privado\u00bb, concluye.<\/p>\n<p class=\"v1MsoNormal\" style=\"text-align: justify;\">Por tanto, se resuelve que: \u00ab<b>SE ACOGE<\/b>\u00a0el recurso de protecci\u00f3n deducido por Adolfo Segundo Formantel Ruiz y Adela del Tr\u00e1nsito Montiel Barr\u00eda, en contra de la Ilustre Municipalidad de Coyhaique, representada legalmente por su alcalde, Carlos Gatica Villegas y, en consecuencia, se ordena a la recurrida remover los hitos o barras de seguridad instaladas en la intersecci\u00f3n de calle Col\u00f3n con Lautaro, reponiendo a su estado primitivo el eje izquierdo de la calzada, permitiendo el tr\u00e1nsito vehicular por ambos lados de calle Crist\u00f3bal Col\u00f3n\u00bb.<\/p>\n<\/div><\/section><\/div><div  style='height:50px' class='hr hr-invisible   avia-builder-el-6  el_after_av_one_full  el_before_av_social_share '><span class='hr-inner ' ><span class='hr-inner-style'><\/span><\/span><\/div><\/p>\n<div  class='av-social-sharing-box  avia-builder-el-7  el_after_av_hr  el_before_av_hr  '><div class='av-share-box'><h5 class='av-share-link-description av-no-toc '>Compartir esta noticia<\/h5><ul class='av-share-box-list noLightbox'><li class='av-share-link av-social-link-facebook' ><a target=\"_blank\" aria-label=\"Compartir en Facebook\" href='https:\/\/www.facebook.com\/sharer.php?u=https:\/\/radiorevelacionfm.cl\/?p=52308&#038;t=Corte%20de%20Coyhaique%20ordena%20a%20municipio%20remover%20barras%20de%20seguridad%20que%20reducen%20calzada%20vehicular' aria-hidden='false' data-av_icon='\ue8f3' data-av_iconfont='entypo-fontello' title='' data-avia-related-tooltip='Compartir en Facebook' rel=\"noopener\"><span class='avia_hidden_link_text'>Compartir en Facebook<\/span><\/a><\/li><li class='av-share-link av-social-link-twitter' ><a target=\"_blank\" aria-label=\"Compartir en Twitter\" href='https:\/\/twitter.com\/share?text=Corte%20de%20Coyhaique%20ordena%20a%20municipio%20remover%20barras%20de%20seguridad%20que%20reducen%20calzada%20vehicular&#038;url=https:\/\/radiorevelacionfm.cl\/?p=52308' aria-hidden='false' data-av_icon='\ue8f1' data-av_iconfont='entypo-fontello' title='' data-avia-related-tooltip='Compartir en Twitter' rel=\"noopener\"><span class='avia_hidden_link_text'>Compartir en Twitter<\/span><\/a><\/li><li class='av-share-link av-social-link-whatsapp' ><a target=\"_blank\" aria-label=\"Compartir en Whatsapp\" href='https:\/\/api.whatsapp.com\/send?text=https:\/\/radiorevelacionfm.cl\/?p=52308' aria-hidden='false' data-av_icon='\uf232' data-av_iconfont='entypo-fontello' title='' data-avia-related-tooltip='Compartir en Whatsapp' rel=\"noopener\"><span class='avia_hidden_link_text'>Compartir en Whatsapp<\/span><\/a><\/li><li class='av-share-link av-social-link-linkedin' ><a target=\"_blank\" aria-label=\"Compartir en LinkedIn\" href='https:\/\/linkedin.com\/shareArticle?mini=true&#038;title=Corte%20de%20Coyhaique%20ordena%20a%20municipio%20remover%20barras%20de%20seguridad%20que%20reducen%20calzada%20vehicular&#038;url=https:\/\/radiorevelacionfm.cl\/?p=52308' aria-hidden='false' data-av_icon='\ue8fc' data-av_iconfont='entypo-fontello' title='' data-avia-related-tooltip='Compartir en LinkedIn' rel=\"noopener\"><span class='avia_hidden_link_text'>Compartir en LinkedIn<\/span><\/a><\/li><li class='av-share-link av-social-link-mail' ><a  aria-label=\"Compartir por correo\" href='mailto:?subject=Corte%20de%20Coyhaique%20ordena%20a%20municipio%20remover%20barras%20de%20seguridad%20que%20reducen%20calzada%20vehicular&#038;body=https:\/\/radiorevelacionfm.cl\/?p=52308' aria-hidden='false' data-av_icon='\ue805' data-av_iconfont='entypo-fontello' title='' data-avia-related-tooltip='Compartir por correo'><span class='avia_hidden_link_text'>Compartir por correo<\/span><\/a><\/li><\/ul><\/div><\/div>\n<div  style='height:50px' class='hr hr-invisible   avia-builder-el-8  el_after_av_social_share  el_before_av_comments_list '><span class='hr-inner ' ><span class='hr-inner-style'><\/span><\/span><\/div>\n<div  class='av-buildercomment  av-blog-meta-html-info-disabled av-blog-meta-tag-disabled  '><\/div>\n","protected":false},"excerpt":{"rendered":"","protected":false},"author":1,"featured_media":52309,"comment_status":"closed","ping_status":"closed","sticky":false,"template":"","format":"standard","meta":{"footnotes":""},"categories":[55],"tags":[],"class_list":["post-52308","post","type-post","status-publish","format-standard","has-post-thumbnail","hentry","category-justicia"],"jetpack_featured_media_url":"https:\/\/radiorevelacionfm.cl\/wp-content\/uploads\/2025\/04\/hitos-en-calles-coyhaique-1_optimized-1.jpg","_links":{"self":[{"href":"https:\/\/radiorevelacionfm.cl\/index.php?rest_route=\/wp\/v2\/posts\/52308","targetHints":{"allow":["GET"]}}],"collection":[{"href":"https:\/\/radiorevelacionfm.cl\/index.php?rest_route=\/wp\/v2\/posts"}],"about":[{"href":"https:\/\/radiorevelacionfm.cl\/index.php?rest_route=\/wp\/v2\/types\/post"}],"author":[{"embeddable":true,"href":"https:\/\/radiorevelacionfm.cl\/index.php?rest_route=\/wp\/v2\/users\/1"}],"replies":[{"embeddable":true,"href":"https:\/\/radiorevelacionfm.cl\/index.php?rest_route=%2Fwp%2Fv2%2Fcomments&post=52308"}],"version-history":[{"count":2,"href":"https:\/\/radiorevelacionfm.cl\/index.php?rest_route=\/wp\/v2\/posts\/52308\/revisions"}],"predecessor-version":[{"id":52311,"href":"https:\/\/radiorevelacionfm.cl\/index.php?rest_route=\/wp\/v2\/posts\/52308\/revisions\/52311"}],"wp:featuredmedia":[{"embeddable":true,"href":"https:\/\/radiorevelacionfm.cl\/index.php?rest_route=\/wp\/v2\/media\/52309"}],"wp:attachment":[{"href":"https:\/\/radiorevelacionfm.cl\/index.php?rest_route=%2Fwp%2Fv2%2Fmedia&parent=52308"}],"wp:term":[{"taxonomy":"category","embeddable":true,"href":"https:\/\/radiorevelacionfm.cl\/index.php?rest_route=%2Fwp%2Fv2%2Fcategories&post=52308"},{"taxonomy":"post_tag","embeddable":true,"href":"https:\/\/radiorevelacionfm.cl\/index.php?rest_route=%2Fwp%2Fv2%2Ftags&post=52308"}],"curies":[{"name":"wp","href":"https:\/\/api.w.org\/{rel}","templated":true}]}}