{"id":52294,"date":"2025-04-08T12:41:53","date_gmt":"2025-04-08T15:41:53","guid":{"rendered":"https:\/\/radiorevelacionfm.cl\/?p=52294"},"modified":"2025-04-08T12:41:53","modified_gmt":"2025-04-08T15:41:53","slug":"corte-de-coyhaique-y-academia-judicial-desarrollaron-seminario-sobre-derecho-administrativo-en-la-labor-judicial","status":"publish","type":"post","link":"https:\/\/radiorevelacionfm.cl\/?p=52294","title":{"rendered":"Corte de Coyhaique y Academia Judicial desarrollaron seminario sobre Derecho Administrativo en la labor judicial"},"content":{"rendered":"<div class=\"flex_column av_one_full  flex_column_div av-zero-column-padding first  avia-builder-el-0  el_before_av_one_full  avia-builder-el-first  \" style='border-radius:0px; '><div  class='avia-image-container  av-styling-    avia-builder-el-1  avia-builder-el-no-sibling  avia-align-center '  itemprop=\"image\" itemscope=\"itemscope\" itemtype=\"https:\/\/schema.org\/ImageObject\"  ><div class='avia-image-container-inner'><div class='avia-image-overlay-wrap'><img decoding=\"async\" class='wp-image-52295 avia-img-lazy-loading-not-52295 avia_image' src=\"https:\/\/radiorevelacionfm.cl\/wp-content\/uploads\/2025\/04\/foto-4-academia-judicial-1_optimized-1.jpg\" alt='' title='foto-4-academia-judicial-(1)_optimized (1)' height=\"600\" width=\"1469\"  itemprop=\"thumbnailUrl\" srcset=\"https:\/\/radiorevelacionfm.cl\/wp-content\/uploads\/2025\/04\/foto-4-academia-judicial-1_optimized-1.jpg 1469w, https:\/\/radiorevelacionfm.cl\/wp-content\/uploads\/2025\/04\/foto-4-academia-judicial-1_optimized-1-300x123.jpg 300w, https:\/\/radiorevelacionfm.cl\/wp-content\/uploads\/2025\/04\/foto-4-academia-judicial-1_optimized-1-1030x421.jpg 1030w, https:\/\/radiorevelacionfm.cl\/wp-content\/uploads\/2025\/04\/foto-4-academia-judicial-1_optimized-1-768x314.jpg 768w, https:\/\/radiorevelacionfm.cl\/wp-content\/uploads\/2025\/04\/foto-4-academia-judicial-1_optimized-1-705x288.jpg 705w, https:\/\/radiorevelacionfm.cl\/wp-content\/uploads\/2025\/04\/foto-4-academia-judicial-1_optimized-1-450x184.jpg 450w, https:\/\/radiorevelacionfm.cl\/wp-content\/uploads\/2025\/04\/foto-4-academia-judicial-1_optimized-1-600x245.jpg 600w\" sizes=\"(max-width: 1469px) 100vw, 1469px\" \/><\/div><\/div><\/div><\/div><div class=\"flex_column av_one_full  flex_column_div av-zero-column-padding first  avia-builder-el-2  el_after_av_one_full  el_before_av_one_full  column-top-margin\" style='border-radius:0px; '><section class=\"av_textblock_section \"  itemscope=\"itemscope\" itemtype=\"https:\/\/schema.org\/BlogPosting\" itemprop=\"blogPost\" ><div class='avia_textblock  '   itemprop=\"text\" ><p style=\"text-align: center;\"><span style=\"font-size: 18pt;\"><b>Corte de Coyhaique y Academia Judicial desarrollaron seminario sobre Derecho Administrativo en la labor judicial<\/b><\/span><\/p>\n<div id=\"gtx-trans\" style=\"position: absolute; left: -50px; top: 4.31534px;\">\n<div class=\"gtx-trans-icon\"><\/div>\n<\/div>\n<\/div><\/section><\/div><div class=\"flex_column av_one_full  flex_column_div av-zero-column-padding first  avia-builder-el-4  el_after_av_one_full  el_before_av_hr  column-top-margin\" style='border-radius:0px; '><section class=\"av_textblock_section \"  itemscope=\"itemscope\" itemtype=\"https:\/\/schema.org\/BlogPosting\" itemprop=\"blogPost\" ><div class='avia_textblock  '   itemprop=\"text\" ><p class=\"v1MsoNormal\" style=\"text-align: justify;\">El pasado jueves 3 de abril se realiz\u00f3 la primera actividad de extensi\u00f3n del a\u00f1o 2025, organizada por la Corte de Apelaciones de Coyhaique y la Academia Judicial. El seminario trat\u00f3 sobre los \u00abAspectos esenciales del Derecho Administrativo para la labor judicial\u00bb, que cont\u00f3 con la participaci\u00f3n presencial y virtual de m\u00e1s de 50 abogados.<\/p>\n<p class=\"v1MsoNormal\" style=\"text-align: justify;\">La actividad fue inaugurada por el ministro de la Corte de Apelaciones, Luis Aedo Mora, y tuvo la presencia de la ministra Natalia Rencoret Oliva.<\/p>\n<p class=\"v1MsoNormal\" style=\"text-align: justify;\">En la instancia se trataron los principales alcances de la Ley 21.180 de Transformaci\u00f3n Digital del Estado y Recursos y acciones contencioso-administrativos en Chile\u00bb.<\/p>\n<p class=\"v1MsoNormal\" style=\"text-align: justify;\">\u00abHemos tenido una jornada impecable, con la asistencia de casi medio centenar de colegas, tanto del \u00e1mbito judicial como de los distintos \u00f3rganos relacionados en esta regi\u00f3n, lo cual nos satisface enormemente porque en buena medida demuestra que este tipo de actividades tienen acogida en la comunidad jur\u00eddica porque contribuyen precisamente a brindarnos un ba\u00f1o de conocimientos de actualizaci\u00f3n en materia jur\u00eddica, la cual anhelamos permanentemente. Adem\u00e1s, agradecer a la profesora, a la Academia Judicial, por el apoyo en el d\u00eda de hoy y desde ya invitar a la comunidad jur\u00eddica en general a estar atentos a futuras actividades\u00bb, sostuvo el ministro Luis Aedo.<\/p>\n<p class=\"v1MsoNormal\" style=\"text-align: justify;\">En tanto, la docente de Derecho Administrativo de la Universidad de Los Andes, Rosa G\u00f3mez Gonz\u00e1lez, expres\u00f3 que \u00abla charla ha tenido como eje central analizar las principales reformas que la Ley 21.180 que incorpor\u00f3 a la Ley de Tramitaci\u00f3n de los Procedimientos Administrativos. De manera adicional, tambi\u00e9n tuvimos la ocasi\u00f3n de conversar sobre las acciones y recursos contencioso administrativo, discutiendo un poco de la situaci\u00f3n actual de los tribunales, as\u00ed como de las distintas incidencias que se producen en los contextos donde los tribunales conocen. Por ejemplo, en las acciones de protecci\u00f3n y todas las problem\u00e1ticas que se producen a partir de ello\u00bb.<\/p>\n<p class=\"v1MsoNormal\" style=\"text-align: justify;\"><b>Conversatorio sobre Responsabilidad Civil<\/b><\/p>\n<p class=\"v1MsoNormal\" style=\"text-align: justify;\">En este ciclo de charlas y seminarios la Corte de Apelaciones suma una nueva instancia de capacitaci\u00f3n, se trata de un conversatorio sobre \u00abResponsabilidad Civil\u00bb, que se efectuar\u00e1 este viernes 11 de abril a las 15:00 horas, que es dirigida a la comunidad jur\u00eddica e interesados.<\/p>\n<p class=\"v1MsoNormal\" style=\"text-align: justify;\">Esta iniciativa es organizada en conjunto con la Asociaci\u00f3n de Magistradas y Magistrados de Ays\u00e9n y la Fundaci\u00f3n Fernando Fueyo Laneri, de la Universidad Diego Portales.<\/p>\n<p class=\"v1MsoNormal\" style=\"text-align: justify;\">Las inscripciones para participar de manera presencial o virtual ser\u00e1n hasta el 10 de abril de 2025 al correo\u00a0<a href=\"mailto:extensioncoyhaique@gmail.com\" rel=\"noreferrer\">extensioncoyhaique@gmail.com<\/a><\/p>\n<\/div><\/section><\/div><div  style='height:50px' class='hr hr-invisible   avia-builder-el-6  el_after_av_one_full  el_before_av_social_share '><span class='hr-inner ' ><span class='hr-inner-style'><\/span><\/span><\/div><\/p>\n<div  class='av-social-sharing-box  avia-builder-el-7  el_after_av_hr  el_before_av_hr  '><div class='av-share-box'><h5 class='av-share-link-description av-no-toc '>Compartir esta noticia<\/h5><ul class='av-share-box-list noLightbox'><li class='av-share-link av-social-link-facebook' ><a target=\"_blank\" aria-label=\"Compartir en Facebook\" href='https:\/\/www.facebook.com\/sharer.php?u=https:\/\/radiorevelacionfm.cl\/?p=52294&#038;t=Corte%20de%20Coyhaique%20y%20Academia%20Judicial%20desarrollaron%20seminario%20sobre%20Derecho%20Administrativo%20en%20la%20labor%20judicial' aria-hidden='false' data-av_icon='\ue8f3' data-av_iconfont='entypo-fontello' title='' data-avia-related-tooltip='Compartir en Facebook' rel=\"noopener\"><span class='avia_hidden_link_text'>Compartir en Facebook<\/span><\/a><\/li><li class='av-share-link av-social-link-twitter' ><a target=\"_blank\" aria-label=\"Compartir en Twitter\" href='https:\/\/twitter.com\/share?text=Corte%20de%20Coyhaique%20y%20Academia%20Judicial%20desarrollaron%20seminario%20sobre%20Derecho%20Administrativo%20en%20la%20labor%20judicial&#038;url=https:\/\/radiorevelacionfm.cl\/?p=52294' aria-hidden='false' data-av_icon='\ue8f1' data-av_iconfont='entypo-fontello' title='' data-avia-related-tooltip='Compartir en Twitter' rel=\"noopener\"><span class='avia_hidden_link_text'>Compartir en Twitter<\/span><\/a><\/li><li class='av-share-link av-social-link-whatsapp' ><a target=\"_blank\" aria-label=\"Compartir en Whatsapp\" href='https:\/\/api.whatsapp.com\/send?text=https:\/\/radiorevelacionfm.cl\/?p=52294' aria-hidden='false' data-av_icon='\uf232' data-av_iconfont='entypo-fontello' title='' data-avia-related-tooltip='Compartir en Whatsapp' rel=\"noopener\"><span class='avia_hidden_link_text'>Compartir en Whatsapp<\/span><\/a><\/li><li class='av-share-link av-social-link-linkedin' ><a target=\"_blank\" aria-label=\"Compartir en LinkedIn\" href='https:\/\/linkedin.com\/shareArticle?mini=true&#038;title=Corte%20de%20Coyhaique%20y%20Academia%20Judicial%20desarrollaron%20seminario%20sobre%20Derecho%20Administrativo%20en%20la%20labor%20judicial&#038;url=https:\/\/radiorevelacionfm.cl\/?p=52294' aria-hidden='false' data-av_icon='\ue8fc' data-av_iconfont='entypo-fontello' title='' data-avia-related-tooltip='Compartir en LinkedIn' rel=\"noopener\"><span class='avia_hidden_link_text'>Compartir en LinkedIn<\/span><\/a><\/li><li class='av-share-link av-social-link-mail' ><a  aria-label=\"Compartir por correo\" href='mailto:?subject=Corte%20de%20Coyhaique%20y%20Academia%20Judicial%20desarrollaron%20seminario%20sobre%20Derecho%20Administrativo%20en%20la%20labor%20judicial&#038;body=https:\/\/radiorevelacionfm.cl\/?p=52294' aria-hidden='false' data-av_icon='\ue805' data-av_iconfont='entypo-fontello' title='' data-avia-related-tooltip='Compartir por correo'><span class='avia_hidden_link_text'>Compartir por correo<\/span><\/a><\/li><\/ul><\/div><\/div>\n<div  style='height:50px' class='hr hr-invisible   avia-builder-el-8  el_after_av_social_share  el_before_av_comments_list '><span class='hr-inner ' ><span class='hr-inner-style'><\/span><\/span><\/div>\n<div  class='av-buildercomment  av-blog-meta-html-info-disabled av-blog-meta-tag-disabled  '><\/div>\n","protected":false},"excerpt":{"rendered":"","protected":false},"author":1,"featured_media":52295,"comment_status":"closed","ping_status":"closed","sticky":false,"template":"","format":"standard","meta":{"footnotes":""},"categories":[55],"tags":[],"class_list":["post-52294","post","type-post","status-publish","format-standard","has-post-thumbnail","hentry","category-justicia"],"jetpack_featured_media_url":"https:\/\/radiorevelacionfm.cl\/wp-content\/uploads\/2025\/04\/foto-4-academia-judicial-1_optimized-1.jpg","_links":{"self":[{"href":"https:\/\/radiorevelacionfm.cl\/index.php?rest_route=\/wp\/v2\/posts\/52294","targetHints":{"allow":["GET"]}}],"collection":[{"href":"https:\/\/radiorevelacionfm.cl\/index.php?rest_route=\/wp\/v2\/posts"}],"about":[{"href":"https:\/\/radiorevelacionfm.cl\/index.php?rest_route=\/wp\/v2\/types\/post"}],"author":[{"embeddable":true,"href":"https:\/\/radiorevelacionfm.cl\/index.php?rest_route=\/wp\/v2\/users\/1"}],"replies":[{"embeddable":true,"href":"https:\/\/radiorevelacionfm.cl\/index.php?rest_route=%2Fwp%2Fv2%2Fcomments&post=52294"}],"version-history":[{"count":2,"href":"https:\/\/radiorevelacionfm.cl\/index.php?rest_route=\/wp\/v2\/posts\/52294\/revisions"}],"predecessor-version":[{"id":52358,"href":"https:\/\/radiorevelacionfm.cl\/index.php?rest_route=\/wp\/v2\/posts\/52294\/revisions\/52358"}],"wp:featuredmedia":[{"embeddable":true,"href":"https:\/\/radiorevelacionfm.cl\/index.php?rest_route=\/wp\/v2\/media\/52295"}],"wp:attachment":[{"href":"https:\/\/radiorevelacionfm.cl\/index.php?rest_route=%2Fwp%2Fv2%2Fmedia&parent=52294"}],"wp:term":[{"taxonomy":"category","embeddable":true,"href":"https:\/\/radiorevelacionfm.cl\/index.php?rest_route=%2Fwp%2Fv2%2Fcategories&post=52294"},{"taxonomy":"post_tag","embeddable":true,"href":"https:\/\/radiorevelacionfm.cl\/index.php?rest_route=%2Fwp%2Fv2%2Ftags&post=52294"}],"curies":[{"name":"wp","href":"https:\/\/api.w.org\/{rel}","templated":true}]}}