{"id":52282,"date":"2025-04-07T12:29:09","date_gmt":"2025-04-07T15:29:09","guid":{"rendered":"https:\/\/radiorevelacionfm.cl\/?p=52282"},"modified":"2025-04-07T12:29:09","modified_gmt":"2025-04-07T15:29:09","slug":"en-coyhaique-la-gran-corrida-familiar-reunio-a-472-corredores-en-una-jornada-de-actividad-deportiva-en-la-pista-atletica-del-ind","status":"publish","type":"post","link":"https:\/\/radiorevelacionfm.cl\/?p=52282","title":{"rendered":"En Coyhaique la gran Corrida familiar reuni\u00f3 a 472 corredores en una jornada de actividad deportiva en la pista atl\u00e9tica del IND"},"content":{"rendered":"<div class=\"flex_column av_one_full  flex_column_div av-zero-column-padding first  avia-builder-el-0  el_before_av_one_full  avia-builder-el-first  \" style='border-radius:0px; '><div  class='avia-image-container  av-styling-    avia-builder-el-1  avia-builder-el-no-sibling  avia-align-center '  itemprop=\"image\" itemscope=\"itemscope\" itemtype=\"https:\/\/schema.org\/ImageObject\"  ><div class='avia-image-container-inner'><div class='avia-image-overlay-wrap'><img decoding=\"async\" class='wp-image-52283 avia-img-lazy-loading-not-52283 avia_image' src=\"https:\/\/radiorevelacionfm.cl\/wp-content\/uploads\/2025\/04\/whatsapp-image-2025-04-06-at-5_optimized.12.47-pm-1.jpeg\" alt='' title='whatsapp-image-2025-04-06-at-5_optimized.12.47-pm-(1)' height=\"620\" width=\"804\"  itemprop=\"thumbnailUrl\" srcset=\"https:\/\/radiorevelacionfm.cl\/wp-content\/uploads\/2025\/04\/whatsapp-image-2025-04-06-at-5_optimized.12.47-pm-1.jpeg 804w, https:\/\/radiorevelacionfm.cl\/wp-content\/uploads\/2025\/04\/whatsapp-image-2025-04-06-at-5_optimized.12.47-pm-1-300x231.jpeg 300w, https:\/\/radiorevelacionfm.cl\/wp-content\/uploads\/2025\/04\/whatsapp-image-2025-04-06-at-5_optimized.12.47-pm-1-768x592.jpeg 768w, https:\/\/radiorevelacionfm.cl\/wp-content\/uploads\/2025\/04\/whatsapp-image-2025-04-06-at-5_optimized.12.47-pm-1-705x544.jpeg 705w, https:\/\/radiorevelacionfm.cl\/wp-content\/uploads\/2025\/04\/whatsapp-image-2025-04-06-at-5_optimized.12.47-pm-1-450x347.jpeg 450w, https:\/\/radiorevelacionfm.cl\/wp-content\/uploads\/2025\/04\/whatsapp-image-2025-04-06-at-5_optimized.12.47-pm-1-600x463.jpeg 600w\" sizes=\"(max-width: 804px) 100vw, 804px\" \/><\/div><\/div><\/div><\/div><div class=\"flex_column av_one_full  flex_column_div av-zero-column-padding first  avia-builder-el-2  el_after_av_one_full  el_before_av_one_full  column-top-margin\" style='border-radius:0px; '><section class=\"av_textblock_section \"  itemscope=\"itemscope\" itemtype=\"https:\/\/schema.org\/BlogPosting\" itemprop=\"blogPost\" ><div class='avia_textblock  '   itemprop=\"text\" ><p style=\"text-align: center;\"><span style=\"font-size: 18pt;\"><b><span lang=\"es\">En Coyhaique la gran Corrida familiar reuni\u00f3 a 472 corredores en una jornada de actividad deportiva en la pista atl\u00e9tica del IND<\/span><\/b><\/span><\/p>\n<div id=\"gtx-trans\" style=\"position: absolute; left: -50px; top: 4.31534px;\">\n<div class=\"gtx-trans-icon\"><\/div>\n<\/div>\n<\/div><\/section><\/div><div class=\"flex_column av_one_full  flex_column_div av-zero-column-padding first  avia-builder-el-4  el_after_av_one_full  el_before_av_hr  column-top-margin\" style='border-radius:0px; '><section class=\"av_textblock_section \"  itemscope=\"itemscope\" itemtype=\"https:\/\/schema.org\/BlogPosting\" itemprop=\"blogPost\" ><div class='avia_textblock  '   itemprop=\"text\" ><p class=\"v1MsoNormal\" style=\"text-align: justify;\"><i><span lang=\"es\">La actividad principal de este a\u00f1o, la corrida gratuita m\u00e1s grande de Chile, organizada por el IND, congreg\u00f3 a m\u00e1s de 70 mil personas que corrieron de forma simult\u00e1nea en todo el pa\u00eds.<\/span><\/i><\/p>\n<p class=\"v1MsoNormal\" style=\"text-align: justify;\"><i><span lang=\"es\">Preliminarmente se estima en casi 700 mil los participantes en esta nueva versi\u00f3n del D\u00eda Nacional del Deporte. De norte a sur, el pa\u00eds se llen\u00f3 de vida con m\u00e1s de 670 actividades deportivas en espacios p\u00fablicos y al aire libre que invitaron a moverse, compartir y celebrar el poder del deporte como motor de bienestar y unidad.<\/span><\/i><\/p>\n<p class=\"v1MsoNormal\" style=\"text-align: justify;\"><span lang=\"es\">Este domingo, Chile vivi\u00f3 una jornada inolvidable con la celebraci\u00f3n del D\u00eda del Deporte 2025 con un hito a nivel nacional, donde m\u00e1s de 70 mil personas participaron simult\u00e1neamente en la corrida m\u00e1s grande de Chile, realizada en Santiago y en todas las capitales regionales del pa\u00eds, con circuitos de 2,5 y 5 kil\u00f3metros, pensados para todas las edades y niveles de experiencia.<\/span><\/p>\n<p class=\"v1MsoNormal\" style=\"text-align: justify;\"><span lang=\"es\">A la corrida realizada en la capital, que fue encabezada por el ministro del Deporte, Jaime Pizarro, se sumaron distintas autoridades a participar en ambos circuitos. Entre ellas, la ministra de Desarrollo Social y Familia, Javiera Toro, los subsecretarios de Seguridad, Rafael Collado y del Trabajo, Giorgio Boccardo, la subsecretaria del Deporte Emilia R\u00edos, el gobernador de la Regi\u00f3n Metropolitana, Claudio Orrego, el director Nacional del IND Israel Castro y el director del Comit\u00e9 Paral\u00edmpico Chile, Sebasti\u00e1n Villavicencio.<\/span><\/p>\n<p class=\"v1MsoNormal\" style=\"text-align: justify;\"><span lang=\"es\">En la segunda versi\u00f3n del D\u00eda Nacional del Deporte, aproximadamente 700 mil personas de personas se sumaron a las 670 actividades organizadas en 159 comunas del pa\u00eds, que incluyeron visitas a parques, monumentos nacionales y reservas naturales de CONAF, clases de escalada, cycling, baile entretenido, patinaje, y judo, entre muchas otras. En Santiago, durante esta semana Parquemet registr\u00f3 cerca de 40 mil personas que disfrutaron de este pulm\u00f3n verde ubicado en medio de la ciudad.<\/span><\/p>\n<p class=\"v1MsoNormal\" style=\"text-align: justify;\"><span lang=\"es\">Familias completas, j\u00f3venes, adultos mayores y personas con discapacidad se sumaron con entusiasmo a esta fiesta ciudadana, que puso en valor la actividad f\u00edsica, el uso del espacio p\u00fablico y la uni\u00f3n del pa\u00eds a trav\u00e9s del deporte.<\/span><\/p>\n<p class=\"v1MsoNormal\" style=\"text-align: justify;\"><span lang=\"es\">\u00abEl deporte nos une, nos activa y nos inspira a ser una mejor sociedad. Hoy, desde Arica a Punta Arenas, miles de personas se tomaron las calles con alegr\u00eda, en una actividad abierta, inclusiva y gratuita. Esta jornada hist\u00f3rica demuestra el poder del deporte como herramienta de encuentro y bienestar para Chile, en un evento que en su segunda edici\u00f3n masiva, ya comienza a consolidarse\u00bb, se\u00f1al\u00f3 el ministro del Deporte, Jaime Pizarro, quien particip\u00f3 de la corrida central en Santiago, que congreg\u00f3 aproximadamente a 30 mil personas.<\/span><\/p>\n<p class=\"v1MsoNormal\" style=\"text-align: justify;\"><span lang=\"es\">Por su parte, el director nacional del IND, Israel Castro, destac\u00f3 la alta convocatoria y el ambiente familiar: \u00abNos llena de orgullo ver a ni\u00f1os, j\u00f3venes, familias y personas mayores compartiendo juntos esta gran corrida. Superamos los 70 mil participantes a nivel nacional, lo que confirma que los espacios deportivos abiertos a la comunidad son clave para fomentar h\u00e1bitos saludables y fortalecer el tejido social\u00bb.<\/span><\/p>\n<p class=\"v1MsoNormal\" style=\"text-align: justify;\"><span lang=\"es\">La corrida m\u00e1s grande de Chile fue organizada por el Instituto Nacional de Deportes (IND) como parte de las actividades del D\u00eda del Deporte, una fecha instaurada para promover la actividad f\u00edsica en todo el territorio nacional. Con recorridos inclusivos, puntos de hidrataci\u00f3n y zonas de activaci\u00f3n f\u00edsica, la jornada se desarroll\u00f3 con gran entusiasmo y seguridad en las principales avenidas de cada capital regional.<\/span><\/p>\n<p class=\"v1MsoNormal\" style=\"text-align: justify;\"><b><span lang=\"es\">En Coyhaique la gran Corrida familiar reuni\u00f3 a 472 corredores en una jornada de actividad deportiva en la pista atl\u00e9tica del IND<\/span><\/b><\/p>\n<p class=\"v1MsoNormal\" style=\"text-align: justify;\"><i><span lang=\"es\">Al respecto la Seremi del Deporte se\u00f1al\u00f3 \u00abEsta ma\u00f1ana se desarroll\u00f3 en nuestra pista atl\u00e9tica de Coyhaique la Corrida M\u00e1s Grande de Chile, estamos muy contentos porque nos visitaron muchas familias, personas de todas las edades, lo tramos se desarrollaron sin ning\u00fan inconveniente y relevar adem\u00e1s que pudimos cumplir con lo que nos mandat\u00f3 el Presidente Gabriel Boric de llevar la cultura del movimiento a todos los territorios, as\u00ed que en ese sentido muy contentos como Ministerio del Deporte e IND de la convocatoria del d\u00eda de hoy en la celebraci\u00f3n del D\u00eda Nacional del Deporte\u00bb.<\/span><\/i><\/p>\n<p class=\"v1MsoNormal\" style=\"text-align: justify;\"><i><span lang=\"es\">En tanto, Javier Medina, director regional del Instituto Nacional de Deportes, precis\u00f3; \u00abEstamos felices, fue una linda actividad en un d\u00eda hermoso y s\u00f3lo agradecer a toda la comunidad que hoy particip\u00f3 con nosotros\u00bb.<\/span><\/i><\/p>\n<p class=\"v1MsoNormal\" style=\"text-align: justify;\"><span lang=\"es\">El D\u00eda del Deporte 2025 reafirma el compromiso del Estado con una pol\u00edtica p\u00fablica que pone al deporte en el centro de la vida de las personas, como motor de salud, convivencia, equidad y desarrollo humano.<\/span><\/p>\n<\/div><\/section><\/div><div  style='height:50px' class='hr hr-invisible   avia-builder-el-6  el_after_av_one_full  el_before_av_social_share '><span class='hr-inner ' ><span class='hr-inner-style'><\/span><\/span><\/div><\/p>\n<div  class='av-social-sharing-box  avia-builder-el-7  el_after_av_hr  el_before_av_hr  '><div class='av-share-box'><h5 class='av-share-link-description av-no-toc '>Compartir esta noticia<\/h5><ul class='av-share-box-list noLightbox'><li class='av-share-link av-social-link-facebook' ><a target=\"_blank\" aria-label=\"Compartir en Facebook\" href='https:\/\/www.facebook.com\/sharer.php?u=https:\/\/radiorevelacionfm.cl\/?p=52282&#038;t=En%20Coyhaique%20la%20gran%20Corrida%20familiar%20reuni%C3%B3%20a%20472%20corredores%20en%20una%20jornada%20de%20actividad%20deportiva%20en%20la%20pista%20atl%C3%A9tica%20del%20IND' aria-hidden='false' data-av_icon='\ue8f3' data-av_iconfont='entypo-fontello' title='' data-avia-related-tooltip='Compartir en Facebook' rel=\"noopener\"><span class='avia_hidden_link_text'>Compartir en Facebook<\/span><\/a><\/li><li class='av-share-link av-social-link-twitter' ><a target=\"_blank\" aria-label=\"Compartir en Twitter\" href='https:\/\/twitter.com\/share?text=En%20Coyhaique%20la%20gran%20Corrida%20familiar%20reuni%C3%B3%20a%20472%20corredores%20en%20una%20jornada%20de%20actividad%20deportiva%20en%20la%20pista%20atl%C3%A9tica%20del%20IND&#038;url=https:\/\/radiorevelacionfm.cl\/?p=52282' aria-hidden='false' data-av_icon='\ue8f1' data-av_iconfont='entypo-fontello' title='' data-avia-related-tooltip='Compartir en Twitter' rel=\"noopener\"><span class='avia_hidden_link_text'>Compartir en Twitter<\/span><\/a><\/li><li class='av-share-link av-social-link-whatsapp' ><a target=\"_blank\" aria-label=\"Compartir en Whatsapp\" href='https:\/\/api.whatsapp.com\/send?text=https:\/\/radiorevelacionfm.cl\/?p=52282' aria-hidden='false' data-av_icon='\uf232' data-av_iconfont='entypo-fontello' title='' data-avia-related-tooltip='Compartir en Whatsapp' rel=\"noopener\"><span class='avia_hidden_link_text'>Compartir en Whatsapp<\/span><\/a><\/li><li class='av-share-link av-social-link-linkedin' ><a target=\"_blank\" aria-label=\"Compartir en LinkedIn\" href='https:\/\/linkedin.com\/shareArticle?mini=true&#038;title=En%20Coyhaique%20la%20gran%20Corrida%20familiar%20reuni%C3%B3%20a%20472%20corredores%20en%20una%20jornada%20de%20actividad%20deportiva%20en%20la%20pista%20atl%C3%A9tica%20del%20IND&#038;url=https:\/\/radiorevelacionfm.cl\/?p=52282' aria-hidden='false' data-av_icon='\ue8fc' data-av_iconfont='entypo-fontello' title='' data-avia-related-tooltip='Compartir en LinkedIn' rel=\"noopener\"><span class='avia_hidden_link_text'>Compartir en LinkedIn<\/span><\/a><\/li><li class='av-share-link av-social-link-mail' ><a  aria-label=\"Compartir por correo\" href='mailto:?subject=En%20Coyhaique%20la%20gran%20Corrida%20familiar%20reuni%C3%B3%20a%20472%20corredores%20en%20una%20jornada%20de%20actividad%20deportiva%20en%20la%20pista%20atl%C3%A9tica%20del%20IND&#038;body=https:\/\/radiorevelacionfm.cl\/?p=52282' aria-hidden='false' data-av_icon='\ue805' data-av_iconfont='entypo-fontello' title='' data-avia-related-tooltip='Compartir por correo'><span class='avia_hidden_link_text'>Compartir por correo<\/span><\/a><\/li><\/ul><\/div><\/div>\n<div  style='height:50px' class='hr hr-invisible   avia-builder-el-8  el_after_av_social_share  el_before_av_comments_list '><span class='hr-inner ' ><span class='hr-inner-style'><\/span><\/span><\/div>\n<div  class='av-buildercomment  av-blog-meta-html-info-disabled av-blog-meta-tag-disabled  '><\/div>\n","protected":false},"excerpt":{"rendered":"","protected":false},"author":1,"featured_media":52283,"comment_status":"closed","ping_status":"closed","sticky":false,"template":"","format":"standard","meta":{"footnotes":""},"categories":[40],"tags":[],"class_list":["post-52282","post","type-post","status-publish","format-standard","has-post-thumbnail","hentry","category-deportes"],"jetpack_featured_media_url":"https:\/\/radiorevelacionfm.cl\/wp-content\/uploads\/2025\/04\/whatsapp-image-2025-04-06-at-5_optimized.12.47-pm-1.jpeg","_links":{"self":[{"href":"https:\/\/radiorevelacionfm.cl\/index.php?rest_route=\/wp\/v2\/posts\/52282","targetHints":{"allow":["GET"]}}],"collection":[{"href":"https:\/\/radiorevelacionfm.cl\/index.php?rest_route=\/wp\/v2\/posts"}],"about":[{"href":"https:\/\/radiorevelacionfm.cl\/index.php?rest_route=\/wp\/v2\/types\/post"}],"author":[{"embeddable":true,"href":"https:\/\/radiorevelacionfm.cl\/index.php?rest_route=\/wp\/v2\/users\/1"}],"replies":[{"embeddable":true,"href":"https:\/\/radiorevelacionfm.cl\/index.php?rest_route=%2Fwp%2Fv2%2Fcomments&post=52282"}],"version-history":[{"count":2,"href":"https:\/\/radiorevelacionfm.cl\/index.php?rest_route=\/wp\/v2\/posts\/52282\/revisions"}],"predecessor-version":[{"id":52285,"href":"https:\/\/radiorevelacionfm.cl\/index.php?rest_route=\/wp\/v2\/posts\/52282\/revisions\/52285"}],"wp:featuredmedia":[{"embeddable":true,"href":"https:\/\/radiorevelacionfm.cl\/index.php?rest_route=\/wp\/v2\/media\/52283"}],"wp:attachment":[{"href":"https:\/\/radiorevelacionfm.cl\/index.php?rest_route=%2Fwp%2Fv2%2Fmedia&parent=52282"}],"wp:term":[{"taxonomy":"category","embeddable":true,"href":"https:\/\/radiorevelacionfm.cl\/index.php?rest_route=%2Fwp%2Fv2%2Fcategories&post=52282"},{"taxonomy":"post_tag","embeddable":true,"href":"https:\/\/radiorevelacionfm.cl\/index.php?rest_route=%2Fwp%2Fv2%2Ftags&post=52282"}],"curies":[{"name":"wp","href":"https:\/\/api.w.org\/{rel}","templated":true}]}}