{"id":52268,"date":"2025-04-07T10:27:56","date_gmt":"2025-04-07T13:27:56","guid":{"rendered":"https:\/\/radiorevelacionfm.cl\/?p=52268"},"modified":"2025-04-07T10:27:56","modified_gmt":"2025-04-07T13:27:56","slug":"seremi-de-gobierno-continua-promoviendo-los-dialogos-ciudadanos-en-la-region-de-aysen","status":"publish","type":"post","link":"https:\/\/radiorevelacionfm.cl\/?p=52268","title":{"rendered":"Seremi de Gobierno contin\u00faa promoviendo los Di\u00e1logos Ciudadanos en la regi\u00f3n de Ays\u00e9n"},"content":{"rendered":"<div class=\"flex_column av_one_full  flex_column_div av-zero-column-padding first  avia-builder-el-0  el_before_av_one_full  avia-builder-el-first  \" style='border-radius:0px; '><div  class='avia-image-container  av-styling-    avia-builder-el-1  avia-builder-el-no-sibling  avia-align-center '  itemprop=\"image\" itemscope=\"itemscope\" itemtype=\"https:\/\/schema.org\/ImageObject\"  ><div class='avia-image-container-inner'><div class='avia-image-overlay-wrap'><img decoding=\"async\" class='wp-image-52269 avia-img-lazy-loading-not-52269 avia_image' src=\"https:\/\/radiorevelacionfm.cl\/wp-content\/uploads\/2025\/04\/IMG_3656-1-1.jpeg\" alt='' title='IMG_3656 (1) (1)' height=\"650\" width=\"799\"  itemprop=\"thumbnailUrl\" srcset=\"https:\/\/radiorevelacionfm.cl\/wp-content\/uploads\/2025\/04\/IMG_3656-1-1.jpeg 799w, https:\/\/radiorevelacionfm.cl\/wp-content\/uploads\/2025\/04\/IMG_3656-1-1-300x244.jpeg 300w, https:\/\/radiorevelacionfm.cl\/wp-content\/uploads\/2025\/04\/IMG_3656-1-1-768x625.jpeg 768w, https:\/\/radiorevelacionfm.cl\/wp-content\/uploads\/2025\/04\/IMG_3656-1-1-705x574.jpeg 705w, https:\/\/radiorevelacionfm.cl\/wp-content\/uploads\/2025\/04\/IMG_3656-1-1-450x366.jpeg 450w, https:\/\/radiorevelacionfm.cl\/wp-content\/uploads\/2025\/04\/IMG_3656-1-1-600x488.jpeg 600w\" sizes=\"(max-width: 799px) 100vw, 799px\" \/><\/div><\/div><\/div><\/div>\n<div class=\"flex_column av_one_full  flex_column_div av-zero-column-padding first  avia-builder-el-2  el_after_av_one_full  el_before_av_one_full  column-top-margin\" style='border-radius:0px; '><section class=\"av_textblock_section \"  itemscope=\"itemscope\" itemtype=\"https:\/\/schema.org\/BlogPosting\" itemprop=\"blogPost\" ><div class='avia_textblock  '   itemprop=\"text\" ><p style=\"text-align: center;\"><strong><span style=\"font-size: 18pt;\">Seremi de Gobierno contin\u00faa promoviendo los Di\u00e1logos Ciudadanos en la regi\u00f3n de Ays\u00e9n<\/span><\/strong><\/p>\n<div id=\"gtx-trans\" style=\"position: absolute; left: -50px; top: 4.31534px;\">\n<div class=\"gtx-trans-icon\"><\/div>\n<\/div>\n<\/div><\/section><\/div><div class=\"flex_column av_one_full  flex_column_div av-zero-column-padding first  avia-builder-el-4  el_after_av_one_full  el_before_av_hr  column-top-margin\" style='border-radius:0px; '><section class=\"av_textblock_section \"  itemscope=\"itemscope\" itemtype=\"https:\/\/schema.org\/BlogPosting\" itemprop=\"blogPost\" ><div class='avia_textblock  '   itemprop=\"text\" ><p style=\"text-align: justify;\">La Divisi\u00f3n de Organizaciones Sociales (DOS) de la Secretar\u00eda Regional Ministerial de Gobierno trabaja para fortalecer la relaci\u00f3n entre el Gobierno y las organizaciones sociales, promoviendo la participaci\u00f3n ciudadana en la gesti\u00f3n de pol\u00edticas p\u00fablicas. En este marco, organiza di\u00e1logos ciudadanos para acercar a la ciudadan\u00eda a los proyectos, planes y programas del Estado y el Gobierno, los cuales tienen un impacto directo en su vida cotidiana.<\/p>\n<p style=\"text-align: justify;\">Temas como la Reforma de Pensiones, la jornada laboral de 40 horas y el Pago de Pensi\u00f3n de Alimentos ya han sido abordados, y se sumar\u00e1n nuevas conversaciones sobre el Financiamiento para la Educaci\u00f3n Superior (FES) y el Sistema Nacional de Apoyos y Cuidados, conocido como Chile Cuida.<\/p>\n<p style=\"text-align: justify;\">La Seremi de Gobierno destac\u00f3 la relevancia de estos espacios de participaci\u00f3n, se\u00f1alando que \u00abla participaci\u00f3n ciudadana es esencial para fortalecer la democracia y asegurar que las pol\u00edticas p\u00fablicas respondan a las necesidades reales de la comunidad\u00bb. Adem\u00e1s, subray\u00f3 que estos di\u00e1logos permiten a las personas expresar sus inquietudes, proponer soluciones y colaborar en la toma de decisiones que afectan su entorno. La participaci\u00f3n activa tambi\u00e9n promueve la inclusi\u00f3n, dando voz a aquellos grupos que habitualmente est\u00e1n al margen de los espacios tradicionales de poder.<\/p>\n<p style=\"text-align: justify;\">El di\u00e1logo sobre el Financiamiento para la Educaci\u00f3n Superior (FES) tiene como objetivo informar a la ciudadan\u00eda acerca del proyecto de ley que pondr\u00e1 fin al Cr\u00e9dito con Aval del Estado (CAE) y establecer\u00e1 un nuevo sistema de financiamiento p\u00fablico para la educaci\u00f3n superior. Este espacio tambi\u00e9n servir\u00e1 para resolver dudas, recibir propuestas y conocer las necesidades de quienes est\u00e1n actualmente endeudados, as\u00ed como de futuros estudiantes y sus familias.<\/p>\n<p style=\"text-align: justify;\">Por su parte, el programa Chile Cuida, que forma parte del cuarto pilar de la protecci\u00f3n social, ofrece una red de servicios y programas del Estado para apoyar a las personas que requieren cuidados especiales. Este sistema complementa los pilares de salud, educaci\u00f3n y pensiones, con el fin de asegurar que todas las personas puedan acceder a los apoyos necesarios para su bienestar y desarrollo.<\/p>\n<p style=\"text-align: justify;\">Para organizar un di\u00e1logo en tu comunidad, puedes contactar a la Seremi de Gobierno al +56967613657, a trav\u00e9s de redes sociales o visitando la oficina en Ogana 798.<\/p>\n<\/div><\/section><\/div><\/p>\n<div  style='height:50px' class='hr hr-invisible   avia-builder-el-6  el_after_av_one_full  el_before_av_social_share '><span class='hr-inner ' ><span class='hr-inner-style'><\/span><\/span><\/div>\n<div  class='av-social-sharing-box  avia-builder-el-7  el_after_av_hr  el_before_av_hr  '><div class='av-share-box'><h5 class='av-share-link-description av-no-toc '>Compartir esta noticia<\/h5><ul class='av-share-box-list noLightbox'><li class='av-share-link av-social-link-facebook' ><a target=\"_blank\" aria-label=\"Compartir en Facebook\" href='https:\/\/www.facebook.com\/sharer.php?u=https:\/\/radiorevelacionfm.cl\/?p=52268&#038;t=Seremi%20de%20Gobierno%20contin%C3%BAa%20promoviendo%20los%20Di%C3%A1logos%20Ciudadanos%20en%20la%20regi%C3%B3n%20de%20Ays%C3%A9n' aria-hidden='false' data-av_icon='\ue8f3' data-av_iconfont='entypo-fontello' title='' data-avia-related-tooltip='Compartir en Facebook' rel=\"noopener\"><span class='avia_hidden_link_text'>Compartir en Facebook<\/span><\/a><\/li><li class='av-share-link av-social-link-twitter' ><a target=\"_blank\" aria-label=\"Compartir en Twitter\" href='https:\/\/twitter.com\/share?text=Seremi%20de%20Gobierno%20contin%C3%BAa%20promoviendo%20los%20Di%C3%A1logos%20Ciudadanos%20en%20la%20regi%C3%B3n%20de%20Ays%C3%A9n&#038;url=https:\/\/radiorevelacionfm.cl\/?p=52268' aria-hidden='false' data-av_icon='\ue8f1' data-av_iconfont='entypo-fontello' title='' data-avia-related-tooltip='Compartir en Twitter' rel=\"noopener\"><span class='avia_hidden_link_text'>Compartir en Twitter<\/span><\/a><\/li><li class='av-share-link av-social-link-whatsapp' ><a target=\"_blank\" aria-label=\"Compartir en Whatsapp\" href='https:\/\/api.whatsapp.com\/send?text=https:\/\/radiorevelacionfm.cl\/?p=52268' aria-hidden='false' data-av_icon='\uf232' data-av_iconfont='entypo-fontello' title='' data-avia-related-tooltip='Compartir en Whatsapp' rel=\"noopener\"><span class='avia_hidden_link_text'>Compartir en Whatsapp<\/span><\/a><\/li><li class='av-share-link av-social-link-linkedin' ><a target=\"_blank\" aria-label=\"Compartir en LinkedIn\" href='https:\/\/linkedin.com\/shareArticle?mini=true&#038;title=Seremi%20de%20Gobierno%20contin%C3%BAa%20promoviendo%20los%20Di%C3%A1logos%20Ciudadanos%20en%20la%20regi%C3%B3n%20de%20Ays%C3%A9n&#038;url=https:\/\/radiorevelacionfm.cl\/?p=52268' aria-hidden='false' data-av_icon='\ue8fc' data-av_iconfont='entypo-fontello' title='' data-avia-related-tooltip='Compartir en LinkedIn' rel=\"noopener\"><span class='avia_hidden_link_text'>Compartir en LinkedIn<\/span><\/a><\/li><li class='av-share-link av-social-link-mail' ><a  aria-label=\"Compartir por correo\" href='mailto:?subject=Seremi%20de%20Gobierno%20contin%C3%BAa%20promoviendo%20los%20Di%C3%A1logos%20Ciudadanos%20en%20la%20regi%C3%B3n%20de%20Ays%C3%A9n&#038;body=https:\/\/radiorevelacionfm.cl\/?p=52268' aria-hidden='false' data-av_icon='\ue805' data-av_iconfont='entypo-fontello' title='' data-avia-related-tooltip='Compartir por correo'><span class='avia_hidden_link_text'>Compartir por correo<\/span><\/a><\/li><\/ul><\/div><\/div>\n<div  style='height:50px' class='hr hr-invisible   avia-builder-el-8  el_after_av_social_share  el_before_av_comments_list '><span class='hr-inner ' ><span class='hr-inner-style'><\/span><\/span><\/div>\n<div  class='av-buildercomment  av-blog-meta-html-info-disabled av-blog-meta-tag-disabled  '><\/div>\n","protected":false},"excerpt":{"rendered":"","protected":false},"author":1,"featured_media":52269,"comment_status":"closed","ping_status":"closed","sticky":false,"template":"","format":"standard","meta":{"footnotes":""},"categories":[38],"tags":[],"class_list":["post-52268","post","type-post","status-publish","format-standard","has-post-thumbnail","hentry","category-regional"],"jetpack_featured_media_url":"https:\/\/radiorevelacionfm.cl\/wp-content\/uploads\/2025\/04\/IMG_3656-1-1.jpeg","_links":{"self":[{"href":"https:\/\/radiorevelacionfm.cl\/index.php?rest_route=\/wp\/v2\/posts\/52268","targetHints":{"allow":["GET"]}}],"collection":[{"href":"https:\/\/radiorevelacionfm.cl\/index.php?rest_route=\/wp\/v2\/posts"}],"about":[{"href":"https:\/\/radiorevelacionfm.cl\/index.php?rest_route=\/wp\/v2\/types\/post"}],"author":[{"embeddable":true,"href":"https:\/\/radiorevelacionfm.cl\/index.php?rest_route=\/wp\/v2\/users\/1"}],"replies":[{"embeddable":true,"href":"https:\/\/radiorevelacionfm.cl\/index.php?rest_route=%2Fwp%2Fv2%2Fcomments&post=52268"}],"version-history":[{"count":3,"href":"https:\/\/radiorevelacionfm.cl\/index.php?rest_route=\/wp\/v2\/posts\/52268\/revisions"}],"predecessor-version":[{"id":52277,"href":"https:\/\/radiorevelacionfm.cl\/index.php?rest_route=\/wp\/v2\/posts\/52268\/revisions\/52277"}],"wp:featuredmedia":[{"embeddable":true,"href":"https:\/\/radiorevelacionfm.cl\/index.php?rest_route=\/wp\/v2\/media\/52269"}],"wp:attachment":[{"href":"https:\/\/radiorevelacionfm.cl\/index.php?rest_route=%2Fwp%2Fv2%2Fmedia&parent=52268"}],"wp:term":[{"taxonomy":"category","embeddable":true,"href":"https:\/\/radiorevelacionfm.cl\/index.php?rest_route=%2Fwp%2Fv2%2Fcategories&post=52268"},{"taxonomy":"post_tag","embeddable":true,"href":"https:\/\/radiorevelacionfm.cl\/index.php?rest_route=%2Fwp%2Fv2%2Ftags&post=52268"}],"curies":[{"name":"wp","href":"https:\/\/api.w.org\/{rel}","templated":true}]}}