{"id":52264,"date":"2025-04-06T21:48:01","date_gmt":"2025-04-07T00:48:01","guid":{"rendered":"https:\/\/radiorevelacionfm.cl\/?p=52264"},"modified":"2025-04-06T21:48:01","modified_gmt":"2025-04-07T00:48:01","slug":"sandoval-critica-visita-de-vicepresidente-elizalde-a-la-region-de-aysen-y-dice-que-se-perdio-una-oportunidad-para-haber-atendido-las-demandas-locales","status":"publish","type":"post","link":"https:\/\/radiorevelacionfm.cl\/?p=52264","title":{"rendered":"Sandoval critica visita de vicepresidente Elizalde a la regi\u00f3n de Ays\u00e9n y dice que \u201cse perdi\u00f3 una oportunidad\u201d para haber atendido las demandas locales"},"content":{"rendered":"<div class=\"flex_column av_one_full  flex_column_div av-zero-column-padding first  avia-builder-el-0  el_before_av_one_full  avia-builder-el-first  \" style='border-radius:0px; '><div  class='avia-image-container  av-styling-    avia-builder-el-1  avia-builder-el-no-sibling  avia-align-center '  itemprop=\"image\" itemscope=\"itemscope\" itemtype=\"https:\/\/schema.org\/ImageObject\"  ><div class='avia-image-container-inner'><div class='avia-image-overlay-wrap'><img decoding=\"async\" class='wp-image-52265 avia-img-lazy-loading-not-52265 avia_image' src=\"https:\/\/radiorevelacionfm.cl\/wp-content\/uploads\/2025\/04\/SENADOR-SANDOVAL-06.04.2025-1-1.jpg\" alt='' title='SENADOR SANDOVAL 06.04.2025 (1) (1)' height=\"600\" width=\"730\"  itemprop=\"thumbnailUrl\" srcset=\"https:\/\/radiorevelacionfm.cl\/wp-content\/uploads\/2025\/04\/SENADOR-SANDOVAL-06.04.2025-1-1.jpg 730w, https:\/\/radiorevelacionfm.cl\/wp-content\/uploads\/2025\/04\/SENADOR-SANDOVAL-06.04.2025-1-1-300x247.jpg 300w, https:\/\/radiorevelacionfm.cl\/wp-content\/uploads\/2025\/04\/SENADOR-SANDOVAL-06.04.2025-1-1-705x579.jpg 705w, https:\/\/radiorevelacionfm.cl\/wp-content\/uploads\/2025\/04\/SENADOR-SANDOVAL-06.04.2025-1-1-450x370.jpg 450w, https:\/\/radiorevelacionfm.cl\/wp-content\/uploads\/2025\/04\/SENADOR-SANDOVAL-06.04.2025-1-1-600x493.jpg 600w\" sizes=\"(max-width: 730px) 100vw, 730px\" \/><\/div><\/div><\/div><\/div><div class=\"flex_column av_one_full  flex_column_div av-zero-column-padding first  avia-builder-el-2  el_after_av_one_full  el_before_av_one_full  column-top-margin\" style='border-radius:0px; '><section class=\"av_textblock_section \"  itemscope=\"itemscope\" itemtype=\"https:\/\/schema.org\/BlogPosting\" itemprop=\"blogPost\" ><div class='avia_textblock  '   itemprop=\"text\" ><p style=\"text-align: center;\"><strong><span style=\"font-size: 18pt;\">Sandoval critica visita de vicepresidente Elizalde a la regi\u00f3n de Ays\u00e9n y dice que \u201cse perdi\u00f3 una oportunidad\u201d para haber atendido las demandas locales\u00a0<\/span><\/strong><\/p>\n<div id=\"gtx-trans\" style=\"position: absolute; left: -50px; top: 4.31534px;\">\n<div class=\"gtx-trans-icon\"><\/div>\n<\/div>\n<\/div><\/section><\/div><div class=\"flex_column av_one_full  flex_column_div av-zero-column-padding first  avia-builder-el-4  el_after_av_one_full  el_before_av_hr  column-top-margin\" style='border-radius:0px; '><section class=\"av_textblock_section \"  itemscope=\"itemscope\" itemtype=\"https:\/\/schema.org\/BlogPosting\" itemprop=\"blogPost\" ><div class='avia_textblock  '   itemprop=\"text\" ><p style=\"text-align: justify;\">\u201cLamento sinceramente que la regi\u00f3n de Ays\u00e9n haya perdido una oportunidad de tener una autoridad pol\u00edtica nacional para tratar los temas que realmente le interesan a la regi\u00f3n\u201d. As\u00ed lo afirm\u00f3 el senador David Sandoval, luego de la visita que realizara en los \u00faltimos d\u00edas el vicepresidente de la Rep\u00fablica, \u00c1lvaro Elizalde, junto a otras autoridades sectoriales.<\/p>\n<p style=\"text-align: justify;\">El parlamentario se\u00f1al\u00f3 que entiende que los ministros fueron instruidos a desplegarse por el pa\u00eds para \u201chablar sobre el enorme legado que este gobierno le est\u00e1 entregando a Chile\u201d, pero donde realmente todos se est\u00e1n preguntando \u201cqu\u00e9 es lo que pasa\u201d, por ejemplo, en materia de seguridad. \u201cSe informaba de las cifras de homicidio en Chile, con 1207 asesinatos en nuestro pa\u00eds en 2024 (\u2026). Esos son los temas que nosotros estamos viendo\u201d, puntualiz\u00f3.<\/p>\n<p style=\"text-align: justify;\">\u201cYo no s\u00e9 a qu\u00e9 vino el vicepresidente de la Rep\u00fablica, ministro del Interior, a la regi\u00f3n de esa Ays\u00e9n, cuando aqu\u00ed tenemos tantos temas que tratar en materia de conectividad, en materia de desarrollo, en materia de crecimiento de diferentes \u00e1mbitos, hay temas mucho m\u00e1s relevantes, yo no entiendo la agenda\u201d, cuestion\u00f3.<\/p>\n<p style=\"text-align: justify;\">A su juicio fue tan injustificada e improductiva la visita de autoridades nacionales a la regi\u00f3n de Ays\u00e9n, \u201cdonde si alguien pretendi\u00f3 con esto destacar o relevar el legado que va a entregar el actual gobierno, bueno, en la regi\u00f3n el legado es bastante pobre\u201d.<\/p>\n<p style=\"text-align: justify;\">En ese sentido, lament\u00f3 que los mismos dirigentes del sector Pangal, reclamaron que no fueron invitados para participar de actividad donde Subsecretario de Obras P\u00fablicas, Danilo Nu\u00f1ez, supervis\u00f3 los trabajos de instalaci\u00f3n de un puente mecano en el sector del R\u00edo Pangal, entendiendo que es una obra anhelada por a\u00f1os. \u201cNo los invitaron a los propios dirigentes, entonces son las cosas que no se entienden de un gobierno que se habla tan ciudadano, que tanto escucha la gente, (pero) tan alejado realmente de las comunidades\u201d, subray\u00f3.<\/p>\n<p style=\"text-align: justify;\"><strong>Destituci\u00f3n senadora Isabel Allende <\/strong><\/p>\n<p style=\"text-align: justify;\">En otro de los temas que marcaron la agenda pol\u00edtica de los \u00faltimos d\u00edas, el senador Sandoval tambi\u00e9n se refiri\u00f3 a la destituci\u00f3n de la senadora Isabel Allende, luego que el Tribunal Constitucional (TC) aprobara el requerimiento en el marco de la fallida compraventa de la casa de su padre, el exmandatario Salvador Allende. \u201cEs una potente se\u00f1al pol\u00edtica y para que la gente sepa que nadie est\u00e1 por sobre la ley, independiente quien sea, la historia que hay detr\u00e1s y les guste o no a algunos\u201d, concluy\u00f3.<\/p>\n<\/div><\/section><\/div><div  style='height:50px' class='hr hr-invisible   avia-builder-el-6  el_after_av_one_full  el_before_av_social_share '><span class='hr-inner ' ><span class='hr-inner-style'><\/span><\/span><\/div><\/p>\n<div  class='av-social-sharing-box  avia-builder-el-7  el_after_av_hr  el_before_av_hr  '><div class='av-share-box'><h5 class='av-share-link-description av-no-toc '>Compartir esta noticia<\/h5><ul class='av-share-box-list noLightbox'><li class='av-share-link av-social-link-facebook' ><a target=\"_blank\" aria-label=\"Compartir en Facebook\" href='https:\/\/www.facebook.com\/sharer.php?u=https:\/\/radiorevelacionfm.cl\/?p=52264&#038;t=Sandoval%20critica%20visita%20de%20vicepresidente%20Elizalde%20a%20la%20regi%C3%B3n%20de%20Ays%C3%A9n%20y%20dice%20que%20%E2%80%9Cse%20perdi%C3%B3%20una%20oportunidad%E2%80%9D%20para%20haber%20atendido%20las%20demandas%20locales' aria-hidden='false' data-av_icon='\ue8f3' data-av_iconfont='entypo-fontello' title='' data-avia-related-tooltip='Compartir en Facebook' rel=\"noopener\"><span class='avia_hidden_link_text'>Compartir en Facebook<\/span><\/a><\/li><li class='av-share-link av-social-link-twitter' ><a target=\"_blank\" aria-label=\"Compartir en Twitter\" href='https:\/\/twitter.com\/share?text=Sandoval%20critica%20visita%20de%20vicepresidente%20Elizalde%20a%20la%20regi%C3%B3n%20de%20Ays%C3%A9n%20y%20dice%20que%20%E2%80%9Cse%20perdi%C3%B3%20una%20oportunidad%E2%80%9D%20para%20haber%20atendido%20las%20demandas%20locales&#038;url=https:\/\/radiorevelacionfm.cl\/?p=52264' aria-hidden='false' data-av_icon='\ue8f1' data-av_iconfont='entypo-fontello' title='' data-avia-related-tooltip='Compartir en Twitter' rel=\"noopener\"><span class='avia_hidden_link_text'>Compartir en Twitter<\/span><\/a><\/li><li class='av-share-link av-social-link-whatsapp' ><a target=\"_blank\" aria-label=\"Compartir en Whatsapp\" href='https:\/\/api.whatsapp.com\/send?text=https:\/\/radiorevelacionfm.cl\/?p=52264' aria-hidden='false' data-av_icon='\uf232' data-av_iconfont='entypo-fontello' title='' data-avia-related-tooltip='Compartir en Whatsapp' rel=\"noopener\"><span class='avia_hidden_link_text'>Compartir en Whatsapp<\/span><\/a><\/li><li class='av-share-link av-social-link-linkedin' ><a target=\"_blank\" aria-label=\"Compartir en LinkedIn\" href='https:\/\/linkedin.com\/shareArticle?mini=true&#038;title=Sandoval%20critica%20visita%20de%20vicepresidente%20Elizalde%20a%20la%20regi%C3%B3n%20de%20Ays%C3%A9n%20y%20dice%20que%20%E2%80%9Cse%20perdi%C3%B3%20una%20oportunidad%E2%80%9D%20para%20haber%20atendido%20las%20demandas%20locales&#038;url=https:\/\/radiorevelacionfm.cl\/?p=52264' aria-hidden='false' data-av_icon='\ue8fc' data-av_iconfont='entypo-fontello' title='' data-avia-related-tooltip='Compartir en LinkedIn' rel=\"noopener\"><span class='avia_hidden_link_text'>Compartir en LinkedIn<\/span><\/a><\/li><li class='av-share-link av-social-link-mail' ><a  aria-label=\"Compartir por correo\" href='mailto:?subject=Sandoval%20critica%20visita%20de%20vicepresidente%20Elizalde%20a%20la%20regi%C3%B3n%20de%20Ays%C3%A9n%20y%20dice%20que%20%E2%80%9Cse%20perdi%C3%B3%20una%20oportunidad%E2%80%9D%20para%20haber%20atendido%20las%20demandas%20locales&#038;body=https:\/\/radiorevelacionfm.cl\/?p=52264' aria-hidden='false' data-av_icon='\ue805' data-av_iconfont='entypo-fontello' title='' data-avia-related-tooltip='Compartir por correo'><span class='avia_hidden_link_text'>Compartir por correo<\/span><\/a><\/li><\/ul><\/div><\/div>\n<div  style='height:50px' class='hr hr-invisible   avia-builder-el-8  el_after_av_social_share  el_before_av_comments_list '><span class='hr-inner ' ><span class='hr-inner-style'><\/span><\/span><\/div>\n<div  class='av-buildercomment  av-blog-meta-html-info-disabled av-blog-meta-tag-disabled  '><\/div>\n","protected":false},"excerpt":{"rendered":"","protected":false},"author":1,"featured_media":52265,"comment_status":"closed","ping_status":"closed","sticky":false,"template":"","format":"standard","meta":{"footnotes":""},"categories":[35],"tags":[],"class_list":["post-52264","post","type-post","status-publish","format-standard","has-post-thumbnail","hentry","category-politica"],"jetpack_featured_media_url":"https:\/\/radiorevelacionfm.cl\/wp-content\/uploads\/2025\/04\/SENADOR-SANDOVAL-06.04.2025-1-1.jpg","_links":{"self":[{"href":"https:\/\/radiorevelacionfm.cl\/index.php?rest_route=\/wp\/v2\/posts\/52264","targetHints":{"allow":["GET"]}}],"collection":[{"href":"https:\/\/radiorevelacionfm.cl\/index.php?rest_route=\/wp\/v2\/posts"}],"about":[{"href":"https:\/\/radiorevelacionfm.cl\/index.php?rest_route=\/wp\/v2\/types\/post"}],"author":[{"embeddable":true,"href":"https:\/\/radiorevelacionfm.cl\/index.php?rest_route=\/wp\/v2\/users\/1"}],"replies":[{"embeddable":true,"href":"https:\/\/radiorevelacionfm.cl\/index.php?rest_route=%2Fwp%2Fv2%2Fcomments&post=52264"}],"version-history":[{"count":2,"href":"https:\/\/radiorevelacionfm.cl\/index.php?rest_route=\/wp\/v2\/posts\/52264\/revisions"}],"predecessor-version":[{"id":52267,"href":"https:\/\/radiorevelacionfm.cl\/index.php?rest_route=\/wp\/v2\/posts\/52264\/revisions\/52267"}],"wp:featuredmedia":[{"embeddable":true,"href":"https:\/\/radiorevelacionfm.cl\/index.php?rest_route=\/wp\/v2\/media\/52265"}],"wp:attachment":[{"href":"https:\/\/radiorevelacionfm.cl\/index.php?rest_route=%2Fwp%2Fv2%2Fmedia&parent=52264"}],"wp:term":[{"taxonomy":"category","embeddable":true,"href":"https:\/\/radiorevelacionfm.cl\/index.php?rest_route=%2Fwp%2Fv2%2Fcategories&post=52264"},{"taxonomy":"post_tag","embeddable":true,"href":"https:\/\/radiorevelacionfm.cl\/index.php?rest_route=%2Fwp%2Fv2%2Ftags&post=52264"}],"curies":[{"name":"wp","href":"https:\/\/api.w.org\/{rel}","templated":true}]}}